{"id":10,"date":"2020-11-14T18:54:00","date_gmt":"2020-11-14T23:54:00","guid":{"rendered":"https:\/\/grievingmaman.com\/?p=10"},"modified":"2022-08-06T14:41:39","modified_gmt":"2022-08-06T18:41:39","slug":"vigil","status":"publish","type":"post","link":"https:\/\/grievingmaman.com\/fr\/2020\/11\/14\/vigil\/","title":{"rendered":"Zacka\u00ebl&#8217;s vigil &#8211; Vigile en m\u00e9moire de Zacka\u00ebl"},"content":{"rendered":"<p class=\"has-normal-font-size wp-block-paragraph\"><strong><em>English follows&#8230;<\/em><\/strong><\/p>\n\n\n\n<p class=\"has-normal-font-size wp-block-paragraph\"><mark style=\"background-color:rgba(0, 0, 0, 0);color:#29702b;\" class=\"has-inline-color\">La vigile en m\u00e9moire de Zacka\u00ebl a eu lieu vendredi soir le 13 novembre 2020.  Un \u00e9norme merci pour tous ceux et celles qui sont venus. C&#8217;\u00e9tait une soir\u00e9e m\u00e9morable&#8230;. plus \u00e0 venir \u00e0 propos de cette soir\u00e9e!<br><br>\u00c0 noter que nous continuerons d&#8217;allumer les chandelles de la petite pr\u00e9sentation avec photo que nous avons pr\u00e9par\u00e9e, jusqu&#8217;au 17 novembre. Venez allumer une chandelle ou lampe solaire en sa m\u00e9moire, la pr\u00e9sentation est \u00e0 Ottawa jusqu&#8217;au 17 novembre.<\/mark> <\/p>\n\n\n\n<figure class=\"wp-block-image size-large\"><img data-recalc-dims=\"1\" fetchpriority=\"high\" decoding=\"async\" width=\"706\" height=\"1024\" data-attachment-id=\"1039\" data-permalink=\"https:\/\/grievingmaman.com\/fr\/2020\/11\/14\/vigil\/img_3066-1\/\" data-orig-file=\"https:\/\/i0.wp.com\/grievingmaman.com\/wp-content\/uploads\/2021\/01\/IMG_3066-1.jpg?fit=3751%2C5444&amp;ssl=1\" data-orig-size=\"3751,5444\" data-comments-opened=\"1\" data-image-meta=\"{&quot;aperture&quot;:&quot;5.6&quot;,&quot;credit&quot;:&quot;&quot;,&quot;camera&quot;:&quot;Canon EOS Rebel T7i&quot;,&quot;caption&quot;:&quot;&quot;,&quot;created_timestamp&quot;:&quot;1605304667&quot;,&quot;copyright&quot;:&quot;&quot;,&quot;focal_length&quot;:&quot;18&quot;,&quot;iso&quot;:&quot;12800&quot;,&quot;shutter_speed&quot;:&quot;0.05&quot;,&quot;title&quot;:&quot;&quot;,&quot;orientation&quot;:&quot;1&quot;}\" data-image-title=\"Zacka\u00ebl Vigile Memorial for a child\" data-image-description=\"&lt;p&gt;M\u00e9morial enfant Zacka\u00ebl Vigile Memorial for a child candlelight&lt;\/p&gt;\" data-image-caption=\"\" data-large-file=\"https:\/\/i0.wp.com\/grievingmaman.com\/wp-content\/uploads\/2021\/01\/IMG_3066-1.jpg?fit=706%2C1024&amp;ssl=1\" src=\"https:\/\/i0.wp.com\/grievingmaman.com\/wp-content\/uploads\/2021\/01\/IMG_3066-1.jpg?resize=706%2C1024&#038;ssl=1\" alt=\"Zacka\u00ebl Vigile Memorial for a child\" class=\"wp-image-1039\" srcset=\"https:\/\/i0.wp.com\/grievingmaman.com\/wp-content\/uploads\/2021\/01\/IMG_3066-1.jpg?resize=706%2C1024&amp;ssl=1 706w, https:\/\/i0.wp.com\/grievingmaman.com\/wp-content\/uploads\/2021\/01\/IMG_3066-1.jpg?resize=207%2C300&amp;ssl=1 207w, https:\/\/i0.wp.com\/grievingmaman.com\/wp-content\/uploads\/2021\/01\/IMG_3066-1.jpg?resize=768%2C1115&amp;ssl=1 768w, https:\/\/i0.wp.com\/grievingmaman.com\/wp-content\/uploads\/2021\/01\/IMG_3066-1.jpg?resize=1058%2C1536&amp;ssl=1 1058w, https:\/\/i0.wp.com\/grievingmaman.com\/wp-content\/uploads\/2021\/01\/IMG_3066-1.jpg?resize=1411%2C2048&amp;ssl=1 1411w, https:\/\/i0.wp.com\/grievingmaman.com\/wp-content\/uploads\/2021\/01\/IMG_3066-1.jpg?resize=1200%2C1742&amp;ssl=1 1200w, https:\/\/i0.wp.com\/grievingmaman.com\/wp-content\/uploads\/2021\/01\/IMG_3066-1.jpg?resize=720%2C1045&amp;ssl=1 720w, https:\/\/i0.wp.com\/grievingmaman.com\/wp-content\/uploads\/2021\/01\/IMG_3066-1.jpg?w=2000&amp;ssl=1 2000w, https:\/\/i0.wp.com\/grievingmaman.com\/wp-content\/uploads\/2021\/01\/IMG_3066-1.jpg?w=3000&amp;ssl=1 3000w\" sizes=\"(max-width: 706px) 100vw, 706px\" \/><\/figure>\n\n\n\n<p class=\"wp-block-paragraph\"><mark style=\"background-color:rgba(0, 0, 0, 0);color:#232d79;\" class=\"has-inline-color\">A vigil in memory of Zacka\u00ebl took place on Friday night November 13 2020. A huge thank you to everyone who came. It was a memorable evening \u2026. more to come on about the vigil! <\/mark><br><br><mark style=\"background-color:rgba(0, 0, 0, 0);color:#232d79;\" class=\"has-inline-color\">Please note that we will continue to light the candles for the beautiful display we have prepared, until November 17. Come light a candle or bring a solar lamp in his memory. It is located  in Ottawa.<\/mark><\/p>\n\n\n\n<p class=\"wp-block-paragraph\"><\/p>\n\n\n\n<p class=\"wp-block-paragraph\"><\/p>","protected":false},"excerpt":{"rendered":"<p>English follows&#8230; La vigile en m\u00e9moire de Zacka\u00ebl a eu lieu vendredi soir le 13 novembre 2020. Un \u00e9norme merci pour tous ceux et celles qui sont venus. C&#8217;\u00e9tait une soir\u00e9e m\u00e9morable&#8230;. plus \u00e0 venir \u00e0 propos de cette soir\u00e9e! \u00c0 noter que nous continuerons d&#8217;allumer les chandelles de la petite pr\u00e9sentation avec photo que [&hellip;]<\/p>","protected":false},"author":185178740,"featured_media":304,"comment_status":"open","ping_status":"open","sticky":false,"template":"","format":"standard","meta":{"_coblocks_attr":"","_coblocks_dimensions":"","_coblocks_responsive_height":"","_coblocks_accordion_ie_support":"","_crdt_document":"","_jetpack_newsletter_access":"","_jetpack_dont_email_post_to_subs":false,"_jetpack_newsletter_tier_id":0,"_jetpack_memberships_contains_paywalled_content":false,"_jetpack_memberships_contains_paid_content":false,"footnotes":"","jetpack_publicize_message":"","jetpack_publicize_feature_enabled":true,"jetpack_social_post_already_shared":false,"jetpack_social_options":{"image_generator_settings":{"template":"highway","default_image_id":0,"font":"","enabled":false},"version":2},"_wpas_customize_per_network":false,"jetpack_post_was_ever_published":false},"categories":[16950,96,700495868],"tags":[708033910,708033913],"class_list":["post-10","post","type-post","status-publish","format-standard","has-post-thumbnail","hentry","category-grief","category-journal","category-zackael","tag-journal","tag-zackael"],"yoast_head":"<!-- This site is optimized with the Yoast SEO plugin v27.5 - https:\/\/yoast.com\/product\/yoast-seo-wordpress\/ -->\n<title>Zacka\u00ebl&#039;s vigil - Vigile en m\u00e9moire de Zacka\u00ebl &#8211; Grieving maman<\/title>\n<meta name=\"description\" content=\"English follows... La vigile en m\u00e9moire de Zacka\u00ebl a eu lieu vendredi soir le 13 novembre 2020. Un \u00e9norme merci pour tous ceux et celles qui sont venus.\" \/>\n<meta name=\"robots\" content=\"index, follow, max-snippet:-1, max-image-preview:large, max-video-preview:-1\" \/>\n<link rel=\"canonical\" href=\"https:\/\/grievingmaman.com\/fr\/2020\/11\/14\/vigil\/\" \/>\n<meta property=\"og:locale\" content=\"fr_CA\" \/>\n<meta property=\"og:type\" content=\"article\" \/>\n<meta property=\"og:title\" content=\"Zacka\u00ebl&#039;s vigil - Vigile en m\u00e9moire de Zacka\u00ebl &#8211; Grieving maman\" \/>\n<meta property=\"og:description\" content=\"English follows... La vigile en m\u00e9moire de Zacka\u00ebl a eu lieu vendredi soir le 13 novembre 2020. Un \u00e9norme merci pour tous ceux et celles qui sont venus.\" \/>\n<meta property=\"og:url\" content=\"https:\/\/grievingmaman.com\/fr\/2020\/11\/14\/vigil\/\" \/>\n<meta property=\"og:site_name\" content=\"Grieving maman\" \/>\n<meta property=\"article:published_time\" content=\"2020-11-14T23:54:00+00:00\" \/>\n<meta property=\"article:modified_time\" content=\"2022-08-06T18:41:39+00:00\" \/>\n<meta property=\"og:image\" content=\"https:\/\/i0.wp.com\/grievingmaman.com\/wp-content\/uploads\/2020\/11\/img_3071.jpg?fit=1024%2C683&ssl=1\" \/>\n\t<meta property=\"og:image:width\" content=\"1024\" \/>\n\t<meta property=\"og:image:height\" content=\"683\" \/>\n\t<meta property=\"og:image:type\" content=\"image\/jpeg\" \/>\n<meta name=\"author\" content=\"Brigitte Lehoux\" \/>\n<meta name=\"twitter:card\" content=\"summary_large_image\" \/>\n<meta name=\"twitter:label1\" content=\"\u00c9crit par\" \/>\n\t<meta name=\"twitter:data1\" content=\"Brigitte Lehoux\" \/>\n\t<meta name=\"twitter:label2\" content=\"Estimation du temps de lecture\" \/>\n\t<meta name=\"twitter:data2\" content=\"1 minute\" \/>\n<script type=\"application\/ld+json\" class=\"yoast-schema-graph\">{\"@context\":\"https:\\\/\\\/schema.org\",\"@graph\":[{\"@type\":\"Article\",\"@id\":\"https:\\\/\\\/grievingmaman.com\\\/2020\\\/11\\\/14\\\/vigil\\\/#article\",\"isPartOf\":{\"@id\":\"https:\\\/\\\/grievingmaman.com\\\/2020\\\/11\\\/14\\\/vigil\\\/\"},\"author\":{\"name\":\"Brigitte Lehoux\",\"@id\":\"https:\\\/\\\/grievingmaman.com\\\/fr\\\/#\\\/schema\\\/person\\\/1f19b09d0ab9ac20bb9dc17c1802d8be\"},\"headline\":\"Zacka\u00ebl&#8217;s vigil &#8211; Vigile en m\u00e9moire de Zacka\u00ebl\",\"datePublished\":\"2020-11-14T23:54:00+00:00\",\"dateModified\":\"2022-08-06T18:41:39+00:00\",\"mainEntityOfPage\":{\"@id\":\"https:\\\/\\\/grievingmaman.com\\\/2020\\\/11\\\/14\\\/vigil\\\/\"},\"wordCount\":166,\"commentCount\":7,\"publisher\":{\"@id\":\"https:\\\/\\\/grievingmaman.com\\\/fr\\\/#\\\/schema\\\/person\\\/1f19b09d0ab9ac20bb9dc17c1802d8be\"},\"image\":{\"@id\":\"https:\\\/\\\/grievingmaman.com\\\/2020\\\/11\\\/14\\\/vigil\\\/#primaryimage\"},\"thumbnailUrl\":\"https:\\\/\\\/i0.wp.com\\\/grievingmaman.com\\\/wp-content\\\/uploads\\\/2020\\\/11\\\/img_3071.jpg?fit=6000%2C4000&ssl=1\",\"keywords\":[\"Journal\",\"Zacka\u00ebl\"],\"articleSection\":[\"Grief\",\"Journal\",\"Zacka\u00ebl\"],\"inLanguage\":\"fr-CA\",\"potentialAction\":[{\"@type\":\"CommentAction\",\"name\":\"Comment\",\"target\":[\"https:\\\/\\\/grievingmaman.com\\\/2020\\\/11\\\/14\\\/vigil\\\/#respond\"]}]},{\"@type\":\"WebPage\",\"@id\":\"https:\\\/\\\/grievingmaman.com\\\/2020\\\/11\\\/14\\\/vigil\\\/\",\"url\":\"https:\\\/\\\/grievingmaman.com\\\/2020\\\/11\\\/14\\\/vigil\\\/\",\"name\":\"Zacka\u00ebl's vigil - Vigile en m\u00e9moire de Zacka\u00ebl &#8211; Grieving maman\",\"isPartOf\":{\"@id\":\"https:\\\/\\\/grievingmaman.com\\\/fr\\\/#website\"},\"primaryImageOfPage\":{\"@id\":\"https:\\\/\\\/grievingmaman.com\\\/2020\\\/11\\\/14\\\/vigil\\\/#primaryimage\"},\"image\":{\"@id\":\"https:\\\/\\\/grievingmaman.com\\\/2020\\\/11\\\/14\\\/vigil\\\/#primaryimage\"},\"thumbnailUrl\":\"https:\\\/\\\/i0.wp.com\\\/grievingmaman.com\\\/wp-content\\\/uploads\\\/2020\\\/11\\\/img_3071.jpg?fit=6000%2C4000&ssl=1\",\"datePublished\":\"2020-11-14T23:54:00+00:00\",\"dateModified\":\"2022-08-06T18:41:39+00:00\",\"description\":\"English follows... La vigile en m\u00e9moire de Zacka\u00ebl a eu lieu vendredi soir le 13 novembre 2020. Un \u00e9norme merci pour tous ceux et celles qui sont venus.\",\"breadcrumb\":{\"@id\":\"https:\\\/\\\/grievingmaman.com\\\/2020\\\/11\\\/14\\\/vigil\\\/#breadcrumb\"},\"inLanguage\":\"fr-CA\",\"potentialAction\":[{\"@type\":\"ReadAction\",\"target\":[\"https:\\\/\\\/grievingmaman.com\\\/2020\\\/11\\\/14\\\/vigil\\\/\"]}]},{\"@type\":\"ImageObject\",\"inLanguage\":\"fr-CA\",\"@id\":\"https:\\\/\\\/grievingmaman.com\\\/2020\\\/11\\\/14\\\/vigil\\\/#primaryimage\",\"url\":\"https:\\\/\\\/i0.wp.com\\\/grievingmaman.com\\\/wp-content\\\/uploads\\\/2020\\\/11\\\/img_3071.jpg?fit=6000%2C4000&ssl=1\",\"contentUrl\":\"https:\\\/\\\/i0.wp.com\\\/grievingmaman.com\\\/wp-content\\\/uploads\\\/2020\\\/11\\\/img_3071.jpg?fit=6000%2C4000&ssl=1\",\"width\":6000,\"height\":4000,\"caption\":\"Vigil Zacka\u00ebl Vigile\"},{\"@type\":\"BreadcrumbList\",\"@id\":\"https:\\\/\\\/grievingmaman.com\\\/2020\\\/11\\\/14\\\/vigil\\\/#breadcrumb\",\"itemListElement\":[{\"@type\":\"ListItem\",\"position\":1,\"name\":\"Home\",\"item\":\"https:\\\/\\\/grievingmaman.com\\\/\"},{\"@type\":\"ListItem\",\"position\":2,\"name\":\"Zacka\u00ebl&#8217;s vigil &#8211; Vigile en m\u00e9moire de Zacka\u00ebl\"}]},{\"@type\":\"WebSite\",\"@id\":\"https:\\\/\\\/grievingmaman.com\\\/fr\\\/#website\",\"url\":\"https:\\\/\\\/grievingmaman.com\\\/fr\\\/\",\"name\":\"Grieving maman\",\"description\":\"Surviving the loss of my son\",\"publisher\":{\"@id\":\"https:\\\/\\\/grievingmaman.com\\\/fr\\\/#\\\/schema\\\/person\\\/1f19b09d0ab9ac20bb9dc17c1802d8be\"},\"potentialAction\":[{\"@type\":\"SearchAction\",\"target\":{\"@type\":\"EntryPoint\",\"urlTemplate\":\"https:\\\/\\\/grievingmaman.com\\\/fr\\\/?s={search_term_string}\"},\"query-input\":{\"@type\":\"PropertyValueSpecification\",\"valueRequired\":true,\"valueName\":\"search_term_string\"}}],\"inLanguage\":\"fr-CA\"},{\"@type\":[\"Person\",\"Organization\"],\"@id\":\"https:\\\/\\\/grievingmaman.com\\\/fr\\\/#\\\/schema\\\/person\\\/1f19b09d0ab9ac20bb9dc17c1802d8be\",\"name\":\"Brigitte Lehoux\",\"image\":{\"@type\":\"ImageObject\",\"inLanguage\":\"fr-CA\",\"@id\":\"https:\\\/\\\/i0.wp.com\\\/grievingmaman.com\\\/wp-content\\\/uploads\\\/Grieving-Maman-logo-Final-Grieving-Parent-Grieving-Mother-Website-Blog.png?fit=1900%2C500&ssl=1\",\"url\":\"https:\\\/\\\/i0.wp.com\\\/grievingmaman.com\\\/wp-content\\\/uploads\\\/Grieving-Maman-logo-Final-Grieving-Parent-Grieving-Mother-Website-Blog.png?fit=1900%2C500&ssl=1\",\"contentUrl\":\"https:\\\/\\\/i0.wp.com\\\/grievingmaman.com\\\/wp-content\\\/uploads\\\/Grieving-Maman-logo-Final-Grieving-Parent-Grieving-Mother-Website-Blog.png?fit=1900%2C500&ssl=1\",\"width\":1900,\"height\":500,\"caption\":\"Brigitte Lehoux\"},\"logo\":{\"@id\":\"https:\\\/\\\/i0.wp.com\\\/grievingmaman.com\\\/wp-content\\\/uploads\\\/Grieving-Maman-logo-Final-Grieving-Parent-Grieving-Mother-Website-Blog.png?fit=1900%2C500&ssl=1\"},\"sameAs\":[\"http:\\\/\\\/grievingmaman.wordpress.com\"]}]}<\/script>\n<!-- \/ Yoast SEO plugin. -->","yoast_head_json":{"title":"Zacka\u00ebl's vigil - Vigile en m\u00e9moire de Zacka\u00ebl &#8211; Grieving maman","description":"English follows... La vigile en m\u00e9moire de Zacka\u00ebl a eu lieu vendredi soir le 13 novembre 2020. Un \u00e9norme merci pour tous ceux et celles qui sont venus.","robots":{"index":"index","follow":"follow","max-snippet":"max-snippet:-1","max-image-preview":"max-image-preview:large","max-video-preview":"max-video-preview:-1"},"canonical":"https:\/\/grievingmaman.com\/fr\/2020\/11\/14\/vigil\/","og_locale":"fr_CA","og_type":"article","og_title":"Zacka\u00ebl's vigil - Vigile en m\u00e9moire de Zacka\u00ebl &#8211; Grieving maman","og_description":"English follows... La vigile en m\u00e9moire de Zacka\u00ebl a eu lieu vendredi soir le 13 novembre 2020. Un \u00e9norme merci pour tous ceux et celles qui sont venus.","og_url":"https:\/\/grievingmaman.com\/fr\/2020\/11\/14\/vigil\/","og_site_name":"Grieving maman","article_published_time":"2020-11-14T23:54:00+00:00","article_modified_time":"2022-08-06T18:41:39+00:00","og_image":[{"url":"https:\/\/i0.wp.com\/grievingmaman.com\/wp-content\/uploads\/2020\/11\/img_3071.jpg?fit=1024%2C683&ssl=1","width":1024,"height":683,"type":"image\/jpeg"}],"author":"Brigitte Lehoux","twitter_card":"summary_large_image","twitter_misc":{"\u00c9crit par":"Brigitte Lehoux","Estimation du temps de lecture":"1 minute"},"schema":{"@context":"https:\/\/schema.org","@graph":[{"@type":"Article","@id":"https:\/\/grievingmaman.com\/2020\/11\/14\/vigil\/#article","isPartOf":{"@id":"https:\/\/grievingmaman.com\/2020\/11\/14\/vigil\/"},"author":{"name":"Brigitte Lehoux","@id":"https:\/\/grievingmaman.com\/fr\/#\/schema\/person\/1f19b09d0ab9ac20bb9dc17c1802d8be"},"headline":"Zacka\u00ebl&#8217;s vigil &#8211; Vigile en m\u00e9moire de Zacka\u00ebl","datePublished":"2020-11-14T23:54:00+00:00","dateModified":"2022-08-06T18:41:39+00:00","mainEntityOfPage":{"@id":"https:\/\/grievingmaman.com\/2020\/11\/14\/vigil\/"},"wordCount":166,"commentCount":7,"publisher":{"@id":"https:\/\/grievingmaman.com\/fr\/#\/schema\/person\/1f19b09d0ab9ac20bb9dc17c1802d8be"},"image":{"@id":"https:\/\/grievingmaman.com\/2020\/11\/14\/vigil\/#primaryimage"},"thumbnailUrl":"https:\/\/i0.wp.com\/grievingmaman.com\/wp-content\/uploads\/2020\/11\/img_3071.jpg?fit=6000%2C4000&ssl=1","keywords":["Journal","Zacka\u00ebl"],"articleSection":["Grief","Journal","Zacka\u00ebl"],"inLanguage":"fr-CA","potentialAction":[{"@type":"CommentAction","name":"Comment","target":["https:\/\/grievingmaman.com\/2020\/11\/14\/vigil\/#respond"]}]},{"@type":"WebPage","@id":"https:\/\/grievingmaman.com\/2020\/11\/14\/vigil\/","url":"https:\/\/grievingmaman.com\/2020\/11\/14\/vigil\/","name":"Zacka\u00ebl's vigil - Vigile en m\u00e9moire de Zacka\u00ebl &#8211; Grieving maman","isPartOf":{"@id":"https:\/\/grievingmaman.com\/fr\/#website"},"primaryImageOfPage":{"@id":"https:\/\/grievingmaman.com\/2020\/11\/14\/vigil\/#primaryimage"},"image":{"@id":"https:\/\/grievingmaman.com\/2020\/11\/14\/vigil\/#primaryimage"},"thumbnailUrl":"https:\/\/i0.wp.com\/grievingmaman.com\/wp-content\/uploads\/2020\/11\/img_3071.jpg?fit=6000%2C4000&ssl=1","datePublished":"2020-11-14T23:54:00+00:00","dateModified":"2022-08-06T18:41:39+00:00","description":"English follows... La vigile en m\u00e9moire de Zacka\u00ebl a eu lieu vendredi soir le 13 novembre 2020. Un \u00e9norme merci pour tous ceux et celles qui sont venus.","breadcrumb":{"@id":"https:\/\/grievingmaman.com\/2020\/11\/14\/vigil\/#breadcrumb"},"inLanguage":"fr-CA","potentialAction":[{"@type":"ReadAction","target":["https:\/\/grievingmaman.com\/2020\/11\/14\/vigil\/"]}]},{"@type":"ImageObject","inLanguage":"fr-CA","@id":"https:\/\/grievingmaman.com\/2020\/11\/14\/vigil\/#primaryimage","url":"https:\/\/i0.wp.com\/grievingmaman.com\/wp-content\/uploads\/2020\/11\/img_3071.jpg?fit=6000%2C4000&ssl=1","contentUrl":"https:\/\/i0.wp.com\/grievingmaman.com\/wp-content\/uploads\/2020\/11\/img_3071.jpg?fit=6000%2C4000&ssl=1","width":6000,"height":4000,"caption":"Vigil Zacka\u00ebl Vigile"},{"@type":"BreadcrumbList","@id":"https:\/\/grievingmaman.com\/2020\/11\/14\/vigil\/#breadcrumb","itemListElement":[{"@type":"ListItem","position":1,"name":"Home","item":"https:\/\/grievingmaman.com\/"},{"@type":"ListItem","position":2,"name":"Zacka\u00ebl&#8217;s vigil &#8211; Vigile en m\u00e9moire de Zacka\u00ebl"}]},{"@type":"WebSite","@id":"https:\/\/grievingmaman.com\/fr\/#website","url":"https:\/\/grievingmaman.com\/fr\/","name":"Grieving maman","description":"Survivre \u00e0 la perte de mon gar\u00e7on","publisher":{"@id":"https:\/\/grievingmaman.com\/fr\/#\/schema\/person\/1f19b09d0ab9ac20bb9dc17c1802d8be"},"potentialAction":[{"@type":"SearchAction","target":{"@type":"EntryPoint","urlTemplate":"https:\/\/grievingmaman.com\/fr\/?s={search_term_string}"},"query-input":{"@type":"PropertyValueSpecification","valueRequired":true,"valueName":"search_term_string"}}],"inLanguage":"fr-CA"},{"@type":["Person","Organization"],"@id":"https:\/\/grievingmaman.com\/fr\/#\/schema\/person\/1f19b09d0ab9ac20bb9dc17c1802d8be","name":"Brigitte Lehoux","image":{"@type":"ImageObject","inLanguage":"fr-CA","@id":"https:\/\/i0.wp.com\/grievingmaman.com\/wp-content\/uploads\/Grieving-Maman-logo-Final-Grieving-Parent-Grieving-Mother-Website-Blog.png?fit=1900%2C500&ssl=1","url":"https:\/\/i0.wp.com\/grievingmaman.com\/wp-content\/uploads\/Grieving-Maman-logo-Final-Grieving-Parent-Grieving-Mother-Website-Blog.png?fit=1900%2C500&ssl=1","contentUrl":"https:\/\/i0.wp.com\/grievingmaman.com\/wp-content\/uploads\/Grieving-Maman-logo-Final-Grieving-Parent-Grieving-Mother-Website-Blog.png?fit=1900%2C500&ssl=1","width":1900,"height":500,"caption":"Brigitte Lehoux"},"logo":{"@id":"https:\/\/i0.wp.com\/grievingmaman.com\/wp-content\/uploads\/Grieving-Maman-logo-Final-Grieving-Parent-Grieving-Mother-Website-Blog.png?fit=1900%2C500&ssl=1"},"sameAs":["http:\/\/grievingmaman.wordpress.com"]}]}},"jetpack_publicize_connections":[],"jetpack_featured_media_url":"https:\/\/i0.wp.com\/grievingmaman.com\/wp-content\/uploads\/2020\/11\/img_3071.jpg?fit=6000%2C4000&ssl=1","jetpack_likes_enabled":null,"jetpack_sharing_enabled":false,"jetpack_shortlink":"https:\/\/wp.me\/sbXpxA-vigil","jetpack-related-posts":[{"id":369,"url":"https:\/\/grievingmaman.com\/fr\/2020\/11\/16\/frame-in-honour-of-zackael-cadre-en-lhonneur-de-zackael\/","url_meta":{"origin":10,"position":0},"title":"Frame in honour of Zacka\u00ebl &#8211; Cadre en l&#8217;honneur de Zacka\u00ebl","author":"Brigitte Lehoux","date":"16 Nov 2020","format":false,"excerpt":"Demain le 17 novembre, 1 an depuis le d\u00e9part de Zacka\u00ebl. Tout le monde est triste ici. Si vous avez un profil Facebook et aimeriez placer un petit geste en sa m\u00e9moire, svp utiliser ce cadre. Voir le lien ci-dessous. Est-ce que \u00e7a l'a fonctionn\u00e9 pour vous?Tomorrow November 17, 1\u2026","rel":"","context":"In &quot;Zacka\u00ebl&quot;","block_context":{"text":"Zacka\u00ebl","link":"https:\/\/grievingmaman.com\/fr\/category\/zackael\/"},"img":{"alt_text":"","src":"","width":0,"height":0},"classes":[]},{"id":487,"url":"https:\/\/grievingmaman.com\/fr\/2020\/11\/20\/hockey-and-community-support-le-soutien-a-travers-le-hockey\/","url_meta":{"origin":10,"position":1},"title":"Le soutien \u00e0 travers l'hockey","author":"Brigitte Lehoux","date":"20 Nov 2020","format":false,"excerpt":"\u00a0 English follows... Premi\u00e8rement, j\u2019aimerais vous remercier pour vos messages suite \u00e0 ma publication pr\u00e9c\u00e9dente. Justement, parlant de cette publication, j\u2019ai mentionn\u00e9 que je me suis souvent sentie seule suite \u00e0 l\u2019accident, malgr\u00e9 que j\u2019\u00e9tais entour\u00e9e de gens remarquables. Il ne faut pas confondre ce commentaire de ma part en\u2026","rel":"","context":"In &quot;Grief&quot;","block_context":{"text":"Grief","link":"https:\/\/grievingmaman.com\/fr\/category\/grief\/"},"img":{"alt_text":"Blackburn Hamlet Hockey Association Stingers","src":"https:\/\/i0.wp.com\/grievingmaman.com\/wp-content\/uploads\/2020\/11\/laces-5.jpg?fit=1200%2C550&ssl=1&resize=350%2C200","width":350,"height":200,"srcset":"https:\/\/i0.wp.com\/grievingmaman.com\/wp-content\/uploads\/2020\/11\/laces-5.jpg?fit=1200%2C550&ssl=1&resize=350%2C200 1x, https:\/\/i0.wp.com\/grievingmaman.com\/wp-content\/uploads\/2020\/11\/laces-5.jpg?fit=1200%2C550&ssl=1&resize=525%2C300 1.5x, https:\/\/i0.wp.com\/grievingmaman.com\/wp-content\/uploads\/2020\/11\/laces-5.jpg?fit=1200%2C550&ssl=1&resize=700%2C400 2x, https:\/\/i0.wp.com\/grievingmaman.com\/wp-content\/uploads\/2020\/11\/laces-5.jpg?fit=1200%2C550&ssl=1&resize=1050%2C600 3x"},"classes":[]},{"id":467,"url":"https:\/\/grievingmaman.com\/fr\/2020\/11\/19\/the-year-of-firsts-is-not-done\/","url_meta":{"origin":10,"position":2},"title":"L'ann\u00e9e des \"premi\u00e8res\" n'est pas termin\u00e9e","author":"Brigitte Lehoux","date":"19 Nov 2020","format":false,"excerpt":"English follows... Comme vous l\u2019avez peut-\u00eatre lu sur ma page d\u2019accueil, j\u2019ai plusieurs objectifs avec ce blogue. Un de ces objectifs est d\u2019aider et partager avec d\u2019autres endeuill\u00e9s ou d\u2019autres gens qui passent des moments difficiles. J\u2019aimerais qu\u2019on s\u2019aide \u00e0 passer \u00e0 travers nos pertes, des situations difficiles et\/ou \u00e0\u2026","rel":"","context":"In &quot;Grief&quot;","block_context":{"text":"Grief","link":"https:\/\/grievingmaman.com\/fr\/category\/grief\/"},"img":{"alt_text":"Zacka\u00ebl Flintoff","src":"https:\/\/i0.wp.com\/grievingmaman.com\/wp-content\/uploads\/2020\/11\/img_2790-landscape-edited.jpg?fit=1200%2C911&ssl=1&resize=350%2C200","width":350,"height":200,"srcset":"https:\/\/i0.wp.com\/grievingmaman.com\/wp-content\/uploads\/2020\/11\/img_2790-landscape-edited.jpg?fit=1200%2C911&ssl=1&resize=350%2C200 1x, https:\/\/i0.wp.com\/grievingmaman.com\/wp-content\/uploads\/2020\/11\/img_2790-landscape-edited.jpg?fit=1200%2C911&ssl=1&resize=525%2C300 1.5x, https:\/\/i0.wp.com\/grievingmaman.com\/wp-content\/uploads\/2020\/11\/img_2790-landscape-edited.jpg?fit=1200%2C911&ssl=1&resize=700%2C400 2x, https:\/\/i0.wp.com\/grievingmaman.com\/wp-content\/uploads\/2020\/11\/img_2790-landscape-edited.jpg?fit=1200%2C911&ssl=1&resize=1050%2C600 3x"},"classes":[]},{"id":814,"url":"https:\/\/grievingmaman.com\/fr\/2020\/12\/17\/gone-but-never-forgotten-jamais-oublies\/","url_meta":{"origin":10,"position":3},"title":"Jamais oubli\u00e9s","author":"Brigitte Lehoux","date":"17 D\u00e9c 2020","format":false,"excerpt":"Il est important de continuer \u00e0 parler de nos enfants d\u00e9c\u00e9d\u00e9s. Les proches pensent \u00e0 tort qu'il vaut mieux \u00e9viter de mentionner l'enfant d\u00e9c\u00e9d\u00e9 en pr\u00e9sence du parent endeuill\u00e9. La pire chose \u00e0 faire est d'ignorer leur existence et d'ignorer leur chagrin et leur perte.","rel":"","context":"In &quot;Grief&quot;","block_context":{"text":"Grief","link":"https:\/\/grievingmaman.com\/fr\/category\/grief\/"},"img":{"alt_text":"Zacka\u00ebl Flintoff - \u00c9cole le Pr\u00e9lude 2019 Orl\u00e9ans (Photomania) - environ 1 mois avant son d\u00e9c\u00e8s - Zacka\u00ebl sourit un peu trop","src":"https:\/\/i0.wp.com\/grievingmaman.com\/wp-content\/uploads\/2020\/12\/Zackael-Flintoff-Ecole-le-Prelude.jpg?fit=1200%2C800&ssl=1&resize=350%2C200","width":350,"height":200,"srcset":"https:\/\/i0.wp.com\/grievingmaman.com\/wp-content\/uploads\/2020\/12\/Zackael-Flintoff-Ecole-le-Prelude.jpg?fit=1200%2C800&ssl=1&resize=350%2C200 1x, https:\/\/i0.wp.com\/grievingmaman.com\/wp-content\/uploads\/2020\/12\/Zackael-Flintoff-Ecole-le-Prelude.jpg?fit=1200%2C800&ssl=1&resize=525%2C300 1.5x, https:\/\/i0.wp.com\/grievingmaman.com\/wp-content\/uploads\/2020\/12\/Zackael-Flintoff-Ecole-le-Prelude.jpg?fit=1200%2C800&ssl=1&resize=700%2C400 2x, https:\/\/i0.wp.com\/grievingmaman.com\/wp-content\/uploads\/2020\/12\/Zackael-Flintoff-Ecole-le-Prelude.jpg?fit=1200%2C800&ssl=1&resize=1050%2C600 3x"},"classes":[]},{"id":1757,"url":"https:\/\/grievingmaman.com\/fr\/2021\/02\/20\/20-facons-de-commemorer-nos-etres-chers\/","url_meta":{"origin":10,"position":4},"title":"20 fa\u00e7ons de comm\u00e9morer nos \u00eatres chers","author":"Brigitte Lehoux","date":"20 F\u00e9v 2021","format":false,"excerpt":"Il existe de nombreuses fa\u00e7ons cr\u00e9atives et significatives de garder vivante la m\u00e9moire de nos \u00eatres chers. Dans cet article, je partage 20 gestes comm\u00e9moratifs que tout le monde peut faire, et j'inclus des photos!","rel":"","context":"In &quot;Grief&quot;","block_context":{"text":"Grief","link":"https:\/\/grievingmaman.com\/fr\/category\/grief\/"},"img":{"alt_text":"","src":"https:\/\/i0.wp.com\/grievingmaman.com\/wp-content\/uploads\/2021\/02\/IMG_2750-reduced.jpg?fit=1200%2C900&ssl=1&resize=350%2C200","width":350,"height":200,"srcset":"https:\/\/i0.wp.com\/grievingmaman.com\/wp-content\/uploads\/2021\/02\/IMG_2750-reduced.jpg?fit=1200%2C900&ssl=1&resize=350%2C200 1x, https:\/\/i0.wp.com\/grievingmaman.com\/wp-content\/uploads\/2021\/02\/IMG_2750-reduced.jpg?fit=1200%2C900&ssl=1&resize=525%2C300 1.5x, https:\/\/i0.wp.com\/grievingmaman.com\/wp-content\/uploads\/2021\/02\/IMG_2750-reduced.jpg?fit=1200%2C900&ssl=1&resize=700%2C400 2x, https:\/\/i0.wp.com\/grievingmaman.com\/wp-content\/uploads\/2021\/02\/IMG_2750-reduced.jpg?fit=1200%2C900&ssl=1&resize=1050%2C600 3x"},"classes":[]},{"id":381,"url":"https:\/\/grievingmaman.com\/fr\/2020\/11\/17\/zackaels-honour-book-mixbook\/","url_meta":{"origin":10,"position":5},"title":"Le livre d'honneur de Zacka\u00ebl (Mixbook)","author":"Brigitte Lehoux","date":"17 Nov 2020","format":false,"excerpt":"Pour la version originale de cette publication (version fran\u00e7aise), cliquez ici. I can't believe we got the books today of all days! They were supposed to arrive on Thursday. Maybe Zacka\u00ebl made it that they arrived today. This honour book about Zacka\u00ebl was ordered last Monday on Mixbook. The book\u2026","rel":"","context":"In &quot;Grief&quot;","block_context":{"text":"Grief","link":"https:\/\/grievingmaman.com\/fr\/category\/grief\/"},"img":{"alt_text":"","src":"https:\/\/i0.wp.com\/grievingmaman.com\/wp-content\/uploads\/2020\/11\/img_3079.jpg?fit=1200%2C732&ssl=1&resize=350%2C200","width":350,"height":200,"srcset":"https:\/\/i0.wp.com\/grievingmaman.com\/wp-content\/uploads\/2020\/11\/img_3079.jpg?fit=1200%2C732&ssl=1&resize=350%2C200 1x, https:\/\/i0.wp.com\/grievingmaman.com\/wp-content\/uploads\/2020\/11\/img_3079.jpg?fit=1200%2C732&ssl=1&resize=525%2C300 1.5x, https:\/\/i0.wp.com\/grievingmaman.com\/wp-content\/uploads\/2020\/11\/img_3079.jpg?fit=1200%2C732&ssl=1&resize=700%2C400 2x, https:\/\/i0.wp.com\/grievingmaman.com\/wp-content\/uploads\/2020\/11\/img_3079.jpg?fit=1200%2C732&ssl=1&resize=1050%2C600 3x"},"classes":[]}],"amp_enabled":true,"_links":{"self":[{"href":"https:\/\/grievingmaman.com\/fr\/wp-json\/wp\/v2\/posts\/10","targetHints":{"allow":["GET"]}}],"collection":[{"href":"https:\/\/grievingmaman.com\/fr\/wp-json\/wp\/v2\/posts"}],"about":[{"href":"https:\/\/grievingmaman.com\/fr\/wp-json\/wp\/v2\/types\/post"}],"author":[{"embeddable":true,"href":"https:\/\/grievingmaman.com\/fr\/wp-json\/wp\/v2\/users\/185178740"}],"replies":[{"embeddable":true,"href":"https:\/\/grievingmaman.com\/fr\/wp-json\/wp\/v2\/comments?post=10"}],"version-history":[{"count":3,"href":"https:\/\/grievingmaman.com\/fr\/wp-json\/wp\/v2\/posts\/10\/revisions"}],"predecessor-version":[{"id":6171,"href":"https:\/\/grievingmaman.com\/fr\/wp-json\/wp\/v2\/posts\/10\/revisions\/6171"}],"wp:featuredmedia":[{"embeddable":true,"href":"https:\/\/grievingmaman.com\/fr\/wp-json\/wp\/v2\/media\/304"}],"wp:attachment":[{"href":"https:\/\/grievingmaman.com\/fr\/wp-json\/wp\/v2\/media?parent=10"}],"wp:term":[{"taxonomy":"category","embeddable":true,"href":"https:\/\/grievingmaman.com\/fr\/wp-json\/wp\/v2\/categories?post=10"},{"taxonomy":"post_tag","embeddable":true,"href":"https:\/\/grievingmaman.com\/fr\/wp-json\/wp\/v2\/tags?post=10"}],"curies":[{"name":"wp","href":"https:\/\/api.w.org\/{rel}","templated":true}]}}