{"id":1706,"date":"2021-02-12T18:08:37","date_gmt":"2021-02-12T23:08:37","guid":{"rendered":"https:\/\/grievingmaman.com\/?p=1706"},"modified":"2021-09-14T13:59:47","modified_gmt":"2021-09-14T17:59:47","slug":"writingyourgrief-day3","status":"publish","type":"post","link":"https:\/\/grievingmaman.com\/fr\/2021\/02\/12\/writingyourgrief-day3\/","title":{"rendered":"Comment vivez-vous dans un paysage si profond\u00e9ment chang\u00e9?"},"content":{"rendered":"<p class=\"has-text-color wp-block-paragraph\" style=\"color:#545758;font-size:18px\">For the English version, click \"EN\" at top-right of the menu <a href=\"https:\/\/grievingmaman.com\/fr\/2021\/02\/12\/writingyourgrief-day3\/\"><span style=\"text-decoration: underline;\"><span style=\"color:#ab8210\" class=\"has-inline-color\">\u2630<\/span><\/span><\/a>.<\/p>\n\n\n\n<hr class=\"wp-block-separator is-style-wide\"\/>\n\n\n\n<p class=\"wp-block-paragraph\" style=\"font-size:17px\">Dans la <a href=\"https:\/\/grievingmaman.com\/fr\/2021\/02\/11\/5-reasons-to-remember-our-loved-ones\/\">publication de hier<\/a>, j\u2019ai mentionn\u00e9 que je viens de commencer un cours sur le deuil. Le cours s\u2019appelle <a href=\"https:\/\/refugeingrief.com\/shop\/#shop-wyg\">Writing Your Grief (\u00c9crire notre deuil)<\/a>. Chaque jour, nous recevons un e-mail avec une invitation qui nous encourage \u00e0 explorer un aspect de notre deuil.<br><br>Aujourd'hui, est le jour #3. Jusqu'\u00e0 pr\u00e9sent, je n'ai partag\u00e9 aucune de mes r\u00e9ponses avec le public, mais je d\u00e9cide de partager celle-ci. Sans entrer dans les d\u00e9tails, le sujet d\u2019aujourd\u2019hui est de savoir comment vivons-nous dans un paysage qui a chang\u00e9 (je vivais dans la for\u00eat, maintenant je vis dans le d\u00e9sert).<br><br>Voici mon histoire qui fait allusion \u00e0 l'invitation d\u2019aujourd\u2019hui. Pour ceux qui ne connaissaient pas Zacka\u00ebl, je veux juste mentionner que sauter \u00e9tait l\u2019activit\u00e9 pr\u00e9f\u00e9r\u00e9e de Zacka\u00ebl. <\/p>\n\n\n\n<div class=\"wp-block-image\"><figure class=\"aligncenter size-large is-resized\"><img data-recalc-dims=\"1\" fetchpriority=\"high\" decoding=\"async\" data-attachment-id=\"1713\" data-permalink=\"https:\/\/grievingmaman.com\/fr\/2021\/02\/12\/writingyourgrief-day3\/img_2188-zackael-trampoline\/\" data-orig-file=\"https:\/\/i0.wp.com\/grievingmaman.com\/wp-content\/uploads\/2021\/02\/IMG_2188-Zackael-trampoline.jpg?fit=3102%2C3024&amp;ssl=1\" data-orig-size=\"3102,3024\" data-comments-opened=\"1\" data-image-meta=\"{&quot;aperture&quot;:&quot;2.8&quot;,&quot;credit&quot;:&quot;&quot;,&quot;camera&quot;:&quot;Canon EOS Rebel T7i&quot;,&quot;caption&quot;:&quot;&quot;,&quot;created_timestamp&quot;:&quot;1565030393&quot;,&quot;copyright&quot;:&quot;&quot;,&quot;focal_length&quot;:&quot;24&quot;,&quot;iso&quot;:&quot;1250&quot;,&quot;shutter_speed&quot;:&quot;0.002&quot;,&quot;title&quot;:&quot;&quot;,&quot;orientation&quot;:&quot;1&quot;}\" data-image-title=\"IMG_2188-Zackael-trampoline\" data-image-description=\"&lt;p&gt;Zackael trampoline&lt;\/p&gt;\" data-image-caption=\"&lt;p&gt;Zackael trampoline&lt;\/p&gt;\" data-large-file=\"https:\/\/i0.wp.com\/grievingmaman.com\/wp-content\/uploads\/2021\/02\/IMG_2188-Zackael-trampoline.jpg?fit=1024%2C998&amp;ssl=1\" src=\"https:\/\/i0.wp.com\/grievingmaman.com\/wp-content\/uploads\/2021\/02\/IMG_2188-Zackael-trampoline.jpg?resize=389%2C379&#038;ssl=1\" alt=\"\" class=\"wp-image-1713\" width=\"389\" height=\"379\" srcset=\"https:\/\/i0.wp.com\/grievingmaman.com\/wp-content\/uploads\/2021\/02\/IMG_2188-Zackael-trampoline.jpg?resize=1024%2C998&amp;ssl=1 1024w, https:\/\/i0.wp.com\/grievingmaman.com\/wp-content\/uploads\/2021\/02\/IMG_2188-Zackael-trampoline.jpg?resize=300%2C292&amp;ssl=1 300w, https:\/\/i0.wp.com\/grievingmaman.com\/wp-content\/uploads\/2021\/02\/IMG_2188-Zackael-trampoline.jpg?resize=768%2C749&amp;ssl=1 768w, https:\/\/i0.wp.com\/grievingmaman.com\/wp-content\/uploads\/2021\/02\/IMG_2188-Zackael-trampoline.jpg?resize=1536%2C1497&amp;ssl=1 1536w, https:\/\/i0.wp.com\/grievingmaman.com\/wp-content\/uploads\/2021\/02\/IMG_2188-Zackael-trampoline.jpg?resize=2048%2C1997&amp;ssl=1 2048w, https:\/\/i0.wp.com\/grievingmaman.com\/wp-content\/uploads\/2021\/02\/IMG_2188-Zackael-trampoline.jpg?resize=12%2C12&amp;ssl=1 12w, https:\/\/i0.wp.com\/grievingmaman.com\/wp-content\/uploads\/2021\/02\/IMG_2188-Zackael-trampoline.jpg?resize=1200%2C1170&amp;ssl=1 1200w, https:\/\/i0.wp.com\/grievingmaman.com\/wp-content\/uploads\/2021\/02\/IMG_2188-Zackael-trampoline.jpg?resize=720%2C702&amp;ssl=1 720w, https:\/\/i0.wp.com\/grievingmaman.com\/wp-content\/uploads\/2021\/02\/IMG_2188-Zackael-trampoline.jpg?resize=1320%2C1287&amp;ssl=1 1320w, https:\/\/i0.wp.com\/grievingmaman.com\/wp-content\/uploads\/2021\/02\/IMG_2188-Zackael-trampoline.jpg?w=3000&amp;ssl=1 3000w\" sizes=\"(max-width: 389px) 100vw, 389px\" \/><\/figure><\/div>\n\n\n\n<p class=\"wp-block-paragraph\"><\/p>\n\n\n\n<h3 class=\"wp-block-heading\">Comment vivez-vous dans un paysage si profond\u00e9ment chang\u00e9?<\/h3>\n\n\n\n<p class=\"has-drop-cap has-text-color wp-block-paragraph\" style=\"color:#466a3e;font-size:17px\">Nous vivions dans une for\u00eat tropicale. Carl, Maxandre, Zacka\u00ebl, Ad\u00e9lie et moi avions m\u00eame construit une petite cabane dans les arbres.<br><br>Chaque jour, la richesse de la for\u00eat nous faisait d\u00e9couvrir la vie. La diversit\u00e9 des plantes et des animaux nous faisait vivre des exp\u00e9riences compl\u00e8tement diff\u00e9rentes. Nous \u00e9tions tellement bien entour\u00e9s. Nous nous r\u00e9veillions au bruit des oiseaux et comptions les papillons qui venaient \u00e0 nous.<br><br>Dans la for\u00eat, l\u2019air \u00e9tait pur et frais. Apr\u00e8s la pluie, il y avait toujours du beau temps. L\u2019alternance entre la pluie et le soleil apportait la vari\u00e9t\u00e9 dans nos activit\u00e9s.<br><br>Dans le reflet des gouttes de pluie sur les feuilles, nous y voyions notre joie de vivre.<br><br>D\u2019arbre en arbre, nous accrochions des cordes et rebondissions chacun \u00e0 notre tour. Notre petit Zacka\u00ebl, habile comme il a toujours \u00e9t\u00e9, culbutait dans les airs pour se balancer avec aisance entre les arbres. La pure joie!<br><br>Maxandre et Zacka\u00ebl agrippaient leur petite s\u0153ur avec eux et les trois s\u2019\u00e9lan\u00e7aient avec un grand \u00e9lan.<br><br>D'un blanc \u00e9clatant, les beaux gros nuages nous permettaient de sauter dessus jusqu\u2019au ciel. Quel plaisir! Notre petit athl\u00e8te Zacka\u00ebl s\u2019amusait \u00e0 faire de belles pirouettes.<br><br>Le vert des arbres, la couleur favorite de Zacka\u00ebl \u00e9tait d\u2019un vert riche qui allait au-del\u00e0 de la nature.<\/p>\n\n\n\n<div class=\"wp-block-image\"><figure class=\"aligncenter size-large is-resized\"><img data-recalc-dims=\"1\" decoding=\"async\" data-attachment-id=\"1716\" data-permalink=\"https:\/\/grievingmaman.com\/fr\/2021\/02\/12\/writingyourgrief-day3\/rainforest\/\" data-orig-file=\"https:\/\/i0.wp.com\/grievingmaman.com\/wp-content\/uploads\/2021\/02\/rainforest.jpg?fit=1280%2C853&amp;ssl=1\" data-orig-size=\"1280,853\" data-comments-opened=\"1\" data-image-meta=\"{&quot;aperture&quot;:&quot;0&quot;,&quot;credit&quot;:&quot;&quot;,&quot;camera&quot;:&quot;&quot;,&quot;caption&quot;:&quot;&quot;,&quot;created_timestamp&quot;:&quot;0&quot;,&quot;copyright&quot;:&quot;&quot;,&quot;focal_length&quot;:&quot;0&quot;,&quot;iso&quot;:&quot;0&quot;,&quot;shutter_speed&quot;:&quot;0&quot;,&quot;title&quot;:&quot;&quot;,&quot;orientation&quot;:&quot;0&quot;}\" data-image-title=\"rainforest\" data-image-description=\"\" data-image-caption=\"\" data-large-file=\"https:\/\/i0.wp.com\/grievingmaman.com\/wp-content\/uploads\/2021\/02\/rainforest.jpg?fit=1024%2C682&amp;ssl=1\" src=\"https:\/\/i0.wp.com\/grievingmaman.com\/wp-content\/uploads\/2021\/02\/rainforest.jpg?resize=592%2C394&#038;ssl=1\" alt=\"\" class=\"wp-image-1716\" width=\"592\" height=\"394\" srcset=\"https:\/\/i0.wp.com\/grievingmaman.com\/wp-content\/uploads\/2021\/02\/rainforest.jpg?resize=1024%2C682&amp;ssl=1 1024w, https:\/\/i0.wp.com\/grievingmaman.com\/wp-content\/uploads\/2021\/02\/rainforest.jpg?resize=300%2C200&amp;ssl=1 300w, https:\/\/i0.wp.com\/grievingmaman.com\/wp-content\/uploads\/2021\/02\/rainforest.jpg?resize=768%2C512&amp;ssl=1 768w, https:\/\/i0.wp.com\/grievingmaman.com\/wp-content\/uploads\/2021\/02\/rainforest.jpg?resize=16%2C12&amp;ssl=1 16w, https:\/\/i0.wp.com\/grievingmaman.com\/wp-content\/uploads\/2021\/02\/rainforest.jpg?resize=1200%2C800&amp;ssl=1 1200w, https:\/\/i0.wp.com\/grievingmaman.com\/wp-content\/uploads\/2021\/02\/rainforest.jpg?resize=720%2C480&amp;ssl=1 720w, https:\/\/i0.wp.com\/grievingmaman.com\/wp-content\/uploads\/2021\/02\/rainforest.jpg?w=1280&amp;ssl=1 1280w\" sizes=\"(max-width: 592px) 100vw, 592px\" \/><\/figure><\/div>\n\n\n\n<hr class=\"wp-block-separator is-style-default\"\/>\n\n\n\n<p class=\"has-text-color wp-block-paragraph\" style=\"color:#7b5437;font-size:17px\"><strong>Cependant, le 17 novembre 2019,<\/strong> sans aucun avertissement, nous avons \u00e9t\u00e9 d\u00e9port\u00e9s dans un d\u00e9sert. Nous ne savons pas vraiment comment cela s\u2019est pass\u00e9. Ce jour-l\u00e0, nous ne pouvions plus voir la for\u00eat.<br><br>\u00c0 partir de ce jour, nous savions que nous \u00e9tions dans le d\u00e9sert.<br><br>Au d\u00e9but, le vent soufflait tr\u00e8s fort, on aurait dit une temp\u00eate de sable. Le vent emportait les fines particules de sable et de poussi\u00e8re qui rentraient dans nos yeux. Nous avions de la mis\u00e8re \u00e0 voir devant.<br><br>Apr\u00e8s la temp\u00eate, nous r\u00e9alisons peu \u00e0 peu que Zacka\u00ebl est parti pour toujours. Il ne reviendra pas. Autant qu\u2019il aimait sauter jusqu\u2019au ciel, il est maintenant rendu au ciel. Le ciel n\u2019a plus de nuages. Notre Zacka\u00ebl ne peut plus sauter; son dernier saut \u00e9tait tellement haut qui est parti rejoindre les \u00e9toiles.<br><br>Il n\u2019y a plus de cabane pour nous prot\u00e9ger, nous n\u2019avons que l\u2019un de l\u2019autre. Nous \u00e9tions cinq, mais maintenant nous sommes quatre. Seuls les quatre d'entre nous sont coinc\u00e9s dans ce d\u00e9sert.<br><br>La pluie de la for\u00eat est maintenant transform\u00e9e en larmes. La chaleur intense du d\u00e9sert ne fait que s\u00e9cher nos larmes aussit\u00f4t qu\u2019elles coulent sur nos joues.<br><br>D\u00e9pourvu de v\u00e9g\u00e9tation et inhospitalier, la vie n\u2019y est presque plus; seulement un petit cactus ici et l\u00e0. Attention, n\u2019y touche pas, ils sont pleins d\u2019\u00e9pines.<\/p>\n\n\n\n<div class=\"wp-block-image\"><figure class=\"aligncenter size-large is-resized\"><img data-recalc-dims=\"1\" decoding=\"async\" data-attachment-id=\"1718\" data-permalink=\"https:\/\/grievingmaman.com\/fr\/2021\/02\/12\/writingyourgrief-day3\/desert-2\/\" data-orig-file=\"https:\/\/i0.wp.com\/grievingmaman.com\/wp-content\/uploads\/2021\/02\/desert-2.jpg?fit=981%2C656&amp;ssl=1\" data-orig-size=\"981,656\" data-comments-opened=\"1\" data-image-meta=\"{&quot;aperture&quot;:&quot;0&quot;,&quot;credit&quot;:&quot;&quot;,&quot;camera&quot;:&quot;&quot;,&quot;caption&quot;:&quot;&quot;,&quot;created_timestamp&quot;:&quot;0&quot;,&quot;copyright&quot;:&quot;&quot;,&quot;focal_length&quot;:&quot;0&quot;,&quot;iso&quot;:&quot;0&quot;,&quot;shutter_speed&quot;:&quot;0&quot;,&quot;title&quot;:&quot;&quot;,&quot;orientation&quot;:&quot;0&quot;}\" data-image-title=\"desert-2\" data-image-description=\"\" data-image-caption=\"\" data-large-file=\"https:\/\/i0.wp.com\/grievingmaman.com\/wp-content\/uploads\/2021\/02\/desert-2.jpg?fit=981%2C656&amp;ssl=1\" src=\"https:\/\/i0.wp.com\/grievingmaman.com\/wp-content\/uploads\/2021\/02\/desert-2.jpg?resize=598399&amp;ssl=1\" alt=\"\" class=\"wp-image-1718\" width=\"598\" height=\"399\" srcset=\"\" sizes=\"(max-width: 598px) 100vw, 598px\" data-srcset=\"\" \/><\/figure><\/div>\n\n\n\n<p class=\"has-text-color wp-block-paragraph\" style=\"color:#7b5437;font-size:17px\"><br>Maxandre est allong\u00e9 sur le sable. Il est essouffl\u00e9 et regarde le ciel pour tenter de voir son fr\u00e8re. Mais le soleil est trop aveuglant et Maxandre regarde ailleurs.<br><br>Le regard de Maxandre se porte donc vers la petite Ad\u00e9lie. Sa petite s\u0153ur qui a \u00e9t\u00e9 bless\u00e9e par une b\u00eate de 1 100 livres. Malgr\u00e9 sa petite taille, Ad\u00e9lie est forte et nous encourage avec son beau sourire de continuer le long parcours.<br><br>Carl et moi essayons tant bien que mal de monter notre propre chameau. Je suis fr\u00eale et je n\u2019ai pas d\u2019\u00e9nergie, mais je fais de mon possible pour que le chameau avance. Deux chameaux qui d\u00e9ambulent lentement mais s\u00fbrement.<br><br>Nous tentons de remonter Maxandre sur le chameau que je conduis. Maxandre doit s\u2019agripper \u00e0 moi. Nous nous supportons l\u2019un et l\u2019autre.<br><br>Sur l\u2019autre chameau, Carl porte Ad\u00e9lie dans ses bras. Carl est d\u00e9j\u00e0 fatigu\u00e9. C\u2019est difficile de naviguer avec toute cette pesanteur et avec qu\u2019un seul bras libre.<br><br>Nous ne savons pas o\u00f9 ces chameaux nous m\u00e8neront. \u00c7a fait une \u00e9ternit\u00e9 que nous d\u00e9ambulons vers l\u2019inconnu. Les jours se ressemblent. Chaque jour, la chaleur est accablante et pesante.<br><br>Les dos bossus des chameaux sont d\u2019un inconfort indescriptible. Plusieurs fois par jour, nous aimerions nous faire laisser tomber \u00e0 plein ventre dans le sable, pour ainsi se laisser morfondre. Mais le soleil est trop fort et nous br\u00fblera. Nous n\u2019avons pas ce temps.<br><br>Nous gardons espoir et s\u2019effor\u00e7ons de garder l\u2019\u00e9quilibre. Les chutes sont dangereuses et il faut tenir bon. Le sable est profond et il faut faire attention pour ne pas couler.<br><br>\u00c0 chaque jour, nous parcourons des kilom\u00e8tres. Le paysage est s\u00e8che et toujours le m\u00eame. On n\u2019y voit pas de fin.<br><br>Pourquoi sommes-nous seuls dans cette grande souffrance? Qu\u2019avons-nous fait pour \u00eatre transf\u00e9r\u00e9s ici? Quand serons-nous transf\u00e9r\u00e9s de ce d\u00e9sert pour retrouver notre for\u00eat?<br><br>Au loin, nous apercevons enfin une vall\u00e9e. Allons-y et prenons du repos. Peut-\u00eatre que nous y retrouverons un oasis?<\/p>\n\n\n\n<hr class=\"wp-block-separator is-style-default\"\/>\n\n\n\n<p class=\"has-text-align-center wp-block-paragraph\">C\u2019est tout pour l\u2019instant!<br>Merci de continuer \u00e0 laisser des commentaires et de m\u2019envoyer des messages, ils sont toujours appr\u00e9ci\u00e9s!<\/p>\n\n\n\n<p class=\"has-text-align-center wp-block-paragraph\">Si vous souhaitez recevoir ma prochaine publication, vous pouvez cliquer sur \u00abS'abonner par courriel\u00bb.<br>Ou vous pouvez m'envoyer un message et je vous enverrai une invitation!<\/p>","protected":false},"excerpt":{"rendered":"<p>J'ai commenc\u00e9 un cours sur le deuil. Le cours s'appelle \"Writing Your Grief\". Chaque jour, nous recevons un courriel nous encourageant \u00e0 explorer un aspect de notre deuil. Aujourd'hui, c'est le jour # 3. <\/p>","protected":false},"author":185178740,"featured_media":1713,"comment_status":"open","ping_status":"open","sticky":true,"template":"","format":"standard","meta":{"_coblocks_attr":"","_coblocks_dimensions":"","_coblocks_responsive_height":"","_coblocks_accordion_ie_support":"","_crdt_document":"","_jetpack_newsletter_access":"","_jetpack_dont_email_post_to_subs":false,"_jetpack_newsletter_tier_id":0,"_jetpack_memberships_contains_paywalled_content":false,"_jetpack_memberships_contains_paid_content":false,"footnotes":"","jetpack_publicize_message":"","jetpack_publicize_feature_enabled":true,"jetpack_social_post_already_shared":true,"jetpack_social_options":{"image_generator_settings":{"template":"highway","default_image_id":0,"font":"","enabled":false},"version":2},"_wpas_customize_per_network":false,"jetpack_post_was_ever_published":false},"categories":[708032851,16950,96,700495868],"tags":[708032838],"class_list":["post-1706","post","type-post","status-publish","format-standard","has-post-thumbnail","hentry","category-depression","category-grief","category-journal","category-zackael","tag-writing"],"yoast_head":"<!-- This site is optimized with the Yoast SEO plugin v27.4 - https:\/\/yoast.com\/product\/yoast-seo-wordpress\/ -->\n<title>How do you live in a landscape so vastly changed? &#8211; Grieving maman<\/title>\n<meta name=\"description\" content=\"I started a course on grief. The course is called Writing Your Grief. Every day, we receive an email with a writing prompt encouraging us to explore an aspect of our grievance. Today is Day # 3.\" \/>\n<meta name=\"robots\" content=\"index, follow, max-snippet:-1, max-image-preview:large, max-video-preview:-1\" \/>\n<link rel=\"canonical\" href=\"https:\/\/grievingmaman.com\/fr\/2021\/02\/12\/writingyourgrief-day3\/\" \/>\n<meta property=\"og:locale\" content=\"fr_CA\" \/>\n<meta property=\"og:type\" content=\"article\" \/>\n<meta property=\"og:title\" content=\"How do you live in a landscape so vastly changed? &#8211; Grieving maman\" \/>\n<meta property=\"og:description\" content=\"I started a course on grief. The course is called Writing Your Grief. Every day, we receive an email with a writing prompt encouraging us to explore an aspect of our grievance. Today is Day # 3.\" \/>\n<meta property=\"og:url\" content=\"https:\/\/grievingmaman.com\/fr\/2021\/02\/12\/writingyourgrief-day3\/\" \/>\n<meta property=\"og:site_name\" content=\"Grieving maman\" \/>\n<meta property=\"article:published_time\" content=\"2021-02-12T23:08:37+00:00\" \/>\n<meta property=\"article:modified_time\" content=\"2021-09-14T17:59:47+00:00\" \/>\n<meta property=\"og:image\" content=\"https:\/\/grievingmaman.com\/wp-content\/uploads\/2021\/02\/IMG_2188-Zackael-trampoline-1024x998.jpg\" \/>\n\t<meta property=\"og:image:width\" content=\"1024\" \/>\n\t<meta property=\"og:image:height\" content=\"998\" \/>\n\t<meta property=\"og:image:type\" content=\"image\/jpeg\" \/>\n<meta name=\"author\" content=\"Brigitte Lehoux\" \/>\n<meta name=\"twitter:card\" content=\"summary_large_image\" \/>\n<meta name=\"twitter:image\" content=\"https:\/\/i0.wp.com\/grievingmaman.com\/wp-content\/uploads\/2021\/02\/IMG_2188-Zackael-trampoline.jpg?fit=3102%2C3024&ssl=1\" \/>\n<meta name=\"twitter:label1\" content=\"\u00c9crit par\" \/>\n\t<meta name=\"twitter:data1\" content=\"Brigitte Lehoux\" \/>\n\t<meta name=\"twitter:label2\" content=\"Estimation du temps de lecture\" \/>\n\t<meta name=\"twitter:data2\" content=\"5 minutes\" \/>\n<script type=\"application\/ld+json\" class=\"yoast-schema-graph\">{\"@context\":\"https:\\\/\\\/schema.org\",\"@graph\":[{\"@type\":\"Article\",\"@id\":\"https:\\\/\\\/grievingmaman.com\\\/fr\\\/2021\\\/02\\\/12\\\/writingyourgrief-day3\\\/#article\",\"isPartOf\":{\"@id\":\"https:\\\/\\\/grievingmaman.com\\\/fr\\\/2021\\\/02\\\/12\\\/writingyourgrief-day3\\\/\"},\"author\":{\"name\":\"Brigitte Lehoux\",\"@id\":\"https:\\\/\\\/grievingmaman.com\\\/fr\\\/#\\\/schema\\\/person\\\/1f19b09d0ab9ac20bb9dc17c1802d8be\"},\"headline\":\"How do you live in a landscape so vastly changed?\",\"datePublished\":\"2021-02-12T23:08:37+00:00\",\"dateModified\":\"2021-09-14T17:59:47+00:00\",\"mainEntityOfPage\":{\"@id\":\"https:\\\/\\\/grievingmaman.com\\\/fr\\\/2021\\\/02\\\/12\\\/writingyourgrief-day3\\\/\"},\"wordCount\":983,\"commentCount\":14,\"publisher\":{\"@id\":\"https:\\\/\\\/grievingmaman.com\\\/fr\\\/#\\\/schema\\\/person\\\/1f19b09d0ab9ac20bb9dc17c1802d8be\"},\"image\":{\"@id\":\"https:\\\/\\\/grievingmaman.com\\\/fr\\\/2021\\\/02\\\/12\\\/writingyourgrief-day3\\\/#primaryimage\"},\"thumbnailUrl\":\"https:\\\/\\\/i0.wp.com\\\/grievingmaman.com\\\/wp-content\\\/uploads\\\/2021\\\/02\\\/IMG_2188-Zackael-trampoline.jpg?fit=3102%2C3024&ssl=1\",\"keywords\":[\"Writing\"],\"articleSection\":[\"Depression\",\"Grief\",\"Journal\",\"Zacka\u00ebl\"],\"inLanguage\":\"fr-CA\",\"potentialAction\":[{\"@type\":\"CommentAction\",\"name\":\"Comment\",\"target\":[\"https:\\\/\\\/grievingmaman.com\\\/fr\\\/2021\\\/02\\\/12\\\/writingyourgrief-day3\\\/#respond\"]}]},{\"@type\":\"WebPage\",\"@id\":\"https:\\\/\\\/grievingmaman.com\\\/fr\\\/2021\\\/02\\\/12\\\/writingyourgrief-day3\\\/\",\"url\":\"https:\\\/\\\/grievingmaman.com\\\/fr\\\/2021\\\/02\\\/12\\\/writingyourgrief-day3\\\/\",\"name\":\"How do you live in a landscape so vastly changed? &#8211; Grieving maman\",\"isPartOf\":{\"@id\":\"https:\\\/\\\/grievingmaman.com\\\/fr\\\/#website\"},\"primaryImageOfPage\":{\"@id\":\"https:\\\/\\\/grievingmaman.com\\\/fr\\\/2021\\\/02\\\/12\\\/writingyourgrief-day3\\\/#primaryimage\"},\"image\":{\"@id\":\"https:\\\/\\\/grievingmaman.com\\\/fr\\\/2021\\\/02\\\/12\\\/writingyourgrief-day3\\\/#primaryimage\"},\"thumbnailUrl\":\"https:\\\/\\\/i0.wp.com\\\/grievingmaman.com\\\/wp-content\\\/uploads\\\/2021\\\/02\\\/IMG_2188-Zackael-trampoline.jpg?fit=3102%2C3024&ssl=1\",\"datePublished\":\"2021-02-12T23:08:37+00:00\",\"dateModified\":\"2021-09-14T17:59:47+00:00\",\"description\":\"I started a course on grief. The course is called Writing Your Grief. Every day, we receive an email with a writing prompt encouraging us to explore an aspect of our grievance. Today is Day # 3.\",\"breadcrumb\":{\"@id\":\"https:\\\/\\\/grievingmaman.com\\\/fr\\\/2021\\\/02\\\/12\\\/writingyourgrief-day3\\\/#breadcrumb\"},\"inLanguage\":\"fr-CA\",\"potentialAction\":[{\"@type\":\"ReadAction\",\"target\":[\"https:\\\/\\\/grievingmaman.com\\\/fr\\\/2021\\\/02\\\/12\\\/writingyourgrief-day3\\\/\"]}]},{\"@type\":\"ImageObject\",\"inLanguage\":\"fr-CA\",\"@id\":\"https:\\\/\\\/grievingmaman.com\\\/fr\\\/2021\\\/02\\\/12\\\/writingyourgrief-day3\\\/#primaryimage\",\"url\":\"https:\\\/\\\/i0.wp.com\\\/grievingmaman.com\\\/wp-content\\\/uploads\\\/2021\\\/02\\\/IMG_2188-Zackael-trampoline.jpg?fit=3102%2C3024&ssl=1\",\"contentUrl\":\"https:\\\/\\\/i0.wp.com\\\/grievingmaman.com\\\/wp-content\\\/uploads\\\/2021\\\/02\\\/IMG_2188-Zackael-trampoline.jpg?fit=3102%2C3024&ssl=1\",\"width\":3102,\"height\":3024,\"caption\":\"Zackael trampoline\"},{\"@type\":\"BreadcrumbList\",\"@id\":\"https:\\\/\\\/grievingmaman.com\\\/fr\\\/2021\\\/02\\\/12\\\/writingyourgrief-day3\\\/#breadcrumb\",\"itemListElement\":[{\"@type\":\"ListItem\",\"position\":1,\"name\":\"Home\",\"item\":\"https:\\\/\\\/grievingmaman.com\\\/\"},{\"@type\":\"ListItem\",\"position\":2,\"name\":\"How do you live in a landscape so vastly changed?\"}]},{\"@type\":\"WebSite\",\"@id\":\"https:\\\/\\\/grievingmaman.com\\\/fr\\\/#website\",\"url\":\"https:\\\/\\\/grievingmaman.com\\\/fr\\\/\",\"name\":\"Grieving maman\",\"description\":\"Surviving the loss of my son\",\"publisher\":{\"@id\":\"https:\\\/\\\/grievingmaman.com\\\/fr\\\/#\\\/schema\\\/person\\\/1f19b09d0ab9ac20bb9dc17c1802d8be\"},\"potentialAction\":[{\"@type\":\"SearchAction\",\"target\":{\"@type\":\"EntryPoint\",\"urlTemplate\":\"https:\\\/\\\/grievingmaman.com\\\/fr\\\/?s={search_term_string}\"},\"query-input\":{\"@type\":\"PropertyValueSpecification\",\"valueRequired\":true,\"valueName\":\"search_term_string\"}}],\"inLanguage\":\"fr-CA\"},{\"@type\":[\"Person\",\"Organization\"],\"@id\":\"https:\\\/\\\/grievingmaman.com\\\/fr\\\/#\\\/schema\\\/person\\\/1f19b09d0ab9ac20bb9dc17c1802d8be\",\"name\":\"Brigitte Lehoux\",\"image\":{\"@type\":\"ImageObject\",\"inLanguage\":\"fr-CA\",\"@id\":\"https:\\\/\\\/i0.wp.com\\\/grievingmaman.com\\\/wp-content\\\/uploads\\\/Grieving-Maman-logo-Final-Grieving-Parent-Grieving-Mother-Website-Blog.png?fit=1900%2C500&ssl=1\",\"url\":\"https:\\\/\\\/i0.wp.com\\\/grievingmaman.com\\\/wp-content\\\/uploads\\\/Grieving-Maman-logo-Final-Grieving-Parent-Grieving-Mother-Website-Blog.png?fit=1900%2C500&ssl=1\",\"contentUrl\":\"https:\\\/\\\/i0.wp.com\\\/grievingmaman.com\\\/wp-content\\\/uploads\\\/Grieving-Maman-logo-Final-Grieving-Parent-Grieving-Mother-Website-Blog.png?fit=1900%2C500&ssl=1\",\"width\":1900,\"height\":500,\"caption\":\"Brigitte Lehoux\"},\"logo\":{\"@id\":\"https:\\\/\\\/i0.wp.com\\\/grievingmaman.com\\\/wp-content\\\/uploads\\\/Grieving-Maman-logo-Final-Grieving-Parent-Grieving-Mother-Website-Blog.png?fit=1900%2C500&ssl=1\"},\"sameAs\":[\"http:\\\/\\\/grievingmaman.wordpress.com\"]}]}<\/script>\n<!-- \/ Yoast SEO plugin. -->","yoast_head_json":{"title":"How do you live in a landscape so vastly changed? &#8211; Grieving maman","description":"J'ai commenc\u00e9 un cours sur le deuil. Le cours s'appelle \"Writing Your Grief\". Chaque jour, nous recevons un courriel nous encourageant \u00e0 explorer un aspect de notre deuil. Aujourd'hui, c'est le jour # 3.","robots":{"index":"index","follow":"follow","max-snippet":"max-snippet:-1","max-image-preview":"max-image-preview:large","max-video-preview":"max-video-preview:-1"},"canonical":"https:\/\/grievingmaman.com\/fr\/2021\/02\/12\/writingyourgrief-day3\/","og_locale":"fr_CA","og_type":"article","og_title":"How do you live in a landscape so vastly changed? &#8211; Grieving maman","og_description":"I started a course on grief. The course is called Writing Your Grief. Every day, we receive an email with a writing prompt encouraging us to explore an aspect of our grievance. Today is Day # 3.","og_url":"https:\/\/grievingmaman.com\/fr\/2021\/02\/12\/writingyourgrief-day3\/","og_site_name":"Grieving maman","article_published_time":"2021-02-12T23:08:37+00:00","article_modified_time":"2021-09-14T17:59:47+00:00","og_image":[{"width":1024,"height":998,"url":"https:\/\/grievingmaman.com\/wp-content\/uploads\/2021\/02\/IMG_2188-Zackael-trampoline-1024x998.jpg","type":"image\/jpeg"}],"author":"Brigitte Lehoux","twitter_card":"summary_large_image","twitter_image":"https:\/\/i0.wp.com\/grievingmaman.com\/wp-content\/uploads\/2021\/02\/IMG_2188-Zackael-trampoline.jpg?fit=3102%2C3024&ssl=1","twitter_misc":{"\u00c9crit par":"Brigitte Lehoux","Estimation du temps de lecture":"5 minutes"},"schema":{"@context":"https:\/\/schema.org","@graph":[{"@type":"Article","@id":"https:\/\/grievingmaman.com\/fr\/2021\/02\/12\/writingyourgrief-day3\/#article","isPartOf":{"@id":"https:\/\/grievingmaman.com\/fr\/2021\/02\/12\/writingyourgrief-day3\/"},"author":{"name":"Brigitte Lehoux","@id":"https:\/\/grievingmaman.com\/fr\/#\/schema\/person\/1f19b09d0ab9ac20bb9dc17c1802d8be"},"headline":"How do you live in a landscape so vastly changed?","datePublished":"2021-02-12T23:08:37+00:00","dateModified":"2021-09-14T17:59:47+00:00","mainEntityOfPage":{"@id":"https:\/\/grievingmaman.com\/fr\/2021\/02\/12\/writingyourgrief-day3\/"},"wordCount":983,"commentCount":14,"publisher":{"@id":"https:\/\/grievingmaman.com\/fr\/#\/schema\/person\/1f19b09d0ab9ac20bb9dc17c1802d8be"},"image":{"@id":"https:\/\/grievingmaman.com\/fr\/2021\/02\/12\/writingyourgrief-day3\/#primaryimage"},"thumbnailUrl":"https:\/\/i0.wp.com\/grievingmaman.com\/wp-content\/uploads\/2021\/02\/IMG_2188-Zackael-trampoline.jpg?fit=3102%2C3024&ssl=1","keywords":["Writing"],"articleSection":["Depression","Grief","Journal","Zacka\u00ebl"],"inLanguage":"fr-CA","potentialAction":[{"@type":"CommentAction","name":"Comment","target":["https:\/\/grievingmaman.com\/fr\/2021\/02\/12\/writingyourgrief-day3\/#respond"]}]},{"@type":"WebPage","@id":"https:\/\/grievingmaman.com\/fr\/2021\/02\/12\/writingyourgrief-day3\/","url":"https:\/\/grievingmaman.com\/fr\/2021\/02\/12\/writingyourgrief-day3\/","name":"How do you live in a landscape so vastly changed? &#8211; Grieving maman","isPartOf":{"@id":"https:\/\/grievingmaman.com\/fr\/#website"},"primaryImageOfPage":{"@id":"https:\/\/grievingmaman.com\/fr\/2021\/02\/12\/writingyourgrief-day3\/#primaryimage"},"image":{"@id":"https:\/\/grievingmaman.com\/fr\/2021\/02\/12\/writingyourgrief-day3\/#primaryimage"},"thumbnailUrl":"https:\/\/i0.wp.com\/grievingmaman.com\/wp-content\/uploads\/2021\/02\/IMG_2188-Zackael-trampoline.jpg?fit=3102%2C3024&ssl=1","datePublished":"2021-02-12T23:08:37+00:00","dateModified":"2021-09-14T17:59:47+00:00","description":"J'ai commenc\u00e9 un cours sur le deuil. Le cours s'appelle \"Writing Your Grief\". Chaque jour, nous recevons un courriel nous encourageant \u00e0 explorer un aspect de notre deuil. Aujourd'hui, c'est le jour # 3.","breadcrumb":{"@id":"https:\/\/grievingmaman.com\/fr\/2021\/02\/12\/writingyourgrief-day3\/#breadcrumb"},"inLanguage":"fr-CA","potentialAction":[{"@type":"ReadAction","target":["https:\/\/grievingmaman.com\/fr\/2021\/02\/12\/writingyourgrief-day3\/"]}]},{"@type":"ImageObject","inLanguage":"fr-CA","@id":"https:\/\/grievingmaman.com\/fr\/2021\/02\/12\/writingyourgrief-day3\/#primaryimage","url":"https:\/\/i0.wp.com\/grievingmaman.com\/wp-content\/uploads\/2021\/02\/IMG_2188-Zackael-trampoline.jpg?fit=3102%2C3024&ssl=1","contentUrl":"https:\/\/i0.wp.com\/grievingmaman.com\/wp-content\/uploads\/2021\/02\/IMG_2188-Zackael-trampoline.jpg?fit=3102%2C3024&ssl=1","width":3102,"height":3024,"caption":"Zackael trampoline"},{"@type":"BreadcrumbList","@id":"https:\/\/grievingmaman.com\/fr\/2021\/02\/12\/writingyourgrief-day3\/#breadcrumb","itemListElement":[{"@type":"ListItem","position":1,"name":"Home","item":"https:\/\/grievingmaman.com\/"},{"@type":"ListItem","position":2,"name":"How do you live in a landscape so vastly changed?"}]},{"@type":"WebSite","@id":"https:\/\/grievingmaman.com\/fr\/#website","url":"https:\/\/grievingmaman.com\/fr\/","name":"Grieving maman","description":"Survivre \u00e0 la perte de mon gar\u00e7on","publisher":{"@id":"https:\/\/grievingmaman.com\/fr\/#\/schema\/person\/1f19b09d0ab9ac20bb9dc17c1802d8be"},"potentialAction":[{"@type":"SearchAction","target":{"@type":"EntryPoint","urlTemplate":"https:\/\/grievingmaman.com\/fr\/?s={search_term_string}"},"query-input":{"@type":"PropertyValueSpecification","valueRequired":true,"valueName":"search_term_string"}}],"inLanguage":"fr-CA"},{"@type":["Person","Organization"],"@id":"https:\/\/grievingmaman.com\/fr\/#\/schema\/person\/1f19b09d0ab9ac20bb9dc17c1802d8be","name":"Brigitte Lehoux","image":{"@type":"ImageObject","inLanguage":"fr-CA","@id":"https:\/\/i0.wp.com\/grievingmaman.com\/wp-content\/uploads\/Grieving-Maman-logo-Final-Grieving-Parent-Grieving-Mother-Website-Blog.png?fit=1900%2C500&ssl=1","url":"https:\/\/i0.wp.com\/grievingmaman.com\/wp-content\/uploads\/Grieving-Maman-logo-Final-Grieving-Parent-Grieving-Mother-Website-Blog.png?fit=1900%2C500&ssl=1","contentUrl":"https:\/\/i0.wp.com\/grievingmaman.com\/wp-content\/uploads\/Grieving-Maman-logo-Final-Grieving-Parent-Grieving-Mother-Website-Blog.png?fit=1900%2C500&ssl=1","width":1900,"height":500,"caption":"Brigitte Lehoux"},"logo":{"@id":"https:\/\/i0.wp.com\/grievingmaman.com\/wp-content\/uploads\/Grieving-Maman-logo-Final-Grieving-Parent-Grieving-Mother-Website-Blog.png?fit=1900%2C500&ssl=1"},"sameAs":["http:\/\/grievingmaman.wordpress.com"]}]}},"jetpack_publicize_connections":[],"jetpack_featured_media_url":"https:\/\/i0.wp.com\/grievingmaman.com\/wp-content\/uploads\/2021\/02\/IMG_2188-Zackael-trampoline.jpg?fit=3102%2C3024&ssl=1","jetpack_likes_enabled":true,"jetpack_sharing_enabled":true,"jetpack_shortlink":"https:\/\/wp.me\/pbXpxA-rw","jetpack-related-posts":[{"id":2122,"url":"https:\/\/grievingmaman.com\/fr\/2021\/03\/09\/23-myths-about-grief-education-deuil-mythes\/","url_meta":{"origin":1706,"position":0},"title":"23 Mythes sur le deuil","author":"Brigitte Lehoux","date":"9 Mar 2021","format":false,"excerpt":"Je parle d'une certaine ignorance entourant le deuil et je fournis un exemple concret. Je partage les 23 plus grands mythes sur le deuil et je vous demande ce que vous pensez des mythes (via un petit sondage!).","rel":"","context":"In &quot;Grief&quot;","block_context":{"text":"Grief","link":"https:\/\/grievingmaman.com\/fr\/category\/grief\/"},"img":{"alt_text":"grief-myths-mythes-deuil","src":"https:\/\/i0.wp.com\/grievingmaman.com\/wp-content\/uploads\/2021\/03\/grief-myths.jpg?fit=853%2C691&ssl=1&resize=350%2C200","width":350,"height":200,"srcset":"https:\/\/i0.wp.com\/grievingmaman.com\/wp-content\/uploads\/2021\/03\/grief-myths.jpg?fit=853%2C691&ssl=1&resize=350%2C200 1x, https:\/\/i0.wp.com\/grievingmaman.com\/wp-content\/uploads\/2021\/03\/grief-myths.jpg?fit=853%2C691&ssl=1&resize=525%2C300 1.5x, https:\/\/i0.wp.com\/grievingmaman.com\/wp-content\/uploads\/2021\/03\/grief-myths.jpg?fit=853%2C691&ssl=1&resize=700%2C400 2x"},"classes":[]},{"id":4033,"url":"https:\/\/grievingmaman.com\/fr\/2022\/03\/12\/quoi-dire-et-ne-pas-dire-personne-en-deuil-10-expressions-eviter\/","url_meta":{"origin":1706,"position":1},"title":"Quoi ne PAS dire \u00e0 quelqu'un en deuil : 10 expressions \u00e0 \u00e9viter","author":"Brigitte Lehoux","date":"12 Mar 2022","format":false,"excerpt":"Je partage 10 choses \u00e0 ne pas dire \u00e0 quelqu'un qui vit un deuil. Cela aide \u00e0 comprendre et \u00e0 identifier les gestes emphatiques et ce qu'il faut faire pour devenir plus empathique et compatissant.","rel":"","context":"In &quot;Grief&quot;","block_context":{"text":"Grief","link":"https:\/\/grievingmaman.com\/fr\/category\/grief\/"},"img":{"alt_text":"What not to say to someone who is grieving - things to avoid","src":"https:\/\/i0.wp.com\/grievingmaman.com\/wp-content\/uploads\/what-not-to-say-to-someone-who-is-grieving.png?fit=675%2C1200&ssl=1&resize=350%2C200","width":350,"height":200,"srcset":"https:\/\/i0.wp.com\/grievingmaman.com\/wp-content\/uploads\/what-not-to-say-to-someone-who-is-grieving.png?fit=675%2C1200&ssl=1&resize=350%2C200 1x, https:\/\/i0.wp.com\/grievingmaman.com\/wp-content\/uploads\/what-not-to-say-to-someone-who-is-grieving.png?fit=675%2C1200&ssl=1&resize=525%2C300 1.5x"},"classes":[]},{"id":2815,"url":"https:\/\/grievingmaman.com\/fr\/2021\/07\/29\/stages\/","url_meta":{"origin":1706,"position":2},"title":"\u00c9tapes du deuil ; ne pas savoir que vous \u00eates en deuil","author":"Brigitte Lehoux","date":"29 Juil 2021","format":false,"excerpt":"Une introduction au populaire mod\u00e8le de deuil en 5 \u00e9tapes, avec des exemples et des sc\u00e9narios concrets. Je parle aussi de 30 autres types d'\u00e9v\u00e9nements qui peuvent causer un deuil.","rel":"","context":"In &quot;Grief&quot;","block_context":{"text":"Grief","link":"https:\/\/grievingmaman.com\/fr\/category\/grief\/"},"img":{"alt_text":"5 Stages of Grief with examples - the K\u00fcbler-Ross model","src":"https:\/\/i0.wp.com\/grievingmaman.com\/wp-content\/uploads\/Stages-of-Grief-with-images.png?fit=600%2C1200&ssl=1&resize=350%2C200","width":350,"height":200,"srcset":"https:\/\/i0.wp.com\/grievingmaman.com\/wp-content\/uploads\/Stages-of-Grief-with-images.png?fit=600%2C1200&ssl=1&resize=350%2C200 1x, https:\/\/i0.wp.com\/grievingmaman.com\/wp-content\/uploads\/Stages-of-Grief-with-images.png?fit=600%2C1200&ssl=1&resize=525%2C300 1.5x"},"classes":[]},{"id":3286,"url":"https:\/\/grievingmaman.com\/fr\/2021\/10\/22\/10-raisons-pourquoi-nous-devrions-eduquer-sur-le-deuil\/","url_meta":{"origin":1706,"position":3},"title":"10 raisons pourquoi nous devrions s'\u00e9duquer sur le deuil","author":"Brigitte Lehoux","date":"22 Oct 2021","format":false,"excerpt":"Je partage ma premi\u00e8re vid\u00e9o! Dans celle-ci, je parle de l'importance de s'\u00e9duquer sur le deuil (10 raisons). Je vous d\u00e9voile \u00e9galement les images de notre s\u00e9ance photo, o\u00f9 Ad\u00e9lie porte une robe de designer.","rel":"","context":"In &quot;Grief&quot;","block_context":{"text":"Grief","link":"https:\/\/grievingmaman.com\/fr\/category\/grief\/"},"img":{"alt_text":"Grieving Maman Youtube - 10 reasons to educate ourselves about grief","src":"https:\/\/i0.wp.com\/grievingmaman.com\/wp-content\/uploads\/youtube-preview-for-blog.png?fit=1058%2C596&ssl=1&resize=350%2C200","width":350,"height":200,"srcset":"https:\/\/i0.wp.com\/grievingmaman.com\/wp-content\/uploads\/youtube-preview-for-blog.png?fit=1058%2C596&ssl=1&resize=350%2C200 1x, https:\/\/i0.wp.com\/grievingmaman.com\/wp-content\/uploads\/youtube-preview-for-blog.png?fit=1058%2C596&ssl=1&resize=525%2C300 1.5x, https:\/\/i0.wp.com\/grievingmaman.com\/wp-content\/uploads\/youtube-preview-for-blog.png?fit=1058%2C596&ssl=1&resize=700%2C400 2x, https:\/\/i0.wp.com\/grievingmaman.com\/wp-content\/uploads\/youtube-preview-for-blog.png?fit=1058%2C596&ssl=1&resize=1050%2C600 3x"},"classes":[]},{"id":4145,"url":"https:\/\/grievingmaman.com\/fr\/2022\/04\/13\/quoi-dire-a-une-personne-en-deuil\/","url_meta":{"origin":1706,"position":4},"title":"Quoi dire \u00e0 une personne en deuil","author":"Brigitte Lehoux","date":"13 Avr 2022","format":false,"excerpt":"J'inclus 15 exemples de choses qui ne devraient pas \u00eatre dites \u00e0 une personne en deuil, avec les raisons pour lesquelles les expressions doivent \u00eatre \u00e9vit\u00e9es. Je partage de meilleures alternatives que les endeuill\u00e9s pr\u00e9f\u00e9reraient entendre, ainsi que des conseils sur la fa\u00e7on d'\u00eatre plus empathique.","rel":"","context":"In &quot;Grief&quot;","block_context":{"text":"Grief","link":"https:\/\/grievingmaman.com\/fr\/category\/grief\/"},"img":{"alt_text":"What to say to a grieving person and what not to say (to avoid) - To help the bereaved with concrete examples in their grief and do's and don'ts","src":"https:\/\/i0.wp.com\/grievingmaman.com\/wp-content\/uploads\/What-not-to-say-to-someone-who-is-grieving-and-what-to-say-instead-image-1-e1649879613919.png?fit=1109%2C1200&ssl=1&resize=350%2C200","width":350,"height":200,"srcset":"https:\/\/i0.wp.com\/grievingmaman.com\/wp-content\/uploads\/What-not-to-say-to-someone-who-is-grieving-and-what-to-say-instead-image-1-e1649879613919.png?fit=1109%2C1200&ssl=1&resize=350%2C200 1x, https:\/\/i0.wp.com\/grievingmaman.com\/wp-content\/uploads\/What-not-to-say-to-someone-who-is-grieving-and-what-to-say-instead-image-1-e1649879613919.png?fit=1109%2C1200&ssl=1&resize=525%2C300 1.5x, https:\/\/i0.wp.com\/grievingmaman.com\/wp-content\/uploads\/What-not-to-say-to-someone-who-is-grieving-and-what-to-say-instead-image-1-e1649879613919.png?fit=1109%2C1200&ssl=1&resize=700%2C400 2x, https:\/\/i0.wp.com\/grievingmaman.com\/wp-content\/uploads\/What-not-to-say-to-someone-who-is-grieving-and-what-to-say-instead-image-1-e1649879613919.png?fit=1109%2C1200&ssl=1&resize=1050%2C600 3x"},"classes":[]},{"id":2471,"url":"https:\/\/grievingmaman.com\/fr\/2021\/04\/28\/isnt-child-loss-enough\/","url_meta":{"origin":1706,"position":5},"title":"La perte d'un enfant n'est pas assez?","author":"Brigitte Lehoux","date":"28 Avr 2021","format":false,"excerpt":"Je parle de l'impact de la pand\u00e9mie sur notre cheminement de deuil. Je d\u00e9cris une perte secondaire due \u00e0 l'accident.","rel":"","context":"In &quot;Grief&quot;","block_context":{"text":"Grief","link":"https:\/\/grievingmaman.com\/fr\/category\/grief\/"},"img":{"alt_text":"Maxandre Flintoff","src":"https:\/\/i0.wp.com\/grievingmaman.com\/wp-content\/uploads\/2021\/04\/IMG_7177_edited.jpg?fit=951%2C1200&ssl=1&resize=350%2C200","width":350,"height":200,"srcset":"https:\/\/i0.wp.com\/grievingmaman.com\/wp-content\/uploads\/2021\/04\/IMG_7177_edited.jpg?fit=951%2C1200&ssl=1&resize=350%2C200 1x, https:\/\/i0.wp.com\/grievingmaman.com\/wp-content\/uploads\/2021\/04\/IMG_7177_edited.jpg?fit=951%2C1200&ssl=1&resize=525%2C300 1.5x, https:\/\/i0.wp.com\/grievingmaman.com\/wp-content\/uploads\/2021\/04\/IMG_7177_edited.jpg?fit=951%2C1200&ssl=1&resize=700%2C400 2x"},"classes":[]}],"amp_enabled":true,"_links":{"self":[{"href":"https:\/\/grievingmaman.com\/fr\/wp-json\/wp\/v2\/posts\/1706","targetHints":{"allow":["GET"]}}],"collection":[{"href":"https:\/\/grievingmaman.com\/fr\/wp-json\/wp\/v2\/posts"}],"about":[{"href":"https:\/\/grievingmaman.com\/fr\/wp-json\/wp\/v2\/types\/post"}],"author":[{"embeddable":true,"href":"https:\/\/grievingmaman.com\/fr\/wp-json\/wp\/v2\/users\/185178740"}],"replies":[{"embeddable":true,"href":"https:\/\/grievingmaman.com\/fr\/wp-json\/wp\/v2\/comments?post=1706"}],"version-history":[{"count":31,"href":"https:\/\/grievingmaman.com\/fr\/wp-json\/wp\/v2\/posts\/1706\/revisions"}],"predecessor-version":[{"id":3145,"href":"https:\/\/grievingmaman.com\/fr\/wp-json\/wp\/v2\/posts\/1706\/revisions\/3145"}],"wp:featuredmedia":[{"embeddable":true,"href":"https:\/\/grievingmaman.com\/fr\/wp-json\/wp\/v2\/media\/1713"}],"wp:attachment":[{"href":"https:\/\/grievingmaman.com\/fr\/wp-json\/wp\/v2\/media?parent=1706"}],"wp:term":[{"taxonomy":"category","embeddable":true,"href":"https:\/\/grievingmaman.com\/fr\/wp-json\/wp\/v2\/categories?post=1706"},{"taxonomy":"post_tag","embeddable":true,"href":"https:\/\/grievingmaman.com\/fr\/wp-json\/wp\/v2\/tags?post=1706"}],"curies":[{"name":"wp","href":"https:\/\/api.w.org\/{rel}","templated":true}]}}