{"id":1843,"date":"2021-02-22T22:35:46","date_gmt":"2021-02-23T03:35:46","guid":{"rendered":"https:\/\/grievingmaman.com\/?p=1843"},"modified":"2021-03-04T10:27:38","modified_gmt":"2021-03-04T15:27:38","slug":"remembering-our-moments-together","status":"publish","type":"post","link":"https:\/\/grievingmaman.com\/fr\/2021\/02\/22\/remembering-our-moments-together\/","title":{"rendered":"Se souvenir de nos moments ensemble"},"content":{"rendered":"<p class=\"has-medium-font-size wp-block-paragraph\">For the English version, click \"EN\" at top-right of the menu <a href=\"https:\/\/grievingmaman.com\/fr\/2021\/02\/22\/remembering-our-moments-together\/\">version fran\u00e7aise<\/a>, cliquez ici.<\/p>\n\n\n\n<hr class=\"wp-block-separator is-style-wide\"\/>\n\n\n\n<blockquote class=\"wp-block-quote is-style-default is-layout-flow wp-block-quote-is-layout-flow\" style=\"color:#717678\"><p>Je d\u00e9die cette publication \u00e0 la m\u00e9moire de mon oncle Armand Lehoux <\/p><\/blockquote>\n\n\n\n<p class=\"has-drop-cap wp-block-paragraph\" style=\"font-size:18px\">Aujourd\u2019hui a \u00e9t\u00e9 une journ\u00e9e difficile pour nous. Nous avions re\u00e7u le rapport du Coroner par la poste vendredi dernier. Ce matin, Carl m\u2019a confi\u00e9 qu\u2019il avait lu le rapport plus t\u00f4t durant le matin. Il a dit que ce n\u2019\u00e9tait pas une bonne id\u00e9e et qu\u2019il avait trouv\u00e9 cela difficile. Je me suis mise tout de suite \u00e0 pleurer. Je n\u2019avais m\u00eame pas regard\u00e9 le rapport. Je le lirai une autre fois, quand je me sentirai pr\u00eate.<br><\/p>\n\n\n\n<div class=\"wp-block-image\"><figure class=\"aligncenter size-large is-resized\"><img data-recalc-dims=\"1\" fetchpriority=\"high\" decoding=\"async\" data-attachment-id=\"1854\" data-permalink=\"https:\/\/grievingmaman.com\/fr\/2021\/02\/22\/remembering-our-moments-together\/rapport-du-coroner\/\" data-orig-file=\"https:\/\/i0.wp.com\/grievingmaman.com\/wp-content\/uploads\/2021\/02\/rapport-du-coroner.jpg?fit=2963%2C3951&amp;ssl=1\" data-orig-size=\"2963,3951\" data-comments-opened=\"1\" data-image-meta=\"{&quot;aperture&quot;:&quot;1.8&quot;,&quot;credit&quot;:&quot;&quot;,&quot;camera&quot;:&quot;iPhone XR&quot;,&quot;caption&quot;:&quot;&quot;,&quot;created_timestamp&quot;:&quot;1614012978&quot;,&quot;copyright&quot;:&quot;&quot;,&quot;focal_length&quot;:&quot;4.25&quot;,&quot;iso&quot;:&quot;25&quot;,&quot;shutter_speed&quot;:&quot;0.016129032258065&quot;,&quot;title&quot;:&quot;&quot;,&quot;orientation&quot;:&quot;1&quot;}\" data-image-title=\"rapport-du-coroner\" data-image-description=\"\" data-image-caption=\"\" data-large-file=\"https:\/\/i0.wp.com\/grievingmaman.com\/wp-content\/uploads\/2021\/02\/rapport-du-coroner.jpg?fit=768%2C1024&amp;ssl=1\" src=\"https:\/\/i0.wp.com\/grievingmaman.com\/wp-content\/uploads\/2021\/02\/rapport-du-coroner.jpg?resize=388%2C515&#038;ssl=1\" alt=\"\" class=\"wp-image-1854\" width=\"388\" height=\"515\" srcset=\"https:\/\/i0.wp.com\/grievingmaman.com\/wp-content\/uploads\/2021\/02\/rapport-du-coroner.jpg?resize=225%2C300&amp;ssl=1 225w, https:\/\/i0.wp.com\/grievingmaman.com\/wp-content\/uploads\/2021\/02\/rapport-du-coroner.jpg?resize=9%2C12&amp;ssl=1 9w, https:\/\/i0.wp.com\/grievingmaman.com\/wp-content\/uploads\/2021\/02\/rapport-du-coroner.jpg?resize=150%2C200&amp;ssl=1 150w, https:\/\/i0.wp.com\/grievingmaman.com\/wp-content\/uploads\/2021\/02\/rapport-du-coroner.jpg?zoom=2&amp;resize=388%2C515&amp;ssl=1 776w, https:\/\/i0.wp.com\/grievingmaman.com\/wp-content\/uploads\/2021\/02\/rapport-du-coroner.jpg?zoom=3&amp;resize=388%2C515&amp;ssl=1 1164w\" sizes=\"(max-width: 388px) 100vw, 388px\" \/><\/figure><\/div>\n\n\n\n<p class=\"wp-block-paragraph\" style=\"font-size:18px\">C\u2019est une de ces journ\u00e9es o\u00f9 peut importe la situation, les \u00e9motions doivent sortir. J\u2019ai pleur\u00e9 une bonne partie de la journ\u00e9e. Les gens pensent peut-\u00eatre que les anniversaires ou les occasions sp\u00e9ciales sont les journ\u00e9es les plus difficiles. Ce n\u2019est pas n\u00e9cessairement le cas.<br><br>Malheureusement, nous avons des journ\u00e9es difficiles qui apparaissent sans avertissement. Quoi qu\u2019il en soit, nous essayons de notre mieux pour vivre une vie normale et profiter des beaux moments. Mais spontan\u00e9ment, la douleur refait surface de fa\u00e7on brutale. Et c\u2019est normal. \u00c0 ce sujet, comme j\u2019ai mentionn\u00e9 dans une <a href=\"https:\/\/grievingmaman.com\/fr\/2021\/02\/11\/5-reasons-to-remember-our-loved-ones\/\">publication pr\u00e9c\u00e9dente<\/a>, c\u2019est mieux pour la sant\u00e9 de lib\u00e9rer nos \u00e9motions que les retenir.<\/p>\n\n\n\n<p class=\"wp-block-paragraph\"><\/p>\n\n\n\n<h3 class=\"wp-block-heading\"><strong>Partager nos beaux moments<\/strong><\/h3>\n\n\n\n<p class=\"wp-block-paragraph\" style=\"font-size:18px\">Ce vendredi le 26 f\u00e9vrier, Zacka\u00ebl aurait eu 7 ans. En l\u2019honneur de Zacka\u00ebl, cette semaine, j\u2019essaierai de partager \u00e0 chaque jour un beau moment que j\u2019ai eu avec mon petit ange. Certains moments vous sembleront peut-\u00eatre anodins, mais pour moi, ils renferment une certaine signification.<br><\/p>\n\n\n\n<h6 class=\"wp-block-heading\"><strong>Souvenir du jour<\/strong><\/h6>\n\n\n\n<p class=\"wp-block-paragraph\" style=\"font-size:18px\">Zacka\u00ebl \u00e9tait un petit gar\u00e7on tr\u00e8s observateur. Il n\u2019\u00e9tait pas du genre \u00e0 parler beaucoup, il aimait plut\u00f4t observer les autres. Je l\u2019ai toujours trouv\u00e9 tr\u00e8s visuel.<br><br>\u00c7a devait \u00eatre seulement environ 1 mois avant son d\u00e9c\u00e8s. Un soir, avant le dodo des petits, nous \u00e9tions dans la chambre \u00e0 Maxandre. Sur le mur de la chambre, on y retrouve une carte de l\u2019Am\u00e9rique du Nord.<br><br>Je demande ainsi \u00e0 Maxandre s\u2019il se rappelle o\u00f9 est situ\u00e9e Hearst. Hearst est ma ville natale, une petite ville dans le nord de l\u2019Ontario. Maxandre ne s\u2019en souvenait plus, il devine et ne pointe donc pas \u00e0 la bonne place. Mais voici le petit Zacka\u00ebl, qui tout \u00e0 coup, pointe le doigt directement sur Hearst sur la grande carte. J\u2019\u00e9tais tr\u00e8s surprise, je ne me souvenais pas que je lui avais montr\u00e9. Il \u00e9tait content quand je lui ai dit \u00ab bravo Zacka\u00ebl \u00bb.<\/p>\n\n\n\n<p class=\"wp-block-paragraph\" style=\"font-size:18px\">J\u2019\u00e9tais surprise, mais en m\u00eame temps je ne l\u2019\u00e9tais pas. Il \u00e9tait un gar\u00e7on tr\u00e8s attentionn\u00e9.<br><br>Voici une photo de la carte \u00e0 Maxandre. On peut y voir Hearst sur la carte. <\/p>\n\n\n\n<div class=\"wp-block-image\"><figure class=\"aligncenter size-large is-resized\"><img data-recalc-dims=\"1\" decoding=\"async\" data-attachment-id=\"1853\" data-permalink=\"https:\/\/grievingmaman.com\/fr\/2021\/02\/22\/remembering-our-moments-together\/img_5151\/\" data-orig-file=\"https:\/\/i0.wp.com\/grievingmaman.com\/wp-content\/uploads\/2021\/02\/IMG_5151.jpg?fit=3474%2C2605&amp;ssl=1\" data-orig-size=\"3474,2605\" data-comments-opened=\"1\" data-image-meta=\"{&quot;aperture&quot;:&quot;1.8&quot;,&quot;credit&quot;:&quot;&quot;,&quot;camera&quot;:&quot;iPhone XR&quot;,&quot;caption&quot;:&quot;&quot;,&quot;created_timestamp&quot;:&quot;1614013122&quot;,&quot;copyright&quot;:&quot;&quot;,&quot;focal_length&quot;:&quot;4.25&quot;,&quot;iso&quot;:&quot;400&quot;,&quot;shutter_speed&quot;:&quot;0.016666666666667&quot;,&quot;title&quot;:&quot;&quot;,&quot;orientation&quot;:&quot;1&quot;}\" data-image-title=\"Hearst Ontario\" data-image-description=\"&lt;p&gt;Hearst Ontario&lt;\/p&gt;\" data-image-caption=\"\" data-large-file=\"https:\/\/i0.wp.com\/grievingmaman.com\/wp-content\/uploads\/2021\/02\/IMG_5151.jpg?fit=1024%2C768&amp;ssl=1\" src=\"https:\/\/i0.wp.com\/grievingmaman.com\/wp-content\/uploads\/2021\/02\/IMG_5151.jpg?resize=884%2C663&#038;ssl=1\" alt=\"\" class=\"wp-image-1853\" width=\"884\" height=\"663\" srcset=\"https:\/\/i0.wp.com\/grievingmaman.com\/wp-content\/uploads\/2021\/02\/IMG_5151.jpg?resize=1024%2C768&amp;ssl=1 1024w, https:\/\/i0.wp.com\/grievingmaman.com\/wp-content\/uploads\/2021\/02\/IMG_5151.jpg?resize=300%2C225&amp;ssl=1 300w, https:\/\/i0.wp.com\/grievingmaman.com\/wp-content\/uploads\/2021\/02\/IMG_5151.jpg?resize=768%2C576&amp;ssl=1 768w, https:\/\/i0.wp.com\/grievingmaman.com\/wp-content\/uploads\/2021\/02\/IMG_5151.jpg?resize=1536%2C1152&amp;ssl=1 1536w, https:\/\/i0.wp.com\/grievingmaman.com\/wp-content\/uploads\/2021\/02\/IMG_5151.jpg?resize=2048%2C1536&amp;ssl=1 2048w, https:\/\/i0.wp.com\/grievingmaman.com\/wp-content\/uploads\/2021\/02\/IMG_5151.jpg?resize=16%2C12&amp;ssl=1 16w, https:\/\/i0.wp.com\/grievingmaman.com\/wp-content\/uploads\/2021\/02\/IMG_5151.jpg?resize=1200%2C900&amp;ssl=1 1200w, https:\/\/i0.wp.com\/grievingmaman.com\/wp-content\/uploads\/2021\/02\/IMG_5151.jpg?resize=800%2C600&amp;ssl=1 800w, https:\/\/i0.wp.com\/grievingmaman.com\/wp-content\/uploads\/2021\/02\/IMG_5151.jpg?resize=400%2C300&amp;ssl=1 400w, https:\/\/i0.wp.com\/grievingmaman.com\/wp-content\/uploads\/2021\/02\/IMG_5151.jpg?resize=200%2C150&amp;ssl=1 200w, https:\/\/i0.wp.com\/grievingmaman.com\/wp-content\/uploads\/2021\/02\/IMG_5151.jpg?resize=720%2C540&amp;ssl=1 720w, https:\/\/i0.wp.com\/grievingmaman.com\/wp-content\/uploads\/2021\/02\/IMG_5151.jpg?resize=1320%2C990&amp;ssl=1 1320w, https:\/\/i0.wp.com\/grievingmaman.com\/wp-content\/uploads\/2021\/02\/IMG_5151.jpg?w=3000&amp;ssl=1 3000w\" sizes=\"(max-width: 884px) 100vw, 884px\" \/><\/figure><\/div>\n\n\n\n<p class=\"wp-block-paragraph\" style=\"font-size:18px\">Malheureusement, je n\u2019ai pas de photo de Zacka\u00ebl qui pointe la carte. Mais ce petit moment est grav\u00e9 dans ma m\u00e9moire.<\/p>\n\n\n\n<blockquote class=\"wp-block-quote is-style-default is-layout-flow wp-block-quote-is-layout-flow\"><p>\ud83d\udc9a Zacka\u00ebl, 5 ans pour toujours \ud83d\udc9a<\/p><\/blockquote>\n\n\n\n<p class=\"has-text-align-center has-text-color wp-block-paragraph\" style=\"color:#157350\"><br>C\u2019est tout pour l\u2019instant!<br>Merci de continuer \u00e0 laisser des commentaires et de m\u2019envoyer des messages, ils sont toujours appr\u00e9ci\u00e9s!<\/p>\n\n\n\n<p class=\"has-text-align-center has-text-color wp-block-paragraph\" style=\"color:#157350\">Si vous souhaitez recevoir ma prochaine publication, vous pouvez cliquer sur \u00abS'abonner par courriel\u00bb.<br>Ou vous pouvez m'envoyer un message et je vous enverrai une invitation!<\/p>","protected":false},"excerpt":{"rendered":"<p>Aujourd'hui a \u00e9t\u00e9 une journ\u00e9e difficile pour nous. Nous avons re\u00e7u le rapport du coroner sur la mort de Zacka\u00ebl. En l'honneur de Zacka\u00ebl, je partage un souvenir lorsqu'il s'est souvenu de ma ville natale (Hearst) sur la carte routi\u00e8re.<\/p>","protected":false},"author":185178740,"featured_media":1853,"comment_status":"open","ping_status":"open","sticky":false,"template":"","format":"standard","meta":{"_coblocks_attr":"","_coblocks_dimensions":"","_coblocks_responsive_height":"","_coblocks_accordion_ie_support":"","_crdt_document":"","_jetpack_newsletter_access":"","_jetpack_dont_email_post_to_subs":false,"_jetpack_newsletter_tier_id":0,"_jetpack_memberships_contains_paywalled_content":false,"_jetpack_memberships_contains_paid_content":false,"footnotes":"","jetpack_publicize_message":"","jetpack_publicize_feature_enabled":true,"jetpack_social_post_already_shared":true,"jetpack_social_options":{"image_generator_settings":{"template":"highway","default_image_id":0,"font":"","enabled":false},"version":2},"_wpas_customize_per_network":false,"jetpack_post_was_ever_published":false},"categories":[700495868],"tags":[600188,708032839,708032840,708033913],"class_list":["post-1843","post","type-post","status-publish","format-standard","has-post-thumbnail","hentry","category-zackael","tag-commemoration","tag-hearst","tag-moments","tag-zackael"],"yoast_head":"<!-- This site is optimized with the Yoast SEO plugin v27.4 - https:\/\/yoast.com\/product\/yoast-seo-wordpress\/ -->\n<title>Remembering our Moments Together &#8211; Grieving maman<\/title>\n<meta name=\"description\" content=\"Today was a difficult day for us. We received the coroner&#039;s report about Zacka\u00ebl&#039;s death. In honour of Zacka\u00ebl, I share a memory about how he remembered my hometown (Hearst) on the map.\" \/>\n<meta name=\"robots\" content=\"index, follow, max-snippet:-1, max-image-preview:large, max-video-preview:-1\" \/>\n<link rel=\"canonical\" href=\"https:\/\/grievingmaman.com\/fr\/2021\/02\/22\/remembering-our-moments-together\/\" \/>\n<meta property=\"og:locale\" content=\"fr_CA\" \/>\n<meta property=\"og:type\" content=\"article\" \/>\n<meta property=\"og:title\" content=\"Remembering our Moments Together &#8211; Grieving maman\" \/>\n<meta property=\"og:description\" content=\"Today was a difficult day for us. We received the coroner&#039;s report about Zacka\u00ebl&#039;s death. In honour of Zacka\u00ebl, I share a memory about how he remembered my hometown (Hearst) on the map.\" \/>\n<meta property=\"og:url\" content=\"https:\/\/grievingmaman.com\/fr\/2021\/02\/22\/remembering-our-moments-together\/\" \/>\n<meta property=\"og:site_name\" content=\"Grieving maman\" \/>\n<meta property=\"article:published_time\" content=\"2021-02-23T03:35:46+00:00\" \/>\n<meta property=\"article:modified_time\" content=\"2021-03-04T15:27:38+00:00\" \/>\n<meta property=\"og:image\" content=\"https:\/\/i2.wp.com\/grievingmaman.com\/wp-content\/uploads\/2021\/02\/IMG_5151.jpg?fit=3474%2C2605&ssl=1\" \/>\n\t<meta property=\"og:image:width\" content=\"3474\" \/>\n\t<meta property=\"og:image:height\" content=\"2605\" \/>\n\t<meta property=\"og:image:type\" content=\"image\/jpeg\" \/>\n<meta name=\"author\" content=\"Brigitte Lehoux\" \/>\n<meta name=\"twitter:card\" content=\"summary_large_image\" \/>\n<meta name=\"twitter:label1\" content=\"\u00c9crit par\" \/>\n\t<meta name=\"twitter:data1\" content=\"Brigitte Lehoux\" \/>\n\t<meta name=\"twitter:label2\" content=\"Estimation du temps de lecture\" \/>\n\t<meta name=\"twitter:data2\" content=\"3 minutes\" \/>\n<script type=\"application\/ld+json\" class=\"yoast-schema-graph\">{\"@context\":\"https:\\\/\\\/schema.org\",\"@graph\":[{\"@type\":\"Article\",\"@id\":\"https:\\\/\\\/grievingmaman.com\\\/fr\\\/2021\\\/02\\\/22\\\/remembering-our-moments-together\\\/#article\",\"isPartOf\":{\"@id\":\"https:\\\/\\\/grievingmaman.com\\\/fr\\\/2021\\\/02\\\/22\\\/remembering-our-moments-together\\\/\"},\"author\":{\"name\":\"Brigitte Lehoux\",\"@id\":\"https:\\\/\\\/grievingmaman.com\\\/fr\\\/#\\\/schema\\\/person\\\/1f19b09d0ab9ac20bb9dc17c1802d8be\"},\"headline\":\"Remembering our Moments Together\",\"datePublished\":\"2021-02-23T03:35:46+00:00\",\"dateModified\":\"2021-03-04T15:27:38+00:00\",\"mainEntityOfPage\":{\"@id\":\"https:\\\/\\\/grievingmaman.com\\\/fr\\\/2021\\\/02\\\/22\\\/remembering-our-moments-together\\\/\"},\"wordCount\":512,\"commentCount\":18,\"publisher\":{\"@id\":\"https:\\\/\\\/grievingmaman.com\\\/fr\\\/#\\\/schema\\\/person\\\/1f19b09d0ab9ac20bb9dc17c1802d8be\"},\"image\":{\"@id\":\"https:\\\/\\\/grievingmaman.com\\\/fr\\\/2021\\\/02\\\/22\\\/remembering-our-moments-together\\\/#primaryimage\"},\"thumbnailUrl\":\"https:\\\/\\\/i0.wp.com\\\/grievingmaman.com\\\/wp-content\\\/uploads\\\/2021\\\/02\\\/IMG_5151.jpg?fit=3474%2C2605&ssl=1\",\"keywords\":[\"Commemoration\",\"Hearst\",\"Moments\",\"Zacka\u00ebl\"],\"articleSection\":[\"Zacka\u00ebl\"],\"inLanguage\":\"fr-CA\",\"potentialAction\":[{\"@type\":\"CommentAction\",\"name\":\"Comment\",\"target\":[\"https:\\\/\\\/grievingmaman.com\\\/fr\\\/2021\\\/02\\\/22\\\/remembering-our-moments-together\\\/#respond\"]}]},{\"@type\":\"WebPage\",\"@id\":\"https:\\\/\\\/grievingmaman.com\\\/fr\\\/2021\\\/02\\\/22\\\/remembering-our-moments-together\\\/\",\"url\":\"https:\\\/\\\/grievingmaman.com\\\/fr\\\/2021\\\/02\\\/22\\\/remembering-our-moments-together\\\/\",\"name\":\"Remembering our Moments Together &#8211; Grieving maman\",\"isPartOf\":{\"@id\":\"https:\\\/\\\/grievingmaman.com\\\/fr\\\/#website\"},\"primaryImageOfPage\":{\"@id\":\"https:\\\/\\\/grievingmaman.com\\\/fr\\\/2021\\\/02\\\/22\\\/remembering-our-moments-together\\\/#primaryimage\"},\"image\":{\"@id\":\"https:\\\/\\\/grievingmaman.com\\\/fr\\\/2021\\\/02\\\/22\\\/remembering-our-moments-together\\\/#primaryimage\"},\"thumbnailUrl\":\"https:\\\/\\\/i0.wp.com\\\/grievingmaman.com\\\/wp-content\\\/uploads\\\/2021\\\/02\\\/IMG_5151.jpg?fit=3474%2C2605&ssl=1\",\"datePublished\":\"2021-02-23T03:35:46+00:00\",\"dateModified\":\"2021-03-04T15:27:38+00:00\",\"description\":\"Today was a difficult day for us. We received the coroner's report about Zacka\u00ebl's death. In honour of Zacka\u00ebl, I share a memory about how he remembered my hometown (Hearst) on the map.\",\"breadcrumb\":{\"@id\":\"https:\\\/\\\/grievingmaman.com\\\/fr\\\/2021\\\/02\\\/22\\\/remembering-our-moments-together\\\/#breadcrumb\"},\"inLanguage\":\"fr-CA\",\"potentialAction\":[{\"@type\":\"ReadAction\",\"target\":[\"https:\\\/\\\/grievingmaman.com\\\/fr\\\/2021\\\/02\\\/22\\\/remembering-our-moments-together\\\/\"]}]},{\"@type\":\"ImageObject\",\"inLanguage\":\"fr-CA\",\"@id\":\"https:\\\/\\\/grievingmaman.com\\\/fr\\\/2021\\\/02\\\/22\\\/remembering-our-moments-together\\\/#primaryimage\",\"url\":\"https:\\\/\\\/i0.wp.com\\\/grievingmaman.com\\\/wp-content\\\/uploads\\\/2021\\\/02\\\/IMG_5151.jpg?fit=3474%2C2605&ssl=1\",\"contentUrl\":\"https:\\\/\\\/i0.wp.com\\\/grievingmaman.com\\\/wp-content\\\/uploads\\\/2021\\\/02\\\/IMG_5151.jpg?fit=3474%2C2605&ssl=1\",\"width\":3474,\"height\":2605,\"caption\":\"Hearst Ontario\"},{\"@type\":\"BreadcrumbList\",\"@id\":\"https:\\\/\\\/grievingmaman.com\\\/fr\\\/2021\\\/02\\\/22\\\/remembering-our-moments-together\\\/#breadcrumb\",\"itemListElement\":[{\"@type\":\"ListItem\",\"position\":1,\"name\":\"Home\",\"item\":\"https:\\\/\\\/grievingmaman.com\\\/\"},{\"@type\":\"ListItem\",\"position\":2,\"name\":\"Remembering our Moments Together\"}]},{\"@type\":\"WebSite\",\"@id\":\"https:\\\/\\\/grievingmaman.com\\\/fr\\\/#website\",\"url\":\"https:\\\/\\\/grievingmaman.com\\\/fr\\\/\",\"name\":\"Grieving maman\",\"description\":\"Surviving the loss of my son\",\"publisher\":{\"@id\":\"https:\\\/\\\/grievingmaman.com\\\/fr\\\/#\\\/schema\\\/person\\\/1f19b09d0ab9ac20bb9dc17c1802d8be\"},\"potentialAction\":[{\"@type\":\"SearchAction\",\"target\":{\"@type\":\"EntryPoint\",\"urlTemplate\":\"https:\\\/\\\/grievingmaman.com\\\/fr\\\/?s={search_term_string}\"},\"query-input\":{\"@type\":\"PropertyValueSpecification\",\"valueRequired\":true,\"valueName\":\"search_term_string\"}}],\"inLanguage\":\"fr-CA\"},{\"@type\":[\"Person\",\"Organization\"],\"@id\":\"https:\\\/\\\/grievingmaman.com\\\/fr\\\/#\\\/schema\\\/person\\\/1f19b09d0ab9ac20bb9dc17c1802d8be\",\"name\":\"Brigitte Lehoux\",\"image\":{\"@type\":\"ImageObject\",\"inLanguage\":\"fr-CA\",\"@id\":\"https:\\\/\\\/i0.wp.com\\\/grievingmaman.com\\\/wp-content\\\/uploads\\\/Grieving-Maman-logo-Final-Grieving-Parent-Grieving-Mother-Website-Blog.png?fit=1900%2C500&ssl=1\",\"url\":\"https:\\\/\\\/i0.wp.com\\\/grievingmaman.com\\\/wp-content\\\/uploads\\\/Grieving-Maman-logo-Final-Grieving-Parent-Grieving-Mother-Website-Blog.png?fit=1900%2C500&ssl=1\",\"contentUrl\":\"https:\\\/\\\/i0.wp.com\\\/grievingmaman.com\\\/wp-content\\\/uploads\\\/Grieving-Maman-logo-Final-Grieving-Parent-Grieving-Mother-Website-Blog.png?fit=1900%2C500&ssl=1\",\"width\":1900,\"height\":500,\"caption\":\"Brigitte Lehoux\"},\"logo\":{\"@id\":\"https:\\\/\\\/i0.wp.com\\\/grievingmaman.com\\\/wp-content\\\/uploads\\\/Grieving-Maman-logo-Final-Grieving-Parent-Grieving-Mother-Website-Blog.png?fit=1900%2C500&ssl=1\"},\"sameAs\":[\"http:\\\/\\\/grievingmaman.wordpress.com\"]}]}<\/script>\n<!-- \/ Yoast SEO plugin. -->","yoast_head_json":{"title":"Remembering our Moments Together &#8211; Grieving maman","description":"Today was a difficult day for us. We received the coroner's report about Zacka\u00ebl's death. In honour of Zacka\u00ebl, I share a memory about how he remembered my hometown (Hearst) on the map.","robots":{"index":"index","follow":"follow","max-snippet":"max-snippet:-1","max-image-preview":"max-image-preview:large","max-video-preview":"max-video-preview:-1"},"canonical":"https:\/\/grievingmaman.com\/fr\/2021\/02\/22\/remembering-our-moments-together\/","og_locale":"fr_CA","og_type":"article","og_title":"Remembering our Moments Together &#8211; Grieving maman","og_description":"Today was a difficult day for us. We received the coroner's report about Zacka\u00ebl's death. In honour of Zacka\u00ebl, I share a memory about how he remembered my hometown (Hearst) on the map.","og_url":"https:\/\/grievingmaman.com\/fr\/2021\/02\/22\/remembering-our-moments-together\/","og_site_name":"Grieving maman","article_published_time":"2021-02-23T03:35:46+00:00","article_modified_time":"2021-03-04T15:27:38+00:00","og_image":[{"width":3474,"height":2605,"url":"https:\/\/i2.wp.com\/grievingmaman.com\/wp-content\/uploads\/2021\/02\/IMG_5151.jpg?fit=3474%2C2605&ssl=1","type":"image\/jpeg"}],"author":"Brigitte Lehoux","twitter_card":"summary_large_image","twitter_misc":{"\u00c9crit par":"Brigitte Lehoux","Estimation du temps de lecture":"3 minutes"},"schema":{"@context":"https:\/\/schema.org","@graph":[{"@type":"Article","@id":"https:\/\/grievingmaman.com\/fr\/2021\/02\/22\/remembering-our-moments-together\/#article","isPartOf":{"@id":"https:\/\/grievingmaman.com\/fr\/2021\/02\/22\/remembering-our-moments-together\/"},"author":{"name":"Brigitte Lehoux","@id":"https:\/\/grievingmaman.com\/fr\/#\/schema\/person\/1f19b09d0ab9ac20bb9dc17c1802d8be"},"headline":"Remembering our Moments Together","datePublished":"2021-02-23T03:35:46+00:00","dateModified":"2021-03-04T15:27:38+00:00","mainEntityOfPage":{"@id":"https:\/\/grievingmaman.com\/fr\/2021\/02\/22\/remembering-our-moments-together\/"},"wordCount":512,"commentCount":18,"publisher":{"@id":"https:\/\/grievingmaman.com\/fr\/#\/schema\/person\/1f19b09d0ab9ac20bb9dc17c1802d8be"},"image":{"@id":"https:\/\/grievingmaman.com\/fr\/2021\/02\/22\/remembering-our-moments-together\/#primaryimage"},"thumbnailUrl":"https:\/\/i0.wp.com\/grievingmaman.com\/wp-content\/uploads\/2021\/02\/IMG_5151.jpg?fit=3474%2C2605&ssl=1","keywords":["Commemoration","Hearst","Moments","Zacka\u00ebl"],"articleSection":["Zacka\u00ebl"],"inLanguage":"fr-CA","potentialAction":[{"@type":"CommentAction","name":"Comment","target":["https:\/\/grievingmaman.com\/fr\/2021\/02\/22\/remembering-our-moments-together\/#respond"]}]},{"@type":"WebPage","@id":"https:\/\/grievingmaman.com\/fr\/2021\/02\/22\/remembering-our-moments-together\/","url":"https:\/\/grievingmaman.com\/fr\/2021\/02\/22\/remembering-our-moments-together\/","name":"Remembering our Moments Together &#8211; Grieving maman","isPartOf":{"@id":"https:\/\/grievingmaman.com\/fr\/#website"},"primaryImageOfPage":{"@id":"https:\/\/grievingmaman.com\/fr\/2021\/02\/22\/remembering-our-moments-together\/#primaryimage"},"image":{"@id":"https:\/\/grievingmaman.com\/fr\/2021\/02\/22\/remembering-our-moments-together\/#primaryimage"},"thumbnailUrl":"https:\/\/i0.wp.com\/grievingmaman.com\/wp-content\/uploads\/2021\/02\/IMG_5151.jpg?fit=3474%2C2605&ssl=1","datePublished":"2021-02-23T03:35:46+00:00","dateModified":"2021-03-04T15:27:38+00:00","description":"Today was a difficult day for us. We received the coroner's report about Zacka\u00ebl's death. In honour of Zacka\u00ebl, I share a memory about how he remembered my hometown (Hearst) on the map.","breadcrumb":{"@id":"https:\/\/grievingmaman.com\/fr\/2021\/02\/22\/remembering-our-moments-together\/#breadcrumb"},"inLanguage":"fr-CA","potentialAction":[{"@type":"ReadAction","target":["https:\/\/grievingmaman.com\/fr\/2021\/02\/22\/remembering-our-moments-together\/"]}]},{"@type":"ImageObject","inLanguage":"fr-CA","@id":"https:\/\/grievingmaman.com\/fr\/2021\/02\/22\/remembering-our-moments-together\/#primaryimage","url":"https:\/\/i0.wp.com\/grievingmaman.com\/wp-content\/uploads\/2021\/02\/IMG_5151.jpg?fit=3474%2C2605&ssl=1","contentUrl":"https:\/\/i0.wp.com\/grievingmaman.com\/wp-content\/uploads\/2021\/02\/IMG_5151.jpg?fit=3474%2C2605&ssl=1","width":3474,"height":2605,"caption":"Hearst Ontario"},{"@type":"BreadcrumbList","@id":"https:\/\/grievingmaman.com\/fr\/2021\/02\/22\/remembering-our-moments-together\/#breadcrumb","itemListElement":[{"@type":"ListItem","position":1,"name":"Home","item":"https:\/\/grievingmaman.com\/"},{"@type":"ListItem","position":2,"name":"Remembering our Moments Together"}]},{"@type":"WebSite","@id":"https:\/\/grievingmaman.com\/fr\/#website","url":"https:\/\/grievingmaman.com\/fr\/","name":"Grieving maman","description":"Survivre \u00e0 la perte de mon gar\u00e7on","publisher":{"@id":"https:\/\/grievingmaman.com\/fr\/#\/schema\/person\/1f19b09d0ab9ac20bb9dc17c1802d8be"},"potentialAction":[{"@type":"SearchAction","target":{"@type":"EntryPoint","urlTemplate":"https:\/\/grievingmaman.com\/fr\/?s={search_term_string}"},"query-input":{"@type":"PropertyValueSpecification","valueRequired":true,"valueName":"search_term_string"}}],"inLanguage":"fr-CA"},{"@type":["Person","Organization"],"@id":"https:\/\/grievingmaman.com\/fr\/#\/schema\/person\/1f19b09d0ab9ac20bb9dc17c1802d8be","name":"Brigitte Lehoux","image":{"@type":"ImageObject","inLanguage":"fr-CA","@id":"https:\/\/i0.wp.com\/grievingmaman.com\/wp-content\/uploads\/Grieving-Maman-logo-Final-Grieving-Parent-Grieving-Mother-Website-Blog.png?fit=1900%2C500&ssl=1","url":"https:\/\/i0.wp.com\/grievingmaman.com\/wp-content\/uploads\/Grieving-Maman-logo-Final-Grieving-Parent-Grieving-Mother-Website-Blog.png?fit=1900%2C500&ssl=1","contentUrl":"https:\/\/i0.wp.com\/grievingmaman.com\/wp-content\/uploads\/Grieving-Maman-logo-Final-Grieving-Parent-Grieving-Mother-Website-Blog.png?fit=1900%2C500&ssl=1","width":1900,"height":500,"caption":"Brigitte Lehoux"},"logo":{"@id":"https:\/\/i0.wp.com\/grievingmaman.com\/wp-content\/uploads\/Grieving-Maman-logo-Final-Grieving-Parent-Grieving-Mother-Website-Blog.png?fit=1900%2C500&ssl=1"},"sameAs":["http:\/\/grievingmaman.wordpress.com"]}]}},"jetpack_publicize_connections":[],"jetpack_featured_media_url":"https:\/\/i0.wp.com\/grievingmaman.com\/wp-content\/uploads\/2021\/02\/IMG_5151.jpg?fit=3474%2C2605&ssl=1","jetpack_likes_enabled":true,"jetpack_sharing_enabled":true,"jetpack_shortlink":"https:\/\/wp.me\/pbXpxA-tJ","jetpack-related-posts":[{"id":2193,"url":"https:\/\/grievingmaman.com\/fr\/2021\/03\/19\/lenvolee-damour-de-zackael-ve-boisvert\/","url_meta":{"origin":1843,"position":0},"title":"L'envol\u00e9e d'amour de Zacka\u00ebl","author":"Brigitte Lehoux","date":"19 Mar 2021","format":false,"excerpt":"Je vous d\u00e9voile l'autre tableau en l'honneur de Zacka\u00ebl, cr\u00e9\u00e9 par V\u00e9 Boisvert. C\u00e9l\u00e9brant la vie de Zacka\u00ebl, je partage un diaporama qui comprend de beaux moments avec lui.","rel":"","context":"In &quot;Zacka\u00ebl&quot;","block_context":{"text":"Zacka\u00ebl","link":"https:\/\/grievingmaman.com\/fr\/category\/zackael\/"},"img":{"alt_text":"Zackael balan\u00e7oire - swing","src":"https:\/\/i0.wp.com\/grievingmaman.com\/wp-content\/uploads\/2021\/03\/balancoire.jpg?fit=1200%2C685&ssl=1&resize=350%2C200","width":350,"height":200,"srcset":"https:\/\/i0.wp.com\/grievingmaman.com\/wp-content\/uploads\/2021\/03\/balancoire.jpg?fit=1200%2C685&ssl=1&resize=350%2C200 1x, https:\/\/i0.wp.com\/grievingmaman.com\/wp-content\/uploads\/2021\/03\/balancoire.jpg?fit=1200%2C685&ssl=1&resize=525%2C300 1.5x, https:\/\/i0.wp.com\/grievingmaman.com\/wp-content\/uploads\/2021\/03\/balancoire.jpg?fit=1200%2C685&ssl=1&resize=700%2C400 2x, https:\/\/i0.wp.com\/grievingmaman.com\/wp-content\/uploads\/2021\/03\/balancoire.jpg?fit=1200%2C685&ssl=1&resize=1050%2C600 3x"},"classes":[]},{"id":2040,"url":"https:\/\/grievingmaman.com\/fr\/2021\/03\/02\/under-zackael-wings-ve-boisvert\/","url_meta":{"origin":1843,"position":1},"title":"Zacka\u00ebl nous berce dans ses ailes","author":"Brigitte Lehoux","date":"2 Mar 2021","format":false,"excerpt":"Je d\u00e9voile une belle \u0153uvre d'art (avec des vid\u00e9os!) qui a \u00e9t\u00e9 cr\u00e9\u00e9e en l'honneur de Zacka\u00ebl. La toile a \u00e9t\u00e9 peinte par V\u00e9 Boisvert, une artiste talentueuse.","rel":"","context":"In &quot;Ad\u00e9lie&quot;","block_context":{"text":"Ad\u00e9lie","link":"https:\/\/grievingmaman.com\/fr\/category\/adelie\/"},"img":{"alt_text":"V\u00e9 Boisvert Art Painting Toile Zacka\u00ebl","src":"https:\/\/i0.wp.com\/grievingmaman.com\/wp-content\/uploads\/2021\/03\/Toile-Ve-Boisvert-finale-Zackael.jpg?fit=892%2C1200&ssl=1&resize=350%2C200","width":350,"height":200,"srcset":"https:\/\/i0.wp.com\/grievingmaman.com\/wp-content\/uploads\/2021\/03\/Toile-Ve-Boisvert-finale-Zackael.jpg?fit=892%2C1200&ssl=1&resize=350%2C200 1x, https:\/\/i0.wp.com\/grievingmaman.com\/wp-content\/uploads\/2021\/03\/Toile-Ve-Boisvert-finale-Zackael.jpg?fit=892%2C1200&ssl=1&resize=525%2C300 1.5x, https:\/\/i0.wp.com\/grievingmaman.com\/wp-content\/uploads\/2021\/03\/Toile-Ve-Boisvert-finale-Zackael.jpg?fit=892%2C1200&ssl=1&resize=700%2C400 2x"},"classes":[]},{"id":5416,"url":"https:\/\/grievingmaman.com\/fr\/2022\/10\/14\/il-sera-toujours-un-fan-des-senateurs\/","url_meta":{"origin":1843,"position":2},"title":"Il sera toujours un fan des S\u00e9nateurs","author":"Brigitte Lehoux","date":"14 Oct 2022","format":false,"excerpt":"Je parle des avantages d'\u00eatre amateurs de sport et je partage un montage vid\u00e9os de nos moments en famille avec les S\u00e9nateurs d'Ottawa.","rel":"","context":"In &quot;Ad\u00e9lie&quot;","block_context":{"text":"Ad\u00e9lie","link":"https:\/\/grievingmaman.com\/fr\/category\/adelie\/"},"img":{"alt_text":"Ottawa-Senators-Claude-Giroux-Brady-Tkachuk-Thomas-Chabot-captain-and-assistant-captains-2022","src":"https:\/\/i0.wp.com\/grievingmaman.com\/wp-content\/uploads\/Ottawa-Senators-Claude-Giroux-Brady-Tkachuk-Thomas-Chabot-captain-and-assitant-captains-2022.jpg?fit=1200%2C675&ssl=1&resize=350%2C200","width":350,"height":200,"srcset":"https:\/\/i0.wp.com\/grievingmaman.com\/wp-content\/uploads\/Ottawa-Senators-Claude-Giroux-Brady-Tkachuk-Thomas-Chabot-captain-and-assitant-captains-2022.jpg?fit=1200%2C675&ssl=1&resize=350%2C200 1x, https:\/\/i0.wp.com\/grievingmaman.com\/wp-content\/uploads\/Ottawa-Senators-Claude-Giroux-Brady-Tkachuk-Thomas-Chabot-captain-and-assitant-captains-2022.jpg?fit=1200%2C675&ssl=1&resize=525%2C300 1.5x, https:\/\/i0.wp.com\/grievingmaman.com\/wp-content\/uploads\/Ottawa-Senators-Claude-Giroux-Brady-Tkachuk-Thomas-Chabot-captain-and-assitant-captains-2022.jpg?fit=1200%2C675&ssl=1&resize=700%2C400 2x, https:\/\/i0.wp.com\/grievingmaman.com\/wp-content\/uploads\/Ottawa-Senators-Claude-Giroux-Brady-Tkachuk-Thomas-Chabot-captain-and-assitant-captains-2022.jpg?fit=1200%2C675&ssl=1&resize=1050%2C600 3x"},"classes":[]},{"id":1757,"url":"https:\/\/grievingmaman.com\/fr\/2021\/02\/20\/20-facons-de-commemorer-nos-etres-chers\/","url_meta":{"origin":1843,"position":3},"title":"20 fa\u00e7ons de comm\u00e9morer nos \u00eatres chers","author":"Brigitte Lehoux","date":"20 F\u00e9v 2021","format":false,"excerpt":"Il existe de nombreuses fa\u00e7ons cr\u00e9atives et significatives de garder vivante la m\u00e9moire de nos \u00eatres chers. Dans cet article, je partage 20 gestes comm\u00e9moratifs que tout le monde peut faire, et j'inclus des photos!","rel":"","context":"In &quot;Grief&quot;","block_context":{"text":"Grief","link":"https:\/\/grievingmaman.com\/fr\/category\/grief\/"},"img":{"alt_text":"","src":"https:\/\/i0.wp.com\/grievingmaman.com\/wp-content\/uploads\/2021\/02\/IMG_2750-reduced.jpg?fit=1200%2C900&ssl=1&resize=350%2C200","width":350,"height":200,"srcset":"https:\/\/i0.wp.com\/grievingmaman.com\/wp-content\/uploads\/2021\/02\/IMG_2750-reduced.jpg?fit=1200%2C900&ssl=1&resize=350%2C200 1x, https:\/\/i0.wp.com\/grievingmaman.com\/wp-content\/uploads\/2021\/02\/IMG_2750-reduced.jpg?fit=1200%2C900&ssl=1&resize=525%2C300 1.5x, https:\/\/i0.wp.com\/grievingmaman.com\/wp-content\/uploads\/2021\/02\/IMG_2750-reduced.jpg?fit=1200%2C900&ssl=1&resize=700%2C400 2x, https:\/\/i0.wp.com\/grievingmaman.com\/wp-content\/uploads\/2021\/02\/IMG_2750-reduced.jpg?fit=1200%2C900&ssl=1&resize=1050%2C600 3x"},"classes":[]},{"id":3784,"url":"https:\/\/grievingmaman.com\/fr\/2022\/02\/27\/zackael-il-a-demande-si-peu-mais-a-tellement-donne-eloge\/","url_meta":{"origin":1843,"position":4},"title":"Il a demand\u00e9 si peu, mais a donn\u00e9 tellement","author":"Brigitte Lehoux","date":"27 F\u00e9v 2022","format":false,"excerpt":"I share a copy of the eulogy I wrote and gave at Zacka\u00ebl's funeral, and a video excerpt from the funeral.","rel":"","context":"In &quot;Zacka\u00ebl&quot;","block_context":{"text":"Zacka\u00ebl","link":"https:\/\/grievingmaman.com\/fr\/category\/zackael\/"},"img":{"alt_text":"Grieving mother of Zacka\u00ebl Flintoff Grieving parents at funeral eulogy maman endeuill\u00e9e \u00e9loge fun\u00e9railles","src":"https:\/\/i0.wp.com\/grievingmaman.com\/wp-content\/uploads\/Zackael-Flintoff-funerailles-funeral.jpg?fit=1200%2C674&ssl=1&resize=350%2C200","width":350,"height":200,"srcset":"https:\/\/i0.wp.com\/grievingmaman.com\/wp-content\/uploads\/Zackael-Flintoff-funerailles-funeral.jpg?fit=1200%2C674&ssl=1&resize=350%2C200 1x, https:\/\/i0.wp.com\/grievingmaman.com\/wp-content\/uploads\/Zackael-Flintoff-funerailles-funeral.jpg?fit=1200%2C674&ssl=1&resize=525%2C300 1.5x, https:\/\/i0.wp.com\/grievingmaman.com\/wp-content\/uploads\/Zackael-Flintoff-funerailles-funeral.jpg?fit=1200%2C674&ssl=1&resize=700%2C400 2x, https:\/\/i0.wp.com\/grievingmaman.com\/wp-content\/uploads\/Zackael-Flintoff-funerailles-funeral.jpg?fit=1200%2C674&ssl=1&resize=1050%2C600 3x"},"classes":[]},{"id":1934,"url":"https:\/\/grievingmaman.com\/fr\/2021\/02\/25\/4-years-ago-our-3-year-old-zackael\/","url_meta":{"origin":1843,"position":5},"title":"Il y a 4 ans; notre Zacka\u00ebl \u00e0 3 ans","author":"Brigitte Lehoux","date":"25 F\u00e9v 2021","format":false,"excerpt":"Aujourd'hui, je continue \u00e0 partager de beaux moments que nous avons pass\u00e9s avec Zacka\u00ebl. Je remonte 4 ans en arri\u00e8re, le 26 f\u00e9vrier 2017, jour de son troisi\u00e8me anniversaire. J'en partage une vid\u00e9o. Je pr\u00e9sente \u00e9galement un m\u00e9morial que j'ai install\u00e9 \u00e0 l'\u00e9cole Le Pr\u00e9lude \u00e0 Orl\u00e9ans.","rel":"","context":"In &quot;Zacka\u00ebl&quot;","block_context":{"text":"Zacka\u00ebl","link":"https:\/\/grievingmaman.com\/fr\/category\/zackael\/"},"img":{"alt_text":"Zacka\u00ebl Birthday Memorial","src":"https:\/\/i0.wp.com\/grievingmaman.com\/wp-content\/uploads\/2021\/02\/IMG_5164.jpg?fit=931%2C750&ssl=1&resize=350%2C200","width":350,"height":200,"srcset":"https:\/\/i0.wp.com\/grievingmaman.com\/wp-content\/uploads\/2021\/02\/IMG_5164.jpg?fit=931%2C750&ssl=1&resize=350%2C200 1x, https:\/\/i0.wp.com\/grievingmaman.com\/wp-content\/uploads\/2021\/02\/IMG_5164.jpg?fit=931%2C750&ssl=1&resize=525%2C300 1.5x, https:\/\/i0.wp.com\/grievingmaman.com\/wp-content\/uploads\/2021\/02\/IMG_5164.jpg?fit=931%2C750&ssl=1&resize=700%2C400 2x"},"classes":[]}],"amp_enabled":true,"_links":{"self":[{"href":"https:\/\/grievingmaman.com\/fr\/wp-json\/wp\/v2\/posts\/1843","targetHints":{"allow":["GET"]}}],"collection":[{"href":"https:\/\/grievingmaman.com\/fr\/wp-json\/wp\/v2\/posts"}],"about":[{"href":"https:\/\/grievingmaman.com\/fr\/wp-json\/wp\/v2\/types\/post"}],"author":[{"embeddable":true,"href":"https:\/\/grievingmaman.com\/fr\/wp-json\/wp\/v2\/users\/185178740"}],"replies":[{"embeddable":true,"href":"https:\/\/grievingmaman.com\/fr\/wp-json\/wp\/v2\/comments?post=1843"}],"version-history":[{"count":22,"href":"https:\/\/grievingmaman.com\/fr\/wp-json\/wp\/v2\/posts\/1843\/revisions"}],"predecessor-version":[{"id":2093,"href":"https:\/\/grievingmaman.com\/fr\/wp-json\/wp\/v2\/posts\/1843\/revisions\/2093"}],"wp:featuredmedia":[{"embeddable":true,"href":"https:\/\/grievingmaman.com\/fr\/wp-json\/wp\/v2\/media\/1853"}],"wp:attachment":[{"href":"https:\/\/grievingmaman.com\/fr\/wp-json\/wp\/v2\/media?parent=1843"}],"wp:term":[{"taxonomy":"category","embeddable":true,"href":"https:\/\/grievingmaman.com\/fr\/wp-json\/wp\/v2\/categories?post=1843"},{"taxonomy":"post_tag","embeddable":true,"href":"https:\/\/grievingmaman.com\/fr\/wp-json\/wp\/v2\/tags?post=1843"}],"curies":[{"name":"wp","href":"https:\/\/api.w.org\/{rel}","templated":true}]}}