{"id":2122,"date":"2021-03-09T22:53:02","date_gmt":"2021-03-10T03:53:02","guid":{"rendered":"https:\/\/grievingmaman.com\/?p=2122"},"modified":"2021-06-05T19:44:58","modified_gmt":"2021-06-05T23:44:58","slug":"23-myths-about-grief-education-deuil-mythes","status":"publish","type":"post","link":"https:\/\/grievingmaman.com\/fr\/2021\/03\/09\/23-myths-about-grief-education-deuil-mythes\/","title":{"rendered":"23 Mythes sur le deuil"},"content":{"rendered":"<p class=\"wp-block-paragraph\" style=\"font-size:18px\">For the English version, switch from FR to EN on the menu above <a href=\"https:\/\/grievingmaman.com\/fr\/2021\/03\/09\/23-myths-about-grief-education-deuil-mythes\/\">\u2630<\/a>.<\/p>\n\n\n\n<hr class=\"wp-block-separator is-style-wide\"\/>\n\n\n\n<p class=\"has-drop-cap wp-block-paragraph\" style=\"font-size:18px\">Plus t\u00f4t cette semaine, j\u2019ai lu un commentaire sur les r\u00e9seaux sociaux qui t\u00e9moignait une certaine ignorance entourant le deuil. Quoi qu\u2019il en soit, je ne bl\u00e2me pas seulement la personne qui a publi\u00e9 le commentaire maladroit, car elle avait probablement de bonnes intentions. Le commentaire en question avait \u00e9t\u00e9 \u00e9crit par un proche et \u00e9tait adress\u00e9 \u00e0 l'endeuill\u00e9. Il se lisait comme : \u00ab Tu devrais arr\u00eater de lire des pens\u00e9es comme cela, \u00e7a ne t\u2019aide pas \u00bb. Toutefois, l\u2019endeuill\u00e9 partageait une belle pens\u00e9e qui contenait en effet des citations tr\u00e8s positives.<br><\/p>\n\n\n\n<h2 class=\"wp-block-heading\">L'\u00e9ducation du deuil et de la mort<\/h2>\n\n\n\n<p class=\"wp-block-paragraph\" style=\"font-size:18px\">Ce genre de r\u00e9pliques peuvent blesser. En plus d\u2019autres commentaires que j\u2019ai vus dans le pass\u00e9, ils attestent du manque d\u2019\u00e9ducation que nous avons en ce qui a trait le deuil. Malheureusement, le deuil et la mort sont des sujets peu parl\u00e9s et peu enseign\u00e9s. Pourtant, ils font partie du cycle naturel de la vie, et la plupart des personnes vivront un deuil \u00e0 un moment donn\u00e9 dans leur vie. Non seulement cela, nous sommes souvent entour\u00e9s d\u2019endeuill\u00e9s, et devrions ainsi \u00eatre en mesure de les appuyer dans leur cheminement.<br><br>En 2018, la Australian Medical Association Queensland a propos\u00e9 <a href=\"https:\/\/www.bbc.com\/news\/business-44689506\">d\u2019introduire le sujet de l\u2019\u00e9ducation du deuil et de la mort<\/a> dans le curriculum de l\u2019\u00e9cole. J\u2019expliquerai dans une publication future pourquoi ceci est une bonne chose.<br><br>Pour revenir au commentaire dont j\u2019ai \u00e9t\u00e9 t\u00e9moin cette semaine, si cette personne \u00e9tait \u00e9duqu\u00e9e sur le deuil, elle n\u2019aurait pas \u00e9crit pas un tel propos. En fait, elle aurait su que :<\/p>\n\n\n\n<ul class=\"wp-block-list\" style=\"font-size:18px\"><li>Parler de nos \u00e9motions et partager des pens\u00e9es aident au cheminement du deuil<\/li><li>Personne n\u2019est dans la m\u00eame position que l\u2019endeuill\u00e9e, et donc pas en mesure de juger l\u2019endeuill\u00e9e<\/li><li>Chaque personne vit son deuil diff\u00e9remment<\/li><\/ul>\n\n\n\n<p class=\"wp-block-paragraph\" style=\"font-size:18px\">La r\u00e9alit\u00e9 est que plusieurs personnes sont malais\u00e9es avec le deuil. Dans les groups de soutien, je vois souvent des endeuill\u00e9s s\u2019exprimer de leur d\u00e9ception vis-\u00e0-vis l\u2019appui de leurs proches. Notamment, leurs proches \u00e9vitent les discussions au sujet du deuil et du d\u00e9funt, pendant que certains gardent m\u00eame leur distance des endeuill\u00e9s.<br><br>C\u2019est triste, mais vrai, que beaucoup de membres des famille et des amis ne sont pas \u00e0 l\u2019aise avec la mort, le chagrin et l\u2019\u00e9motion. Pourtant, le deuil est une r\u00e9action naturelle \u00e0 la perte. Et il n\u2019est surtout pas la peste, ni un signe de faiblesse. Fuir le deuil n\u2019aide aucunement soi-m\u00eame ou l\u2019endeuill\u00e9. Il faut arr\u00eater de penser que le deuil est mauvais. Ce n'est pas parce que quelque chose est douloureux que nous devons l'\u00e9viter ou l'ignorer, au contraire.<\/p>\n\n\n\n<div class=\"wp-block-image\"><figure class=\"aligncenter size-large is-resized\"><img data-recalc-dims=\"1\" fetchpriority=\"high\" decoding=\"async\" data-attachment-id=\"2138\" data-permalink=\"https:\/\/grievingmaman.com\/fr\/2021\/03\/09\/23-myths-about-grief-education-deuil-mythes\/grief-myths\/\" data-orig-file=\"https:\/\/i0.wp.com\/grievingmaman.com\/wp-content\/uploads\/2021\/03\/grief-myths.jpg?fit=853%2C691&amp;ssl=1\" data-orig-size=\"853,691\" data-comments-opened=\"1\" data-image-meta=\"{&quot;aperture&quot;:&quot;0&quot;,&quot;credit&quot;:&quot;&quot;,&quot;camera&quot;:&quot;&quot;,&quot;caption&quot;:&quot;&quot;,&quot;created_timestamp&quot;:&quot;0&quot;,&quot;copyright&quot;:&quot;&quot;,&quot;focal_length&quot;:&quot;0&quot;,&quot;iso&quot;:&quot;0&quot;,&quot;shutter_speed&quot;:&quot;0&quot;,&quot;title&quot;:&quot;&quot;,&quot;orientation&quot;:&quot;0&quot;}\" data-image-title=\"grief-myths-mythes-deuil\" data-image-description=\"&lt;p&gt;grief-myths-mythes-deuil&lt;\/p&gt;\" data-image-caption=\"\" data-large-file=\"https:\/\/i0.wp.com\/grievingmaman.com\/wp-content\/uploads\/2021\/03\/grief-myths.jpg?fit=853%2C691&amp;ssl=1\" src=\"https:\/\/i0.wp.com\/grievingmaman.com\/wp-content\/uploads\/2021\/03\/grief-myths.jpg?resize=448363&amp;ssl=1\" alt=\"\" class=\"wp-image-2138\" width=\"448\" height=\"363\" srcset=\"\" sizes=\"(max-width: 448px) 100vw, 448px\" data-srcset=\"\" \/><figcaption><sup>Picture source :  Pixabay<\/sup><span class=\"has-inline-color has-cyan-bluish-gray-color\"><\/span><\/figcaption><\/figure><\/div>\n\n\n\n<h2 class=\"wp-block-heading\">Les mythes du deuil<\/h2>\n\n\n\n<p class=\"wp-block-paragraph\" style=\"font-size:18px\">Il existe plusieurs mythes entourant le deuil. D\u2019apr\u00e8s moi, voici les 23 plus grands. Puisque cette liste est assez longue et je planifie couvrir ces sujets dans un futur rapproch\u00e9, <strong>j\u2019aimerais beaucoup<\/strong> \u00e9changer avec vous et vous demander ceci :<\/p>\n\n\n\n<ul class=\"wp-block-list\" style=\"font-size:18px\"><li>Lesquels des mythes suivants vous surprennent le plus?<\/li><\/ul>\n\n\n\n<ul class=\"wp-block-list\" style=\"font-size:18px\"><li>Est-ce qu\u2019il y a certains mythes dont vous aimeriez-vous que je discute dans une prochaine publication?<\/li><\/ul>\n\n\n\n<p class=\"wp-block-paragraph\" style=\"font-size:18px\">Suite aux r\u00e9sultats de ce sondage, j\u2019\u00e9crirai une publication sur les mythes que vous s\u00e9lectionnez. Ma publication incorpora des faits (et peut-\u00eatre m\u00eame des r\u00e9sultats d\u2019\u00e9tudes), mon exp\u00e9rience et ce que j\u2019ai appris durant les 16 derniers mois.<br><br><\/p>\n\n\n\n<h3 class=\"wp-block-heading\"><strong>23 grands mythes entourant le deuil<\/strong><\/h3>\n\n\n\n<p class=\"wp-block-paragraph\" style=\"font-size:18px\"><strong>Mythe 1<\/strong><\/p>\n\n\n\n<p class=\"wp-block-paragraph\" style=\"font-size:18px\">Le deuil est mauvais et nous ne devrions pas en parler.<\/p>\n\n\n\n<p class=\"wp-block-paragraph\" style=\"font-size:18px\"><strong>Mythe 2<\/strong><\/p>\n\n\n\n<p class=\"wp-block-paragraph\" style=\"font-size:18px\">L\u2019endeuill\u00e9 qui partage des \u00e9motions, des images, des pens\u00e9es ou des photos est \u00ab coinc\u00e9 \u00bb dans son deuil. Ces partages ralentissent le cheminement de son deuil.<\/p>\n\n\n\n<p class=\"wp-block-paragraph\" style=\"font-size:18px\"><strong>Mythe 3<\/strong><\/p>\n\n\n\n<p class=\"wp-block-paragraph\" style=\"font-size:18px\">La meilleur fa\u00e7on de cheminer dans le deuil est d\u2019\u00e9viter de trop y penser et se changer les id\u00e9es en faisant autres choses, comme retourner au travail.<\/p>\n\n\n\n<p class=\"wp-block-paragraph\" style=\"font-size:18px\"><strong>Mythe 4<\/strong><\/p>\n\n\n\n<p class=\"wp-block-paragraph\" style=\"font-size:18px\">L\u2019endeuill\u00e9 qui partage ses \u00e9motions ou des photos du d\u00e9funt ne fait que penser \u00e0 cela.<\/p>\n\n\n\n<p class=\"wp-block-paragraph\" style=\"font-size:18px\"><strong>Mythe 5<\/strong><\/p>\n\n\n\n<p class=\"wp-block-paragraph\" style=\"font-size:18px\">La meilleure chose \u00e0 dire \u00e0 un endeuill\u00e9 est quelque chose de r\u00e9confortant, de positif ou d'optimiste. Il faut l'encourager \u00e0 penser positivement et \u00e0 trouver des solutions pour le rendre plus heureux.<\/p>\n\n\n\n<p class=\"wp-block-paragraph\" style=\"font-size:18px\"><strong>Mythe 6<\/strong><\/p>\n\n\n\n<p class=\"wp-block-paragraph\" style=\"font-size:18px\">La premi\u00e8re ann\u00e9e est la plus difficile. Le deuil s'am\u00e9liore de jour en jour, car le temps gu\u00e9rit toutes les blessures. Nul besoin de s\u2019investir dans le travail du deuil.<\/p>\n\n\n\n<p class=\"wp-block-paragraph\" style=\"font-size:18px\"><strong>Mythe 7<\/strong><\/p>\n\n\n\n<p class=\"wp-block-paragraph\" style=\"font-size:18px\">Une personne qui a l\u2019air en sant\u00e9, qui fonctionne bien et qui est de retour au travail, se sent bien et ne vit plus un deuil.<\/p>\n\n\n\n<p class=\"wp-block-paragraph\" style=\"font-size:18px\"><strong>Mythe 8<\/strong><\/p>\n\n\n\n<p class=\"wp-block-paragraph\" style=\"font-size:18px\">Une personne endeuill\u00e9e est s\u00fbrement bien entour\u00e9e et \u00e9paul\u00e9e.<\/p>\n\n\n\n<p class=\"wp-block-paragraph\" style=\"font-size:18px\"><strong>Mythe 9<\/strong><\/p>\n\n\n\n<p class=\"wp-block-paragraph\" style=\"font-size:18px\">Je sais comment je r\u00e9agirais si je vivais un deuil.  Je ne ferais pas ce que cet endeuill\u00e9 fait.<\/p>\n\n\n\n<p class=\"wp-block-paragraph\" style=\"font-size:18px\"><strong>Mythe 10<\/strong><\/p>\n\n\n\n<p class=\"wp-block-paragraph\" style=\"font-size:18px\">Il est mieux d\u2019\u00e9viter de communiquer avec l\u2019endeuill\u00e9e apr\u00e8s la perte, afin de lui laisser du temps et de l\u2019espace.<\/p>\n\n\n\n<p class=\"wp-block-paragraph\" style=\"font-size:18px\"><strong>Mythe 11<\/strong><\/p>\n\n\n\n<p class=\"wp-block-paragraph\" style=\"font-size:18px\">L\u2019objectif du deuil est de passer \u00e0 autre chose.<\/p>\n\n\n\n<p class=\"wp-block-paragraph\" style=\"font-size:18px\"><strong>Mythe 12<\/strong><\/p>\n\n\n\n<p class=\"wp-block-paragraph\" style=\"font-size:18px\">Pour se sentir mieux, l\u2019endeuill\u00e9 n\u2019a simplement qu\u2019\u00e0 penser \u00e0 l\u2019\u00eatre cher ou regarder des photos de l\u2019\u00eatre cher.<\/p>\n\n\n\n<p class=\"wp-block-paragraph\" style=\"font-size:18px\"><strong>Mythe 13<\/strong><\/p>\n\n\n\n<p class=\"wp-block-paragraph\" style=\"font-size:18px\">Les psychologues, psychiatres, travailleurs sociaux ainsi que les experts en deuil ont tous une formation sur le deuil et comprennent ainsi ce que l\u2019endeuill\u00e9 traverse.<\/p>\n\n\n\n<p class=\"wp-block-paragraph\" style=\"font-size:18px\"><strong>Mythe 14<\/strong><\/p>\n\n\n\n<p class=\"wp-block-paragraph\" style=\"font-size:18px\">Une autre personne qui a connu une perte semblable peut certainement aider l\u2019endeuill\u00e9.<\/p>\n\n\n\n<p class=\"wp-block-paragraph\" style=\"font-size:18px\"><strong>Mythe 15<\/strong><\/p>\n\n\n\n<p class=\"wp-block-paragraph\" style=\"font-size:18px\">Tout arrive pour une raison.<\/p>\n\n\n\n<p class=\"wp-block-paragraph\" style=\"font-size:18px\"><strong>Mythe 16<\/strong><\/p>\n\n\n\n<p class=\"wp-block-paragraph\" style=\"font-size:18px\">Une personne qui parle beaucoup de son deuil devrait suivre une th\u00e9rapie.<\/p>\n\n\n\n<p class=\"wp-block-paragraph\" style=\"font-size:18px\"><strong>Mythe 17<\/strong><\/p>\n\n\n\n<p class=\"wp-block-paragraph\" style=\"font-size:18px\">La plupart des gens sont empathiques et compatissants.<\/p>\n\n\n\n<p class=\"wp-block-paragraph\" style=\"font-size:18px\"><strong>Mythe 18<\/strong><\/p>\n\n\n\n<p class=\"wp-block-paragraph\" style=\"font-size:18px\">Entreprendre une th\u00e9rapie et participer \u00e0 un groupe d\u2019aide aux endeuill\u00e9s aident toujours.<\/p>\n\n\n\n<p class=\"wp-block-paragraph\" style=\"font-size:18px\"><strong>Mythe 19<\/strong><\/p>\n\n\n\n<p class=\"wp-block-paragraph\" style=\"font-size:18px\">Il est pr\u00e9f\u00e9rable d\u2019\u00e9viter de mentionner le nom de d\u00e9funt par risque de peiner davantage l\u2019endeuill\u00e9 ou d\u2019attrister un moment pr\u00e9sent.<\/p>\n\n\n\n<p class=\"wp-block-paragraph\" style=\"font-size:18px\"><strong>Mythe 20<\/strong><\/p>\n\n\n\n<p class=\"wp-block-paragraph\" style=\"font-size:18px\">Les enfants sont toujours tr\u00e8s r\u00e9silients.<\/p>\n\n\n\n<p class=\"wp-block-paragraph\" style=\"font-size:18px\"><strong>Mythe 21<\/strong><\/p>\n\n\n\n<p class=\"wp-block-paragraph\" style=\"font-size:18px\">Les enfants en bas \u00e2ge ne comprennent pas bien la mort, il vaut mieux de ne pas en parler.<\/p>\n\n\n\n<p class=\"wp-block-paragraph\" style=\"font-size:18px\"><strong>Mythe 22<\/strong><\/p>\n\n\n\n<p class=\"wp-block-paragraph\" style=\"font-size:18px\">Suite \u00e0 sa perte, l\u2019endeuill\u00e9 devrait \u00e9viter de demander de l\u2019aide des autres. Il doit rester fort.<\/p>\n\n\n\n<p class=\"wp-block-paragraph\" style=\"font-size:18px\"><strong>Mythe 23<\/strong><\/p>\n\n\n\n<p class=\"wp-block-paragraph\" style=\"font-size:18px\">Tous les endeuill\u00e9s passent \u00e0 travers 5 \u00e9tapes au deuil (d\u00e9ni, col\u00e8re, marchandage, d\u00e9pression, acceptation). Le deuil a une trajectoire lin\u00e9aire.<br><\/p>\n\n\n\n<hr class=\"wp-block-separator is-style-default\"\/>\n\n\n\n<h3 class=\"has-text-align-center wp-block-heading\"><strong>SONDAGE<\/strong><\/h3>\n\n\n\n<p class=\"has-text-align-center has-text-color has-medium-font-size wp-block-paragraph\" style=\"color:#8043b9\"><strong>Veuillez participer si vous le pouvez! Il n'est pas trop tard!<\/strong><br>(participez pour voir les r\u00e9sultats \ud83d\ude0a)<\/p>\n\n\n\n\n\n<p class=\"has-text-align-center wp-block-paragraph\" style=\"font-size:18px\">C'est tout pour l'instant. Merci beaucoup d'avoir particip\u00e9 au sondage et de partager vos r\u00e9flexions dans les commentaires!<br> Ma prochaine publication se portera sur la r\u00e9v\u00e9lation de l\u2019\u0153uvre (par V\u00e9 Boisvert). Abonnez-vous au blogue pour ne pas la manquer!<\/p>\n\n\n\n<p class=\"has-text-align-center wp-block-paragraph\" style=\"font-size:18px\">Si vous souhaitez recevoir ma prochaine publication, vous pouvez cliquer sur \u00abS'abonner par courriel\u00bb.<br>Ou vous pouvez m'envoyer un message et je vous enverrai une invitation!<\/p>","protected":false},"excerpt":{"rendered":"<p> Je parle d'une certaine ignorance entourant le deuil et je fournis un exemple concret. Je partage les 23 plus grands mythes sur le deuil et je vous demande ce que vous pensez des mythes (via un petit sondage!).<\/p>","protected":false},"author":185178740,"featured_media":2138,"comment_status":"open","ping_status":"open","sticky":false,"template":"","format":"standard","meta":{"_coblocks_attr":"","_coblocks_dimensions":"","_coblocks_responsive_height":"","_coblocks_accordion_ie_support":"","_jetpack_newsletter_access":"","_jetpack_dont_email_post_to_subs":false,"_jetpack_newsletter_tier_id":0,"_jetpack_memberships_contains_paywalled_content":false,"_wpcom_ai_launchpad_first_post":false,"_jetpack_feature_clip_id":0,"_jetpack_memberships_contains_paid_content":false,"footnotes":"","jetpack_publicize_message":"{title}\n\n{excerpt}\n\n{url}","jetpack_publicize_feature_enabled":true,"jetpack_social_post_already_shared":true,"jetpack_social_options":{"image_generator_settings":{"template":"highway","default_image_id":0,"font":"","enabled":false},"version":2},"_wpas_customize_per_network":false,"jetpack_post_was_ever_published":false},"categories":[16950],"tags":[708032831],"class_list":["post-2122","post","type-post","status-publish","format-standard","has-post-thumbnail","hentry","category-grief","tag-tips"],"yoast_head":"<!-- This site is optimized with the Yoast SEO plugin v28.4 - https:\/\/yoast.com\/product\/yoast-seo-wordpress\/ -->\n<title>23 Myths About Grief &#8211; Grieving maman<\/title>\n<meta name=\"description\" content=\"I talk about some of the ignorance in regards to grief and provide a concrete example. I share the top 23 common myths about grief and ask for your thoughts about the myths (through a little poll!).\" \/>\n<meta name=\"robots\" content=\"index, follow, max-snippet:-1, max-image-preview:large, max-video-preview:-1\" \/>\n<link rel=\"canonical\" href=\"https:\/\/grievingmaman.com\/fr\/2021\/03\/09\/23-myths-about-grief-education-deuil-mythes\/\" \/>\n<meta property=\"og:locale\" content=\"fr_CA\" \/>\n<meta property=\"og:type\" content=\"article\" \/>\n<meta property=\"og:title\" content=\"23 Myths About Grief &#8211; Grieving maman\" \/>\n<meta property=\"og:description\" content=\"I talk about some of the ignorance in regards to grief and provide a concrete example. I share the top 23 common myths about grief and ask for your thoughts about the myths (through a little poll!).\" \/>\n<meta property=\"og:url\" content=\"https:\/\/grievingmaman.com\/fr\/2021\/03\/09\/23-myths-about-grief-education-deuil-mythes\/\" \/>\n<meta property=\"og:site_name\" content=\"Grieving maman\" \/>\n<meta property=\"article:published_time\" content=\"2021-03-10T03:53:02+00:00\" \/>\n<meta property=\"article:modified_time\" content=\"2021-06-05T23:44:58+00:00\" \/>\n<meta property=\"og:image\" content=\"https:\/\/i0.wp.com\/grievingmaman.com\/wp-content\/uploads\/2021\/03\/grief-myths.jpg?fit=853%2C691&ssl=1\" \/>\n\t<meta property=\"og:image:width\" content=\"853\" \/>\n\t<meta property=\"og:image:height\" content=\"691\" \/>\n\t<meta property=\"og:image:type\" content=\"image\/jpeg\" \/>\n<meta name=\"author\" content=\"Brigitte Lehoux\" \/>\n<meta name=\"twitter:card\" content=\"summary_large_image\" \/>\n<meta name=\"twitter:label1\" content=\"\u00c9crit par\" \/>\n\t<meta name=\"twitter:data1\" content=\"Brigitte Lehoux\" \/>\n\t<meta name=\"twitter:label2\" content=\"Estimation du temps de lecture\" \/>\n\t<meta name=\"twitter:data2\" content=\"5 minutes\" \/>\n<script type=\"application\/ld+json\" class=\"yoast-schema-graph\">{\"@context\":\"https:\\\/\\\/schema.org\",\"@graph\":[{\"@type\":\"Article\",\"@id\":\"https:\\\/\\\/grievingmaman.com\\\/fr\\\/2021\\\/03\\\/09\\\/23-myths-about-grief-education-deuil-mythes\\\/#article\",\"isPartOf\":{\"@id\":\"https:\\\/\\\/grievingmaman.com\\\/fr\\\/2021\\\/03\\\/09\\\/23-myths-about-grief-education-deuil-mythes\\\/\"},\"author\":{\"name\":\"Brigitte Lehoux\",\"@id\":\"https:\\\/\\\/grievingmaman.com\\\/fr\\\/#\\\/schema\\\/person\\\/1f19b09d0ab9ac20bb9dc17c1802d8be\"},\"headline\":\"23 Myths About Grief\",\"datePublished\":\"2021-03-10T03:53:02+00:00\",\"dateModified\":\"2021-06-05T23:44:58+00:00\",\"mainEntityOfPage\":{\"@id\":\"https:\\\/\\\/grievingmaman.com\\\/fr\\\/2021\\\/03\\\/09\\\/23-myths-about-grief-education-deuil-mythes\\\/\"},\"wordCount\":1048,\"commentCount\":17,\"publisher\":{\"@id\":\"https:\\\/\\\/grievingmaman.com\\\/fr\\\/#\\\/schema\\\/person\\\/1f19b09d0ab9ac20bb9dc17c1802d8be\"},\"image\":{\"@id\":\"https:\\\/\\\/grievingmaman.com\\\/fr\\\/2021\\\/03\\\/09\\\/23-myths-about-grief-education-deuil-mythes\\\/#primaryimage\"},\"thumbnailUrl\":\"https:\\\/\\\/i0.wp.com\\\/grievingmaman.com\\\/wp-content\\\/uploads\\\/2021\\\/03\\\/grief-myths.jpg?fit=853%2C691&ssl=1\",\"keywords\":[\"Tips\"],\"articleSection\":[\"Grief\"],\"inLanguage\":\"fr-CA\",\"potentialAction\":[{\"@type\":\"CommentAction\",\"name\":\"Comment\",\"target\":[\"https:\\\/\\\/grievingmaman.com\\\/fr\\\/2021\\\/03\\\/09\\\/23-myths-about-grief-education-deuil-mythes\\\/#respond\"]}]},{\"@type\":\"WebPage\",\"@id\":\"https:\\\/\\\/grievingmaman.com\\\/fr\\\/2021\\\/03\\\/09\\\/23-myths-about-grief-education-deuil-mythes\\\/\",\"url\":\"https:\\\/\\\/grievingmaman.com\\\/fr\\\/2021\\\/03\\\/09\\\/23-myths-about-grief-education-deuil-mythes\\\/\",\"name\":\"23 Myths About Grief &#8211; Grieving maman\",\"isPartOf\":{\"@id\":\"https:\\\/\\\/grievingmaman.com\\\/fr\\\/#website\"},\"primaryImageOfPage\":{\"@id\":\"https:\\\/\\\/grievingmaman.com\\\/fr\\\/2021\\\/03\\\/09\\\/23-myths-about-grief-education-deuil-mythes\\\/#primaryimage\"},\"image\":{\"@id\":\"https:\\\/\\\/grievingmaman.com\\\/fr\\\/2021\\\/03\\\/09\\\/23-myths-about-grief-education-deuil-mythes\\\/#primaryimage\"},\"thumbnailUrl\":\"https:\\\/\\\/i0.wp.com\\\/grievingmaman.com\\\/wp-content\\\/uploads\\\/2021\\\/03\\\/grief-myths.jpg?fit=853%2C691&ssl=1\",\"datePublished\":\"2021-03-10T03:53:02+00:00\",\"dateModified\":\"2021-06-05T23:44:58+00:00\",\"description\":\"I talk about some of the ignorance in regards to grief and provide a concrete example. I share the top 23 common myths about grief and ask for your thoughts about the myths (through a little poll!).\",\"breadcrumb\":{\"@id\":\"https:\\\/\\\/grievingmaman.com\\\/fr\\\/2021\\\/03\\\/09\\\/23-myths-about-grief-education-deuil-mythes\\\/#breadcrumb\"},\"inLanguage\":\"fr-CA\",\"potentialAction\":[{\"@type\":\"ReadAction\",\"target\":[\"https:\\\/\\\/grievingmaman.com\\\/fr\\\/2021\\\/03\\\/09\\\/23-myths-about-grief-education-deuil-mythes\\\/\"]}]},{\"@type\":\"ImageObject\",\"inLanguage\":\"fr-CA\",\"@id\":\"https:\\\/\\\/grievingmaman.com\\\/fr\\\/2021\\\/03\\\/09\\\/23-myths-about-grief-education-deuil-mythes\\\/#primaryimage\",\"url\":\"https:\\\/\\\/i0.wp.com\\\/grievingmaman.com\\\/wp-content\\\/uploads\\\/2021\\\/03\\\/grief-myths.jpg?fit=853%2C691&ssl=1\",\"contentUrl\":\"https:\\\/\\\/i0.wp.com\\\/grievingmaman.com\\\/wp-content\\\/uploads\\\/2021\\\/03\\\/grief-myths.jpg?fit=853%2C691&ssl=1\",\"width\":853,\"height\":691,\"caption\":\"grief-myths-mythes-deuil\"},{\"@type\":\"BreadcrumbList\",\"@id\":\"https:\\\/\\\/grievingmaman.com\\\/fr\\\/2021\\\/03\\\/09\\\/23-myths-about-grief-education-deuil-mythes\\\/#breadcrumb\",\"itemListElement\":[{\"@type\":\"ListItem\",\"position\":1,\"name\":\"Home\",\"item\":\"https:\\\/\\\/grievingmaman.com\\\/\"},{\"@type\":\"ListItem\",\"position\":2,\"name\":\"23 Myths About Grief\"}]},{\"@type\":\"WebSite\",\"@id\":\"https:\\\/\\\/grievingmaman.com\\\/fr\\\/#website\",\"url\":\"https:\\\/\\\/grievingmaman.com\\\/fr\\\/\",\"name\":\"Grieving maman\",\"description\":\"Surviving the loss of my son\",\"publisher\":{\"@id\":\"https:\\\/\\\/grievingmaman.com\\\/fr\\\/#\\\/schema\\\/person\\\/1f19b09d0ab9ac20bb9dc17c1802d8be\"},\"potentialAction\":[{\"@type\":\"SearchAction\",\"target\":{\"@type\":\"EntryPoint\",\"urlTemplate\":\"https:\\\/\\\/grievingmaman.com\\\/fr\\\/?s={search_term_string}\"},\"query-input\":{\"@type\":\"PropertyValueSpecification\",\"valueRequired\":true,\"valueName\":\"search_term_string\"}}],\"inLanguage\":\"fr-CA\"},{\"@type\":[\"Person\",\"Organization\"],\"@id\":\"https:\\\/\\\/grievingmaman.com\\\/fr\\\/#\\\/schema\\\/person\\\/1f19b09d0ab9ac20bb9dc17c1802d8be\",\"name\":\"Brigitte Lehoux\",\"image\":{\"@type\":\"ImageObject\",\"inLanguage\":\"fr-CA\",\"@id\":\"https:\\\/\\\/i0.wp.com\\\/grievingmaman.com\\\/wp-content\\\/uploads\\\/Grieving-Maman-logo-Final-Grieving-Parent-Grieving-Mother-Website-Blog.png?fit=1900%2C500&ssl=1\",\"url\":\"https:\\\/\\\/i0.wp.com\\\/grievingmaman.com\\\/wp-content\\\/uploads\\\/Grieving-Maman-logo-Final-Grieving-Parent-Grieving-Mother-Website-Blog.png?fit=1900%2C500&ssl=1\",\"contentUrl\":\"https:\\\/\\\/i0.wp.com\\\/grievingmaman.com\\\/wp-content\\\/uploads\\\/Grieving-Maman-logo-Final-Grieving-Parent-Grieving-Mother-Website-Blog.png?fit=1900%2C500&ssl=1\",\"width\":1900,\"height\":500,\"caption\":\"Brigitte Lehoux\"},\"logo\":{\"@id\":\"https:\\\/\\\/i0.wp.com\\\/grievingmaman.com\\\/wp-content\\\/uploads\\\/Grieving-Maman-logo-Final-Grieving-Parent-Grieving-Mother-Website-Blog.png?fit=1900%2C500&ssl=1\"},\"sameAs\":[\"http:\\\/\\\/grievingmaman.wordpress.com\"]}]}<\/script>\n<!-- \/ Yoast SEO plugin. -->","yoast_head_json":{"title":"23 Myths About Grief &#8211; Grieving maman","description":"Je parle d'une certaine ignorance entourant le deuil et je fournis un exemple concret. Je partage les 23 plus grands mythes sur le deuil et je vous demande ce que vous pensez des mythes (via un petit sondage!).","robots":{"index":"index","follow":"follow","max-snippet":"max-snippet:-1","max-image-preview":"max-image-preview:large","max-video-preview":"max-video-preview:-1"},"canonical":"https:\/\/grievingmaman.com\/fr\/2021\/03\/09\/23-myths-about-grief-education-deuil-mythes\/","og_locale":"fr_CA","og_type":"article","og_title":"23 Myths About Grief &#8211; Grieving maman","og_description":"I talk about some of the ignorance in regards to grief and provide a concrete example. I share the top 23 common myths about grief and ask for your thoughts about the myths (through a little poll!).","og_url":"https:\/\/grievingmaman.com\/fr\/2021\/03\/09\/23-myths-about-grief-education-deuil-mythes\/","og_site_name":"Grieving maman","article_published_time":"2021-03-10T03:53:02+00:00","article_modified_time":"2021-06-05T23:44:58+00:00","og_image":[{"width":853,"height":691,"url":"https:\/\/i0.wp.com\/grievingmaman.com\/wp-content\/uploads\/2021\/03\/grief-myths.jpg?fit=853%2C691&ssl=1","type":"image\/jpeg"}],"author":"Brigitte Lehoux","twitter_card":"summary_large_image","twitter_misc":{"\u00c9crit par":"Brigitte Lehoux","Estimation du temps de lecture":"5 minutes"},"schema":{"@context":"https:\/\/schema.org","@graph":[{"@type":"Article","@id":"https:\/\/grievingmaman.com\/fr\/2021\/03\/09\/23-myths-about-grief-education-deuil-mythes\/#article","isPartOf":{"@id":"https:\/\/grievingmaman.com\/fr\/2021\/03\/09\/23-myths-about-grief-education-deuil-mythes\/"},"author":{"name":"Brigitte Lehoux","@id":"https:\/\/grievingmaman.com\/fr\/#\/schema\/person\/1f19b09d0ab9ac20bb9dc17c1802d8be"},"headline":"23 Myths About Grief","datePublished":"2021-03-10T03:53:02+00:00","dateModified":"2021-06-05T23:44:58+00:00","mainEntityOfPage":{"@id":"https:\/\/grievingmaman.com\/fr\/2021\/03\/09\/23-myths-about-grief-education-deuil-mythes\/"},"wordCount":1048,"commentCount":17,"publisher":{"@id":"https:\/\/grievingmaman.com\/fr\/#\/schema\/person\/1f19b09d0ab9ac20bb9dc17c1802d8be"},"image":{"@id":"https:\/\/grievingmaman.com\/fr\/2021\/03\/09\/23-myths-about-grief-education-deuil-mythes\/#primaryimage"},"thumbnailUrl":"https:\/\/i0.wp.com\/grievingmaman.com\/wp-content\/uploads\/2021\/03\/grief-myths.jpg?fit=853%2C691&ssl=1","keywords":["Tips"],"articleSection":["Grief"],"inLanguage":"fr-CA","potentialAction":[{"@type":"CommentAction","name":"Comment","target":["https:\/\/grievingmaman.com\/fr\/2021\/03\/09\/23-myths-about-grief-education-deuil-mythes\/#respond"]}]},{"@type":"WebPage","@id":"https:\/\/grievingmaman.com\/fr\/2021\/03\/09\/23-myths-about-grief-education-deuil-mythes\/","url":"https:\/\/grievingmaman.com\/fr\/2021\/03\/09\/23-myths-about-grief-education-deuil-mythes\/","name":"23 Myths About Grief &#8211; Grieving maman","isPartOf":{"@id":"https:\/\/grievingmaman.com\/fr\/#website"},"primaryImageOfPage":{"@id":"https:\/\/grievingmaman.com\/fr\/2021\/03\/09\/23-myths-about-grief-education-deuil-mythes\/#primaryimage"},"image":{"@id":"https:\/\/grievingmaman.com\/fr\/2021\/03\/09\/23-myths-about-grief-education-deuil-mythes\/#primaryimage"},"thumbnailUrl":"https:\/\/i0.wp.com\/grievingmaman.com\/wp-content\/uploads\/2021\/03\/grief-myths.jpg?fit=853%2C691&ssl=1","datePublished":"2021-03-10T03:53:02+00:00","dateModified":"2021-06-05T23:44:58+00:00","description":"Je parle d'une certaine ignorance entourant le deuil et je fournis un exemple concret. Je partage les 23 plus grands mythes sur le deuil et je vous demande ce que vous pensez des mythes (via un petit sondage!).","breadcrumb":{"@id":"https:\/\/grievingmaman.com\/fr\/2021\/03\/09\/23-myths-about-grief-education-deuil-mythes\/#breadcrumb"},"inLanguage":"fr-CA","potentialAction":[{"@type":"ReadAction","target":["https:\/\/grievingmaman.com\/fr\/2021\/03\/09\/23-myths-about-grief-education-deuil-mythes\/"]}]},{"@type":"ImageObject","inLanguage":"fr-CA","@id":"https:\/\/grievingmaman.com\/fr\/2021\/03\/09\/23-myths-about-grief-education-deuil-mythes\/#primaryimage","url":"https:\/\/i0.wp.com\/grievingmaman.com\/wp-content\/uploads\/2021\/03\/grief-myths.jpg?fit=853%2C691&ssl=1","contentUrl":"https:\/\/i0.wp.com\/grievingmaman.com\/wp-content\/uploads\/2021\/03\/grief-myths.jpg?fit=853%2C691&ssl=1","width":853,"height":691,"caption":"grief-myths-mythes-deuil"},{"@type":"BreadcrumbList","@id":"https:\/\/grievingmaman.com\/fr\/2021\/03\/09\/23-myths-about-grief-education-deuil-mythes\/#breadcrumb","itemListElement":[{"@type":"ListItem","position":1,"name":"Home","item":"https:\/\/grievingmaman.com\/"},{"@type":"ListItem","position":2,"name":"23 Myths About Grief"}]},{"@type":"WebSite","@id":"https:\/\/grievingmaman.com\/fr\/#website","url":"https:\/\/grievingmaman.com\/fr\/","name":"Grieving maman","description":"Survivre \u00e0 la perte de mon gar\u00e7on","publisher":{"@id":"https:\/\/grievingmaman.com\/fr\/#\/schema\/person\/1f19b09d0ab9ac20bb9dc17c1802d8be"},"potentialAction":[{"@type":"SearchAction","target":{"@type":"EntryPoint","urlTemplate":"https:\/\/grievingmaman.com\/fr\/?s={search_term_string}"},"query-input":{"@type":"PropertyValueSpecification","valueRequired":true,"valueName":"search_term_string"}}],"inLanguage":"fr-CA"},{"@type":["Person","Organization"],"@id":"https:\/\/grievingmaman.com\/fr\/#\/schema\/person\/1f19b09d0ab9ac20bb9dc17c1802d8be","name":"Brigitte Lehoux","image":{"@type":"ImageObject","inLanguage":"fr-CA","@id":"https:\/\/i0.wp.com\/grievingmaman.com\/wp-content\/uploads\/Grieving-Maman-logo-Final-Grieving-Parent-Grieving-Mother-Website-Blog.png?fit=1900%2C500&ssl=1","url":"https:\/\/i0.wp.com\/grievingmaman.com\/wp-content\/uploads\/Grieving-Maman-logo-Final-Grieving-Parent-Grieving-Mother-Website-Blog.png?fit=1900%2C500&ssl=1","contentUrl":"https:\/\/i0.wp.com\/grievingmaman.com\/wp-content\/uploads\/Grieving-Maman-logo-Final-Grieving-Parent-Grieving-Mother-Website-Blog.png?fit=1900%2C500&ssl=1","width":1900,"height":500,"caption":"Brigitte Lehoux"},"logo":{"@id":"https:\/\/i0.wp.com\/grievingmaman.com\/wp-content\/uploads\/Grieving-Maman-logo-Final-Grieving-Parent-Grieving-Mother-Website-Blog.png?fit=1900%2C500&ssl=1"},"sameAs":["http:\/\/grievingmaman.wordpress.com"]}]}},"jetpack_publicize_connections":[],"jetpack_likes_enabled":true,"jetpack_sharing_enabled":true,"jetpack_shortlink":"https:\/\/wp.me\/pbXpxA-ye","jetpack-related-posts":[{"id":2815,"url":"https:\/\/grievingmaman.com\/fr\/2021\/07\/29\/stages\/","url_meta":{"origin":2122,"position":0},"title":"\u00c9tapes du deuil ; ne pas savoir que vous \u00eates en deuil","author":"Brigitte Lehoux","date":"29 Juil 2021","format":false,"excerpt":"Une introduction au populaire mod\u00e8le de deuil en 5 \u00e9tapes, avec des exemples et des sc\u00e9narios concrets. Je parle aussi de 30 autres types d'\u00e9v\u00e9nements qui peuvent causer un deuil.","rel":"","context":"In &quot;Grief&quot;","block_context":{"text":"Grief","link":"https:\/\/grievingmaman.com\/fr\/category\/grief\/"},"img":{"alt_text":"5 Stages of Grief with examples - the K\u00fcbler-Ross model","src":"https:\/\/i0.wp.com\/grievingmaman.com\/wp-content\/uploads\/Stages-of-Grief-with-images.png?fit=600%2C1200&ssl=1&resize=350%2C200","width":350,"height":200,"srcset":"https:\/\/i0.wp.com\/grievingmaman.com\/wp-content\/uploads\/Stages-of-Grief-with-images.png?fit=600%2C1200&ssl=1&resize=350%2C200 1x, https:\/\/i0.wp.com\/grievingmaman.com\/wp-content\/uploads\/Stages-of-Grief-with-images.png?fit=600%2C1200&ssl=1&resize=525%2C300 1.5x"},"classes":[]},{"id":3286,"url":"https:\/\/grievingmaman.com\/fr\/2021\/10\/22\/10-raisons-pourquoi-nous-devrions-eduquer-sur-le-deuil\/","url_meta":{"origin":2122,"position":1},"title":"10 raisons pourquoi nous devrions s'\u00e9duquer sur le deuil","author":"Brigitte Lehoux","date":"22 Oct 2021","format":false,"excerpt":"Je partage ma premi\u00e8re vid\u00e9o! Dans celle-ci, je parle de l'importance de s'\u00e9duquer sur le deuil (10 raisons). Je vous d\u00e9voile \u00e9galement les images de notre s\u00e9ance photo, o\u00f9 Ad\u00e9lie porte une robe de designer.","rel":"","context":"In &quot;Grief&quot;","block_context":{"text":"Grief","link":"https:\/\/grievingmaman.com\/fr\/category\/grief\/"},"img":{"alt_text":"Grieving Maman Youtube - 10 reasons to educate ourselves about grief","src":"https:\/\/i0.wp.com\/grievingmaman.com\/wp-content\/uploads\/youtube-preview-for-blog.png?fit=1058%2C596&ssl=1&resize=350%2C200","width":350,"height":200,"srcset":"https:\/\/i0.wp.com\/grievingmaman.com\/wp-content\/uploads\/youtube-preview-for-blog.png?fit=1058%2C596&ssl=1&resize=350%2C200 1x, https:\/\/i0.wp.com\/grievingmaman.com\/wp-content\/uploads\/youtube-preview-for-blog.png?fit=1058%2C596&ssl=1&resize=525%2C300 1.5x, https:\/\/i0.wp.com\/grievingmaman.com\/wp-content\/uploads\/youtube-preview-for-blog.png?fit=1058%2C596&ssl=1&resize=700%2C400 2x, https:\/\/i0.wp.com\/grievingmaman.com\/wp-content\/uploads\/youtube-preview-for-blog.png?fit=1058%2C596&ssl=1&resize=1050%2C600 3x"},"classes":[]},{"id":3249,"url":"https:\/\/grievingmaman.com\/fr\/2021\/10\/15\/sensibilisation-du-deuil-perinatal-et-la-perte-dun-enfant\/","url_meta":{"origin":2122,"position":2},"title":"La sensibilisation du deuil p\u00e9rinatal et de la perte d\u2019un enfant \u2013 Grieving maman","author":"Brigitte Lehoux","date":"15 Oct 2021","format":false,"excerpt":"En cette journ\u00e9e de sensibilisation au deuil p\u00e9rinatal, je vous partage une entrevue de ma cousine qui a perdu sa fille de 2 mois. J'inclus \u00e9galement le lien \u00e0 une entrevue que j'ai faite sur la perte d'un enfant, le trauma ainsi que mon parcours de deuil.","rel":"","context":"In &quot;Ad\u00e9lie&quot;","block_context":{"text":"Ad\u00e9lie","link":"https:\/\/grievingmaman.com\/fr\/category\/adelie\/"},"img":{"alt_text":"Lehoux-Flintoff family with Ad\u00e9lie","src":"https:\/\/i0.wp.com\/grievingmaman.com\/wp-content\/uploads\/DSC_0024-final.jpg?fit=1200%2C903&ssl=1&resize=350%2C200","width":350,"height":200,"srcset":"https:\/\/i0.wp.com\/grievingmaman.com\/wp-content\/uploads\/DSC_0024-final.jpg?fit=1200%2C903&ssl=1&resize=350%2C200 1x, https:\/\/i0.wp.com\/grievingmaman.com\/wp-content\/uploads\/DSC_0024-final.jpg?fit=1200%2C903&ssl=1&resize=525%2C300 1.5x, https:\/\/i0.wp.com\/grievingmaman.com\/wp-content\/uploads\/DSC_0024-final.jpg?fit=1200%2C903&ssl=1&resize=700%2C400 2x, https:\/\/i0.wp.com\/grievingmaman.com\/wp-content\/uploads\/DSC_0024-final.jpg?fit=1200%2C903&ssl=1&resize=1050%2C600 3x"},"classes":[]},{"id":4033,"url":"https:\/\/grievingmaman.com\/fr\/2022\/03\/12\/quoi-dire-et-ne-pas-dire-personne-en-deuil-10-expressions-eviter\/","url_meta":{"origin":2122,"position":3},"title":"Quoi ne PAS dire \u00e0 quelqu'un en deuil : 10 expressions \u00e0 \u00e9viter","author":"Brigitte Lehoux","date":"12 Mar 2022","format":false,"excerpt":"Je partage 10 choses \u00e0 ne pas dire \u00e0 quelqu'un qui vit un deuil. Cela aide \u00e0 comprendre et \u00e0 identifier les gestes emphatiques et ce qu'il faut faire pour devenir plus empathique et compatissant.","rel":"","context":"In &quot;Grief&quot;","block_context":{"text":"Grief","link":"https:\/\/grievingmaman.com\/fr\/category\/grief\/"},"img":{"alt_text":"What not to say to someone who is grieving - things to avoid","src":"https:\/\/i0.wp.com\/grievingmaman.com\/wp-content\/uploads\/what-not-to-say-to-someone-who-is-grieving.png?fit=675%2C1200&ssl=1&resize=350%2C200","width":350,"height":200,"srcset":"https:\/\/i0.wp.com\/grievingmaman.com\/wp-content\/uploads\/what-not-to-say-to-someone-who-is-grieving.png?fit=675%2C1200&ssl=1&resize=350%2C200 1x, https:\/\/i0.wp.com\/grievingmaman.com\/wp-content\/uploads\/what-not-to-say-to-someone-who-is-grieving.png?fit=675%2C1200&ssl=1&resize=525%2C300 1.5x"},"classes":[]},{"id":1675,"url":"https:\/\/grievingmaman.com\/fr\/2021\/02\/11\/5-reasons-to-remember-our-loved-ones\/","url_meta":{"origin":2122,"position":4},"title":"5 raisons de se souvenir de nos \u00eatres chers","author":"Brigitte Lehoux","date":"11 F\u00e9v 2021","format":false,"excerpt":"Il est important de continuer \u00e0 comm\u00e9morer un \u00eatre cher plusieurs fois par ann\u00e9e. Voici quelques raisons.","rel":"","context":"In &quot;Grief&quot;","block_context":{"text":"Grief","link":"https:\/\/grievingmaman.com\/fr\/category\/grief\/"},"img":{"alt_text":"Ad\u00e9lie looking at Zacka\u00ebl memorial sign","src":"https:\/\/i0.wp.com\/grievingmaman.com\/wp-content\/uploads\/2021\/02\/IMG_5851-Zackael-commemoration-sign-snow.jpg?fit=1200%2C900&ssl=1&resize=350%2C200","width":350,"height":200,"srcset":"https:\/\/i0.wp.com\/grievingmaman.com\/wp-content\/uploads\/2021\/02\/IMG_5851-Zackael-commemoration-sign-snow.jpg?fit=1200%2C900&ssl=1&resize=350%2C200 1x, https:\/\/i0.wp.com\/grievingmaman.com\/wp-content\/uploads\/2021\/02\/IMG_5851-Zackael-commemoration-sign-snow.jpg?fit=1200%2C900&ssl=1&resize=525%2C300 1.5x, https:\/\/i0.wp.com\/grievingmaman.com\/wp-content\/uploads\/2021\/02\/IMG_5851-Zackael-commemoration-sign-snow.jpg?fit=1200%2C900&ssl=1&resize=700%2C400 2x, https:\/\/i0.wp.com\/grievingmaman.com\/wp-content\/uploads\/2021\/02\/IMG_5851-Zackael-commemoration-sign-snow.jpg?fit=1200%2C900&ssl=1&resize=1050%2C600 3x"},"classes":[]},{"id":5303,"url":"https:\/\/grievingmaman.com\/fr\/2022\/06\/27\/la-tragedie-neville-lake-et-comment-elle-aurait-pu-etre-evitee\/","url_meta":{"origin":2122,"position":5},"title":"La double trag\u00e9die de la famille Neville-Lake et comment elle aurait pu \u00eatre \u00e9vit\u00e9e","author":"Brigitte Lehoux","date":"27 Juin 2022","format":false,"excerpt":"Je partage mon opinion sur la double trag\u00e9die Neville-Lake et comment elle aurait pu \u00eatre \u00e9vit\u00e9e.","rel":"","context":"In &quot;Grief&quot;","block_context":{"text":"Grief","link":"https:\/\/grievingmaman.com\/fr\/category\/grief\/"},"img":{"alt_text":"Neville-Lake family - 3 children dead caused by drunk driving Muzzo","src":"https:\/\/i0.wp.com\/grievingmaman.com\/wp-content\/uploads\/Neville-Lake-Go-Fund-Me-photo-of-3-children.jpg?fit=1200%2C675&ssl=1&resize=350%2C200","width":350,"height":200,"srcset":"https:\/\/i0.wp.com\/grievingmaman.com\/wp-content\/uploads\/Neville-Lake-Go-Fund-Me-photo-of-3-children.jpg?fit=1200%2C675&ssl=1&resize=350%2C200 1x, https:\/\/i0.wp.com\/grievingmaman.com\/wp-content\/uploads\/Neville-Lake-Go-Fund-Me-photo-of-3-children.jpg?fit=1200%2C675&ssl=1&resize=525%2C300 1.5x, https:\/\/i0.wp.com\/grievingmaman.com\/wp-content\/uploads\/Neville-Lake-Go-Fund-Me-photo-of-3-children.jpg?fit=1200%2C675&ssl=1&resize=700%2C400 2x, https:\/\/i0.wp.com\/grievingmaman.com\/wp-content\/uploads\/Neville-Lake-Go-Fund-Me-photo-of-3-children.jpg?fit=1200%2C675&ssl=1&resize=1050%2C600 3x"},"classes":[]}],"amp_enabled":true,"jetpack_featured_media_url":"https:\/\/i0.wp.com\/grievingmaman.com\/wp-content\/uploads\/2021\/03\/grief-myths.jpg?fit=853%2C691&ssl=1","_links":{"self":[{"href":"https:\/\/grievingmaman.com\/fr\/wp-json\/wp\/v2\/posts\/2122","targetHints":{"allow":["GET"]}}],"collection":[{"href":"https:\/\/grievingmaman.com\/fr\/wp-json\/wp\/v2\/posts"}],"about":[{"href":"https:\/\/grievingmaman.com\/fr\/wp-json\/wp\/v2\/types\/post"}],"author":[{"embeddable":true,"href":"https:\/\/grievingmaman.com\/fr\/wp-json\/wp\/v2\/users\/185178740"}],"replies":[{"embeddable":true,"href":"https:\/\/grievingmaman.com\/fr\/wp-json\/wp\/v2\/comments?post=2122"}],"version-history":[{"count":42,"href":"https:\/\/grievingmaman.com\/fr\/wp-json\/wp\/v2\/posts\/2122\/revisions"}],"predecessor-version":[{"id":2768,"href":"https:\/\/grievingmaman.com\/fr\/wp-json\/wp\/v2\/posts\/2122\/revisions\/2768"}],"wp:featuredmedia":[{"embeddable":true,"href":"https:\/\/grievingmaman.com\/fr\/wp-json\/wp\/v2\/media\/2138"}],"wp:attachment":[{"href":"https:\/\/grievingmaman.com\/fr\/wp-json\/wp\/v2\/media?parent=2122"}],"wp:term":[{"taxonomy":"category","embeddable":true,"href":"https:\/\/grievingmaman.com\/fr\/wp-json\/wp\/v2\/categories?post=2122"},{"taxonomy":"post_tag","embeddable":true,"href":"https:\/\/grievingmaman.com\/fr\/wp-json\/wp\/v2\/tags?post=2122"}],"curies":[{"name":"wp","href":"https:\/\/api.w.org\/{rel}","templated":true}]}}