{"id":2471,"date":"2021-04-28T19:43:06","date_gmt":"2021-04-28T23:43:06","guid":{"rendered":"https:\/\/grievingmaman.com\/?p=2471"},"modified":"2021-05-22T20:43:33","modified_gmt":"2021-05-23T00:43:33","slug":"isnt-child-loss-enough","status":"publish","type":"post","link":"https:\/\/grievingmaman.com\/fr\/2021\/04\/28\/isnt-child-loss-enough\/","title":{"rendered":"La perte d'un enfant n'est pas assez?"},"content":{"rendered":"<p class=\"wp-block-paragraph\" style=\"font-size:18px\">For the English version, switch from FR to EN on the menu above <a href=\"https:\/\/grievingmaman.com\/wp-admin\/post.php?post=2471&amp;action=edit\">\u2630<\/a>.<\/p>\n\n\n\n<hr class=\"wp-block-separator is-style-wide\"\/>\n\n\n\n<p class=\"has-drop-cap wp-block-paragraph\" style=\"font-size:18px\">Tr\u00e8s difficile ces temps-ci de trouver du r\u00e9pit pour \u00e9crire. Premi\u00e8rement, une semaine avant la semaine de rel\u00e2che (m\u00eame si les \u00e9coles \u00e9taient encore ouvertes), nous avions d\u00e9cid\u00e9 de garder les enfants \u00e0 la maison. Les raisons de les garder \u00e9taient la hausse accrue de cas positifs Covid-19 \u00e0 Ottawa, ainsi que notre peur des variants. C\u2019est alors qu\u2019encore une fois, depuis le 2 avril nous avons donc les enfants \u00e0 temps plein \u00e0 la maison! L\u2019\u00e9cole \u00e0 la maison ne fonctionne pas tr\u00e8s bien pour Maxandre, et nous devrons donc peut-\u00eatre revisiter des options d'un horaire alternatif. <br><br>En plus, le mois d\u2019avril est le mois des fameux imp\u00f4ts. Je ne comprends pas pourquoi le gouvernement n\u2019a pas report\u00e9 les dates comme l\u2019an pass\u00e9. Tant qu\u2019au gouvernement du Qu\u00e9bec, il  accorde un d\u00e9lai d\u2019un mois de plus eux pour produire leur d\u00e9claration. Mais, pour nous, pas de d\u00e9lai accord\u00e9 par le f\u00e9d\u00e9ral. Pourtant, comme l\u2019an pass\u00e9, nous sommes encore en pand\u00e9mie et avons donc de la difficult\u00e9 \u00e0 g\u00e9rer les choses, et avons les enfants \u00e0 la maison. L\u2019an pass\u00e9, ils nous ont accord\u00e9 un d\u00e9lai mais pas cette ann\u00e9e?<br><br>C\u2019est malheureusement une d\u00e9claration d\u2019imp\u00f4t tr\u00e8s compliqu\u00e9e cette ann\u00e9e pour nous. Premi\u00e8rement, nous avions d\u00fb vendre notre chalet suite \u00e0 l\u2019accident puisqu\u2019elle s\u2019est produite en route vers le chalet. En plus de l\u2019accident, la vente du chalet a donc \u00e9t\u00e9 un autre \u00e9v\u00e9nement tr\u00e8s difficile et stressant pour nous dans la derni\u00e8re ann\u00e9e.<\/p>\n\n\n\n<div class=\"wp-block-jetpack-tiled-gallery aligncenter is-style-rectangular\"><div class=\"tiled-gallery__gallery\"><div class=\"tiled-gallery__row\"><div class=\"tiled-gallery__col\" style=\"flex-basis:40.72878%\"><figure class=\"tiled-gallery__item\"><img decoding=\"async\" data-attachment-id=\"2477\" data-permalink=\"https:\/\/grievingmaman.com\/fr\/2021\/04\/28\/isnt-child-loss-enough\/img-7960-edited-for-airbnb\/\" data-orig-file=\"https:\/\/i0.wp.com\/grievingmaman.com\/wp-content\/uploads\/2021\/04\/IMG-7960-edited-for-airbnb.jpg?fit=1931%2C1726&amp;ssl=1\" data-orig-size=\"1931,1726\" data-comments-opened=\"1\" data-image-meta=\"{&quot;aperture&quot;:&quot;2.2&quot;,&quot;credit&quot;:&quot;&quot;,&quot;camera&quot;:&quot;iPhone 6 Plus&quot;,&quot;caption&quot;:&quot;&quot;,&quot;created_timestamp&quot;:&quot;1543145935&quot;,&quot;copyright&quot;:&quot;&quot;,&quot;focal_length&quot;:&quot;4.15&quot;,&quot;iso&quot;:&quot;32&quot;,&quot;shutter_speed&quot;:&quot;0.0021505376344086&quot;,&quot;title&quot;:&quot;&quot;,&quot;orientation&quot;:&quot;1&quot;}\" data-image-title=\"IMG-7960-edited-for-airbnb\" data-image-description=\"\" data-image-caption=\"\" data-large-file=\"https:\/\/i0.wp.com\/grievingmaman.com\/wp-content\/uploads\/2021\/04\/IMG-7960-edited-for-airbnb.jpg?fit=1024%2C915&amp;ssl=1\" role=\"button\" tabindex=\"0\" aria-label=\"Open image 1 of 2 in full-screen\" srcset=\"\" alt=\"\" data-height=\"1726\" data-id=\"2477\" data-link=\"https:\/\/grievingmaman.com\/?attachment_id=2477\" data-url=\"https:\/\/grievingmaman.com\/wp-content\/uploads\/2021\/04\/IMG-7960-edited-for-airbnb.jpg\" data-width=\"1931\" src=\"https:\/\/i0.wp.com\/grievingmaman.com\/wp-content\/uploads\/2021\/04\/IMG-7960-edited-for-airbnb.jpg?ssl=1\" data-amp-layout=\"responsive\" data-srcset=\"\"\/><\/figure><\/div><div class=\"tiled-gallery__col\" style=\"flex-basis:59.27122%\"><figure class=\"tiled-gallery__item\"><img decoding=\"async\" data-attachment-id=\"2479\" data-permalink=\"https:\/\/grievingmaman.com\/fr\/2021\/04\/28\/isnt-child-loss-enough\/img_1987-edited\/\" data-orig-file=\"https:\/\/i0.wp.com\/grievingmaman.com\/wp-content\/uploads\/2021\/04\/IMG_1987-edited.jpg?fit=3198%2C1962&amp;ssl=1\" data-orig-size=\"3198,1962\" data-comments-opened=\"1\" data-image-meta=\"{&quot;aperture&quot;:&quot;5.6&quot;,&quot;credit&quot;:&quot;&quot;,&quot;camera&quot;:&quot;Canon EOS DIGITAL REBEL XS&quot;,&quot;caption&quot;:&quot;&quot;,&quot;created_timestamp&quot;:&quot;1538991563&quot;,&quot;copyright&quot;:&quot;&quot;,&quot;focal_length&quot;:&quot;17&quot;,&quot;iso&quot;:&quot;400&quot;,&quot;shutter_speed&quot;:&quot;0.008&quot;,&quot;title&quot;:&quot;&quot;,&quot;orientation&quot;:&quot;1&quot;}\" data-image-title=\"IMG_1987-edited\" data-image-description=\"\" data-image-caption=\"\" data-large-file=\"https:\/\/i0.wp.com\/grievingmaman.com\/wp-content\/uploads\/2021\/04\/IMG_1987-edited.jpg?fit=1024%2C628&amp;ssl=1\" role=\"button\" tabindex=\"0\" aria-label=\"Open image 2 of 2 in full-screen\" srcset=\"\" alt=\"\" data-height=\"1962\" data-id=\"2479\" data-link=\"https:\/\/grievingmaman.com\/?attachment_id=2479\" data-url=\"https:\/\/grievingmaman.com\/wp-content\/uploads\/2021\/04\/IMG_1987-edited.jpg\" data-width=\"3198\" src=\"https:\/\/i1.wp.com\/grievingmaman.com\/wp-content\/uploads\/2021\/04\/IMG_1987-edited.jpg?ssl=1\" data-amp-layout=\"responsive\" data-srcset=\"\"\/><\/figure><\/div><\/div><\/div><\/div>\n\n\n\n<p class=\"wp-block-paragraph\" style=\"font-size:18px\">Ceci est consid\u00e9r\u00e9e comme une perte dite secondaire. L\u2019accident de 2019 n\u2019a pas seulement engendr\u00e9 la perte de notre beau Zacka\u00ebl, mais il a engendr\u00e9 un effet de boule de neige avec plusieurs autres pertes secondaires. Je planifie parler plus en profondeur des pertes secondaires, mais pour l\u2019instant voici une d\u00e9finition.<\/p>\n\n\n\n<blockquote class=\"wp-block-quote is-style-large is-layout-flow wp-block-quote-is-layout-flow\"><p>Les pertes secondaires sont ressenties apr\u00e8s la premi\u00e8re perte et peuvent avoir des r\u00e9percussions sur plusieurs aspects de la vie d\u2019une personne. Le deuil associ\u00e9 aux pertes secondaires est une r\u00e9ponse \u00e9motionnelle aux pertes subs\u00e9quentes qui se produisent en raison d\u2019un d\u00e9c\u00e8s (premi\u00e8re perte).<\/p><cite><em><a href=\"https:\/\/montreal.sehc.com\/types-de-deuils\/?lang=fr\" rel=\"nofollow\">https:\/\/montreal.sehc.com\/types-de-deuils\/?lang=fr<\/a><\/em><\/cite><\/blockquote>\n\n\n\n<p class=\"wp-block-paragraph\" style=\"font-size:18px\">La vente s\u2019est d\u00e9roul\u00e9e en 2020 et doit donc figurer dans les imp\u00f4ts. Certains penseront que \u00e7a ne doit pas \u00eatre trop compliqu\u00e9 car nous sommes, Carl et moi, deux comptables. Ben non, nous n\u2019avons pas grands avantages car nous ne sp\u00e9cialisons aucunement dans le domaine de la fiscalit\u00e9! Nous devons saisir et calculer toutes nos d\u00e9penses aussi. En plus de la vente du chalet, nous avions aussi des revenus de location (du chalet), tous nos ajustements aussi pour nos cong\u00e9s de notre travail, toutes nos d\u00e9penses m\u00e9dicales non rembours\u00e9es etc. Et compiler tout cela, dans un temps de pand\u00e9mie avec les enfants aux alentours!<\/p>\n\n\n\n<p class=\"wp-block-paragraph\" style=\"font-size:18px\">Sur un autre sujet, gr\u00e2ce \u00e0 la chasse aux vaccins de la part de Carl, nous avons \u00e9t\u00e9 chanceux de trouver une pharmacie et avons donc re\u00e7u avec plaisir notre vaccin le mardi 20 avril. Nous avons saut\u00e9 sur l\u2019occasion aussit\u00f4t que nous avons su pour les 40 ans et plus. Merci Carl d\u2019avoir contact\u00e9 plus de 20 pharmacies! Ceci est un gros soulagement pour notre famille.<br><br>La pand\u00e9mie a apport\u00e9 de s\u00e9rieuses r\u00e9percussions sur notre famille d\u00e9j\u00e0 d\u00e9vast\u00e9e. C\u2019est un sujet que j\u2019aborderai \u00e0 un moment donn\u00e9. En effet, nous vivons dans l\u2019angoisse pour plus de 17 mois, puisque pour nous, tout a commenc\u00e9 en novembre 2019 et non en mars 2020 comme pour la plupart. C\u2019\u00e9tait ainsi une victoire le 20 avril! C\u2019est un pas de plus vers la fin de cette pand\u00e9mie, en nous rassurant nous et aussi Maxandre qui souffre beaucoup d\u2019anxi\u00e9t\u00e9 depuis l\u2019accident, qui a \u00e9t\u00e9 amplifi\u00e9e par la pand\u00e9mie.<\/p>\n\n\n\n<p class=\"wp-block-paragraph\" style=\"font-size:18px\">Pour ma prochaine publication, je vous d\u00e9voilerai la magnifique toile de V\u00e9 Boisvert que j\u2019ai re\u00e7ue la semaine pass\u00e9e. Je viens de l\u2019installer et je veux prendre de belles photos et \u00e9crire un texte avant d\u2019y faire le d\u00e9voilement! Voici un petit clin d\u2019\u0153il! <\/p>\n\n\n\n<div class=\"wp-block-image\"><figure class=\"aligncenter size-large is-resized\"><img data-recalc-dims=\"1\" fetchpriority=\"high\" decoding=\"async\" data-attachment-id=\"2491\" data-permalink=\"https:\/\/grievingmaman.com\/fr\/2021\/04\/28\/isnt-child-loss-enough\/ve-boisvert-clin-doeil\/\" data-orig-file=\"https:\/\/i0.wp.com\/grievingmaman.com\/wp-content\/uploads\/2021\/04\/Ve-Boisvert-clin-doeil.jpg?fit=1932%2C2244&amp;ssl=1\" data-orig-size=\"1932,2244\" data-comments-opened=\"1\" data-image-meta=\"{&quot;aperture&quot;:&quot;1.8&quot;,&quot;credit&quot;:&quot;&quot;,&quot;camera&quot;:&quot;iPhone XR&quot;,&quot;caption&quot;:&quot;&quot;,&quot;created_timestamp&quot;:&quot;1617883981&quot;,&quot;copyright&quot;:&quot;Copyright 2021. All rights reserved.&quot;,&quot;focal_length&quot;:&quot;4.25&quot;,&quot;iso&quot;:&quot;100&quot;,&quot;shutter_speed&quot;:&quot;0.016666666666667&quot;,&quot;title&quot;:&quot;&quot;,&quot;orientation&quot;:&quot;1&quot;}\" data-image-title=\"Ve-Boisvert-clin-doeil\" data-image-description=\"\" data-image-caption=\"\" data-large-file=\"https:\/\/i0.wp.com\/grievingmaman.com\/wp-content\/uploads\/2021\/04\/Ve-Boisvert-clin-doeil.jpg?fit=882%2C1024&amp;ssl=1\" src=\"https:\/\/i0.wp.com\/grievingmaman.com\/wp-content\/uploads\/2021\/04\/Ve-Boisvert-clin-doeil.jpg?resize=320%2C372&#038;ssl=1\" alt=\"\" class=\"wp-image-2491\" width=\"320\" height=\"372\" srcset=\"https:\/\/i0.wp.com\/grievingmaman.com\/wp-content\/uploads\/2021\/04\/Ve-Boisvert-clin-doeil.jpg?resize=882%2C1024&amp;ssl=1 882w, https:\/\/i0.wp.com\/grievingmaman.com\/wp-content\/uploads\/2021\/04\/Ve-Boisvert-clin-doeil.jpg?resize=258%2C300&amp;ssl=1 258w, https:\/\/i0.wp.com\/grievingmaman.com\/wp-content\/uploads\/2021\/04\/Ve-Boisvert-clin-doeil.jpg?resize=768%2C892&amp;ssl=1 768w, https:\/\/i0.wp.com\/grievingmaman.com\/wp-content\/uploads\/2021\/04\/Ve-Boisvert-clin-doeil.jpg?resize=1322%2C1536&amp;ssl=1 1322w, https:\/\/i0.wp.com\/grievingmaman.com\/wp-content\/uploads\/2021\/04\/Ve-Boisvert-clin-doeil.jpg?resize=1763%2C2048&amp;ssl=1 1763w, https:\/\/i0.wp.com\/grievingmaman.com\/wp-content\/uploads\/2021\/04\/Ve-Boisvert-clin-doeil.jpg?resize=10%2C12&amp;ssl=1 10w, https:\/\/i0.wp.com\/grievingmaman.com\/wp-content\/uploads\/2021\/04\/Ve-Boisvert-clin-doeil.jpg?resize=1200%2C1394&amp;ssl=1 1200w, https:\/\/i0.wp.com\/grievingmaman.com\/wp-content\/uploads\/2021\/04\/Ve-Boisvert-clin-doeil.jpg?resize=720%2C836&amp;ssl=1 720w, https:\/\/i0.wp.com\/grievingmaman.com\/wp-content\/uploads\/2021\/04\/Ve-Boisvert-clin-doeil.jpg?resize=1320%2C1533&amp;ssl=1 1320w, https:\/\/i0.wp.com\/grievingmaman.com\/wp-content\/uploads\/2021\/04\/Ve-Boisvert-clin-doeil.jpg?w=1932&amp;ssl=1 1932w\" sizes=\"(max-width: 320px) 100vw, 320px\" \/><\/figure><\/div>\n\n\n\n<p class=\"wp-block-paragraph\" style=\"font-size:18px\">Je joins \u00e9galement une photo de notre beau Maxandre devant l\u2019autre toile que j\u2019ai achet\u00e9. Si vous aviez manqu\u00e9 la publication \u00e0 propos de l\u2019autre toile, voici <a href=\"https:\/\/grievingmaman.com\/fr\/2021\/03\/02\/under-zackael-wings-ve-boisvert\/\">le lien<\/a>.<\/p>\n\n\n\n<div class=\"wp-block-image\"><figure class=\"aligncenter size-large is-resized\"><img data-recalc-dims=\"1\" decoding=\"async\" data-attachment-id=\"2481\" data-permalink=\"https:\/\/grievingmaman.com\/fr\/2021\/04\/28\/isnt-child-loss-enough\/img_7177_edited\/\" data-orig-file=\"https:\/\/i0.wp.com\/grievingmaman.com\/wp-content\/uploads\/2021\/04\/IMG_7177_edited.jpg?fit=2811%2C3547&amp;ssl=1\" data-orig-size=\"2811,3547\" data-comments-opened=\"1\" data-image-meta=\"{&quot;aperture&quot;:&quot;2.8&quot;,&quot;credit&quot;:&quot;&quot;,&quot;camera&quot;:&quot;Canon EOS Rebel T7i&quot;,&quot;caption&quot;:&quot;&quot;,&quot;created_timestamp&quot;:&quot;1616662634&quot;,&quot;copyright&quot;:&quot;&quot;,&quot;focal_length&quot;:&quot;43&quot;,&quot;iso&quot;:&quot;1000&quot;,&quot;shutter_speed&quot;:&quot;0.0125&quot;,&quot;title&quot;:&quot;&quot;,&quot;orientation&quot;:&quot;1&quot;}\" data-image-title=\"Maxandre Flintoff\" data-image-description=\"&lt;p&gt;Maxandre Flintoff&lt;\/p&gt;\" data-image-caption=\"&lt;p&gt;Maxandre Flintoff&lt;\/p&gt;\" data-large-file=\"https:\/\/i0.wp.com\/grievingmaman.com\/wp-content\/uploads\/2021\/04\/IMG_7177_edited.jpg?fit=812%2C1024&amp;ssl=1\" src=\"https:\/\/i0.wp.com\/grievingmaman.com\/wp-content\/uploads\/2021\/04\/IMG_7177_edited.jpg?resize=496%2C625&#038;ssl=1\" alt=\"\" class=\"wp-image-2481\" width=\"496\" height=\"625\" srcset=\"https:\/\/i0.wp.com\/grievingmaman.com\/wp-content\/uploads\/2021\/04\/IMG_7177_edited.jpg?resize=812%2C1024&amp;ssl=1 812w, https:\/\/i0.wp.com\/grievingmaman.com\/wp-content\/uploads\/2021\/04\/IMG_7177_edited.jpg?resize=238%2C300&amp;ssl=1 238w, https:\/\/i0.wp.com\/grievingmaman.com\/wp-content\/uploads\/2021\/04\/IMG_7177_edited.jpg?resize=768%2C969&amp;ssl=1 768w, https:\/\/i0.wp.com\/grievingmaman.com\/wp-content\/uploads\/2021\/04\/IMG_7177_edited.jpg?resize=1217%2C1536&amp;ssl=1 1217w, https:\/\/i0.wp.com\/grievingmaman.com\/wp-content\/uploads\/2021\/04\/IMG_7177_edited.jpg?resize=1623%2C2048&amp;ssl=1 1623w, https:\/\/i0.wp.com\/grievingmaman.com\/wp-content\/uploads\/2021\/04\/IMG_7177_edited.jpg?resize=10%2C12&amp;ssl=1 10w, https:\/\/i0.wp.com\/grievingmaman.com\/wp-content\/uploads\/2021\/04\/IMG_7177_edited.jpg?resize=1200%2C1514&amp;ssl=1 1200w, https:\/\/i0.wp.com\/grievingmaman.com\/wp-content\/uploads\/2021\/04\/IMG_7177_edited.jpg?resize=720%2C909&amp;ssl=1 720w, https:\/\/i0.wp.com\/grievingmaman.com\/wp-content\/uploads\/2021\/04\/IMG_7177_edited.jpg?resize=1320%2C1666&amp;ssl=1 1320w, https:\/\/i0.wp.com\/grievingmaman.com\/wp-content\/uploads\/2021\/04\/IMG_7177_edited.jpg?w=2000&amp;ssl=1 2000w\" sizes=\"(max-width: 496px) 100vw, 496px\" \/><\/figure><\/div>\n\n\n\n<p class=\"wp-block-paragraph\" style=\"font-size:18px\">Enfin, j\u2019ai mis \u00e0 jour ma publication sur les vid\u00e9os de Maxandre en y ajoutant sa derni\u00e8re vid\u00e9o \u00abTry Not to Laugh\u00bb! SVP <a href=\"https:\/\/grievingmaman.com\/fr\/2021\/01\/01\/firstyoutube\/\">la visionner ici<\/a>!<\/p>\n\n\n\n<p class=\"wp-block-paragraph\"><\/p>\n\n\n\n<p class=\"has-text-align-center has-text-color wp-block-paragraph\" style=\"color:#5a5e5e;font-size:18px\">C'est tout pour l'instant! Merci de partager vos r\u00e9flexions dans les commentaires!<\/p>\n\n\n\n<p class=\"has-text-align-center has-text-color wp-block-paragraph\" style=\"color:#5a5e5e;font-size:18px\">Si vous souhaitez recevoir ma prochaine publication, vous pouvez cliquer sur \u00abS'abonner par courriel\u00bb.<\/p>","protected":false},"excerpt":{"rendered":"<p>Je parle de l'impact de la pand\u00e9mie sur notre cheminement de deuil. Je d\u00e9cris une perte secondaire due \u00e0 l'accident.<\/p>","protected":false},"author":185178740,"featured_media":2481,"comment_status":"open","ping_status":"open","sticky":false,"template":"","format":"standard","meta":{"_coblocks_attr":"","_coblocks_dimensions":"","_coblocks_responsive_height":"","_coblocks_accordion_ie_support":"","_jetpack_newsletter_access":"","_jetpack_dont_email_post_to_subs":false,"_jetpack_newsletter_tier_id":0,"_jetpack_memberships_contains_paywalled_content":false,"_wpcom_ai_launchpad_first_post":false,"_jetpack_feature_clip_id":0,"_jetpack_memberships_contains_paid_content":false,"footnotes":"","jetpack_publicize_message":"{title}\n\n{excerpt}\n\n{url}","jetpack_publicize_feature_enabled":true,"jetpack_social_post_already_shared":true,"jetpack_social_options":{"image_generator_settings":{"template":"highway","default_image_id":0,"font":"","enabled":false},"version":2},"_wpas_customize_per_network":false,"jetpack_post_was_ever_published":false},"categories":[16950],"tags":[7371195,708032845,500448472,708032844],"class_list":["post-2471","post","type-post","status-publish","format-standard","has-post-thumbnail","hentry","category-grief","tag-childloss","tag-covid","tag-maxandre","tag-pandemic"],"yoast_head":"<!-- This site is optimized with the Yoast SEO plugin v28.4 - https:\/\/yoast.com\/product\/yoast-seo-wordpress\/ -->\n<title>Isn&#039;t Child Loss Enough? &#8211; Grieving maman<\/title>\n<meta name=\"description\" content=\"I talk about the impact of the pandemic on our grief journey. I share a secondary loss due to the accident.\" \/>\n<meta name=\"robots\" content=\"index, follow, max-snippet:-1, max-image-preview:large, max-video-preview:-1\" \/>\n<link rel=\"canonical\" href=\"https:\/\/grievingmaman.com\/fr\/2021\/04\/28\/isnt-child-loss-enough\/\" \/>\n<meta property=\"og:locale\" content=\"fr_CA\" \/>\n<meta property=\"og:type\" content=\"article\" \/>\n<meta property=\"og:title\" content=\"Isn&#039;t Child Loss Enough? &#8211; Grieving maman\" \/>\n<meta property=\"og:description\" content=\"I talk about the impact of the pandemic on our grief journey. I share a secondary loss due to the accident.\" \/>\n<meta property=\"og:url\" content=\"https:\/\/grievingmaman.com\/fr\/2021\/04\/28\/isnt-child-loss-enough\/\" \/>\n<meta property=\"og:site_name\" content=\"Grieving maman\" \/>\n<meta property=\"article:published_time\" content=\"2021-04-28T23:43:06+00:00\" \/>\n<meta property=\"article:modified_time\" content=\"2021-05-23T00:43:33+00:00\" \/>\n<meta property=\"og:image\" content=\"https:\/\/grievingmaman.com\/wp-content\/uploads\/2021\/04\/IMG_7177_edited-812x1024.jpg\" \/>\n\t<meta property=\"og:image:width\" content=\"812\" \/>\n\t<meta property=\"og:image:height\" content=\"1024\" \/>\n\t<meta property=\"og:image:type\" content=\"image\/jpeg\" \/>\n<meta name=\"author\" content=\"Brigitte Lehoux\" \/>\n<meta name=\"twitter:card\" content=\"summary_large_image\" \/>\n<meta name=\"twitter:label1\" content=\"\u00c9crit par\" \/>\n\t<meta name=\"twitter:data1\" content=\"Brigitte Lehoux\" \/>\n\t<meta name=\"twitter:label2\" content=\"Estimation du temps de lecture\" \/>\n\t<meta name=\"twitter:data2\" content=\"4 minutes\" \/>\n<script type=\"application\/ld+json\" class=\"yoast-schema-graph\">{\"@context\":\"https:\\\/\\\/schema.org\",\"@graph\":[{\"@type\":\"Article\",\"@id\":\"https:\\\/\\\/grievingmaman.com\\\/fr\\\/2021\\\/04\\\/28\\\/isnt-child-loss-enough\\\/#article\",\"isPartOf\":{\"@id\":\"https:\\\/\\\/grievingmaman.com\\\/fr\\\/2021\\\/04\\\/28\\\/isnt-child-loss-enough\\\/\"},\"author\":{\"name\":\"Brigitte Lehoux\",\"@id\":\"https:\\\/\\\/grievingmaman.com\\\/fr\\\/#\\\/schema\\\/person\\\/1f19b09d0ab9ac20bb9dc17c1802d8be\"},\"headline\":\"Isn&#8217;t Child Loss Enough?\",\"datePublished\":\"2021-04-28T23:43:06+00:00\",\"dateModified\":\"2021-05-23T00:43:33+00:00\",\"mainEntityOfPage\":{\"@id\":\"https:\\\/\\\/grievingmaman.com\\\/fr\\\/2021\\\/04\\\/28\\\/isnt-child-loss-enough\\\/\"},\"wordCount\":726,\"commentCount\":6,\"publisher\":{\"@id\":\"https:\\\/\\\/grievingmaman.com\\\/fr\\\/#\\\/schema\\\/person\\\/1f19b09d0ab9ac20bb9dc17c1802d8be\"},\"image\":{\"@id\":\"https:\\\/\\\/grievingmaman.com\\\/fr\\\/2021\\\/04\\\/28\\\/isnt-child-loss-enough\\\/#primaryimage\"},\"thumbnailUrl\":\"https:\\\/\\\/i0.wp.com\\\/grievingmaman.com\\\/wp-content\\\/uploads\\\/2021\\\/04\\\/IMG_7177_edited.jpg?fit=2811%2C3547&ssl=1\",\"keywords\":[\"Childloss\",\"Covid\",\"Maxandre\",\"Pandemic\"],\"articleSection\":[\"Grief\"],\"inLanguage\":\"fr-CA\",\"potentialAction\":[{\"@type\":\"CommentAction\",\"name\":\"Comment\",\"target\":[\"https:\\\/\\\/grievingmaman.com\\\/fr\\\/2021\\\/04\\\/28\\\/isnt-child-loss-enough\\\/#respond\"]}]},{\"@type\":\"WebPage\",\"@id\":\"https:\\\/\\\/grievingmaman.com\\\/fr\\\/2021\\\/04\\\/28\\\/isnt-child-loss-enough\\\/\",\"url\":\"https:\\\/\\\/grievingmaman.com\\\/fr\\\/2021\\\/04\\\/28\\\/isnt-child-loss-enough\\\/\",\"name\":\"Isn't Child Loss Enough? &#8211; Grieving maman\",\"isPartOf\":{\"@id\":\"https:\\\/\\\/grievingmaman.com\\\/fr\\\/#website\"},\"primaryImageOfPage\":{\"@id\":\"https:\\\/\\\/grievingmaman.com\\\/fr\\\/2021\\\/04\\\/28\\\/isnt-child-loss-enough\\\/#primaryimage\"},\"image\":{\"@id\":\"https:\\\/\\\/grievingmaman.com\\\/fr\\\/2021\\\/04\\\/28\\\/isnt-child-loss-enough\\\/#primaryimage\"},\"thumbnailUrl\":\"https:\\\/\\\/i0.wp.com\\\/grievingmaman.com\\\/wp-content\\\/uploads\\\/2021\\\/04\\\/IMG_7177_edited.jpg?fit=2811%2C3547&ssl=1\",\"datePublished\":\"2021-04-28T23:43:06+00:00\",\"dateModified\":\"2021-05-23T00:43:33+00:00\",\"description\":\"I talk about the impact of the pandemic on our grief journey. I share a secondary loss due to the accident.\",\"breadcrumb\":{\"@id\":\"https:\\\/\\\/grievingmaman.com\\\/fr\\\/2021\\\/04\\\/28\\\/isnt-child-loss-enough\\\/#breadcrumb\"},\"inLanguage\":\"fr-CA\",\"potentialAction\":[{\"@type\":\"ReadAction\",\"target\":[\"https:\\\/\\\/grievingmaman.com\\\/fr\\\/2021\\\/04\\\/28\\\/isnt-child-loss-enough\\\/\"]}]},{\"@type\":\"ImageObject\",\"inLanguage\":\"fr-CA\",\"@id\":\"https:\\\/\\\/grievingmaman.com\\\/fr\\\/2021\\\/04\\\/28\\\/isnt-child-loss-enough\\\/#primaryimage\",\"url\":\"https:\\\/\\\/i0.wp.com\\\/grievingmaman.com\\\/wp-content\\\/uploads\\\/2021\\\/04\\\/IMG_7177_edited.jpg?fit=2811%2C3547&ssl=1\",\"contentUrl\":\"https:\\\/\\\/i0.wp.com\\\/grievingmaman.com\\\/wp-content\\\/uploads\\\/2021\\\/04\\\/IMG_7177_edited.jpg?fit=2811%2C3547&ssl=1\",\"width\":2811,\"height\":3547,\"caption\":\"Maxandre Flintoff\"},{\"@type\":\"BreadcrumbList\",\"@id\":\"https:\\\/\\\/grievingmaman.com\\\/fr\\\/2021\\\/04\\\/28\\\/isnt-child-loss-enough\\\/#breadcrumb\",\"itemListElement\":[{\"@type\":\"ListItem\",\"position\":1,\"name\":\"Home\",\"item\":\"https:\\\/\\\/grievingmaman.com\\\/\"},{\"@type\":\"ListItem\",\"position\":2,\"name\":\"Isn&#8217;t Child Loss Enough?\"}]},{\"@type\":\"WebSite\",\"@id\":\"https:\\\/\\\/grievingmaman.com\\\/fr\\\/#website\",\"url\":\"https:\\\/\\\/grievingmaman.com\\\/fr\\\/\",\"name\":\"Grieving maman\",\"description\":\"Surviving the loss of my son\",\"publisher\":{\"@id\":\"https:\\\/\\\/grievingmaman.com\\\/fr\\\/#\\\/schema\\\/person\\\/1f19b09d0ab9ac20bb9dc17c1802d8be\"},\"potentialAction\":[{\"@type\":\"SearchAction\",\"target\":{\"@type\":\"EntryPoint\",\"urlTemplate\":\"https:\\\/\\\/grievingmaman.com\\\/fr\\\/?s={search_term_string}\"},\"query-input\":{\"@type\":\"PropertyValueSpecification\",\"valueRequired\":true,\"valueName\":\"search_term_string\"}}],\"inLanguage\":\"fr-CA\"},{\"@type\":[\"Person\",\"Organization\"],\"@id\":\"https:\\\/\\\/grievingmaman.com\\\/fr\\\/#\\\/schema\\\/person\\\/1f19b09d0ab9ac20bb9dc17c1802d8be\",\"name\":\"Brigitte Lehoux\",\"image\":{\"@type\":\"ImageObject\",\"inLanguage\":\"fr-CA\",\"@id\":\"https:\\\/\\\/i0.wp.com\\\/grievingmaman.com\\\/wp-content\\\/uploads\\\/Grieving-Maman-logo-Final-Grieving-Parent-Grieving-Mother-Website-Blog.png?fit=1900%2C500&ssl=1\",\"url\":\"https:\\\/\\\/i0.wp.com\\\/grievingmaman.com\\\/wp-content\\\/uploads\\\/Grieving-Maman-logo-Final-Grieving-Parent-Grieving-Mother-Website-Blog.png?fit=1900%2C500&ssl=1\",\"contentUrl\":\"https:\\\/\\\/i0.wp.com\\\/grievingmaman.com\\\/wp-content\\\/uploads\\\/Grieving-Maman-logo-Final-Grieving-Parent-Grieving-Mother-Website-Blog.png?fit=1900%2C500&ssl=1\",\"width\":1900,\"height\":500,\"caption\":\"Brigitte Lehoux\"},\"logo\":{\"@id\":\"https:\\\/\\\/i0.wp.com\\\/grievingmaman.com\\\/wp-content\\\/uploads\\\/Grieving-Maman-logo-Final-Grieving-Parent-Grieving-Mother-Website-Blog.png?fit=1900%2C500&ssl=1\"},\"sameAs\":[\"http:\\\/\\\/grievingmaman.wordpress.com\"]}]}<\/script>\n<!-- \/ Yoast SEO plugin. -->","yoast_head_json":{"title":"Isn't Child Loss Enough? &#8211; Grieving maman","description":"Je parle de l'impact de la pand\u00e9mie sur notre cheminement de deuil. Je d\u00e9cris une perte secondaire due \u00e0 l'accident.","robots":{"index":"index","follow":"follow","max-snippet":"max-snippet:-1","max-image-preview":"max-image-preview:large","max-video-preview":"max-video-preview:-1"},"canonical":"https:\/\/grievingmaman.com\/fr\/2021\/04\/28\/isnt-child-loss-enough\/","og_locale":"fr_CA","og_type":"article","og_title":"Isn't Child Loss Enough? &#8211; Grieving maman","og_description":"I talk about the impact of the pandemic on our grief journey. I share a secondary loss due to the accident.","og_url":"https:\/\/grievingmaman.com\/fr\/2021\/04\/28\/isnt-child-loss-enough\/","og_site_name":"Grieving maman","article_published_time":"2021-04-28T23:43:06+00:00","article_modified_time":"2021-05-23T00:43:33+00:00","og_image":[{"width":812,"height":1024,"url":"https:\/\/grievingmaman.com\/wp-content\/uploads\/2021\/04\/IMG_7177_edited-812x1024.jpg","type":"image\/jpeg"}],"author":"Brigitte Lehoux","twitter_card":"summary_large_image","twitter_misc":{"\u00c9crit par":"Brigitte Lehoux","Estimation du temps de lecture":"4 minutes"},"schema":{"@context":"https:\/\/schema.org","@graph":[{"@type":"Article","@id":"https:\/\/grievingmaman.com\/fr\/2021\/04\/28\/isnt-child-loss-enough\/#article","isPartOf":{"@id":"https:\/\/grievingmaman.com\/fr\/2021\/04\/28\/isnt-child-loss-enough\/"},"author":{"name":"Brigitte Lehoux","@id":"https:\/\/grievingmaman.com\/fr\/#\/schema\/person\/1f19b09d0ab9ac20bb9dc17c1802d8be"},"headline":"Isn&#8217;t Child Loss Enough?","datePublished":"2021-04-28T23:43:06+00:00","dateModified":"2021-05-23T00:43:33+00:00","mainEntityOfPage":{"@id":"https:\/\/grievingmaman.com\/fr\/2021\/04\/28\/isnt-child-loss-enough\/"},"wordCount":726,"commentCount":6,"publisher":{"@id":"https:\/\/grievingmaman.com\/fr\/#\/schema\/person\/1f19b09d0ab9ac20bb9dc17c1802d8be"},"image":{"@id":"https:\/\/grievingmaman.com\/fr\/2021\/04\/28\/isnt-child-loss-enough\/#primaryimage"},"thumbnailUrl":"https:\/\/i0.wp.com\/grievingmaman.com\/wp-content\/uploads\/2021\/04\/IMG_7177_edited.jpg?fit=2811%2C3547&ssl=1","keywords":["Childloss","Covid","Maxandre","Pandemic"],"articleSection":["Grief"],"inLanguage":"fr-CA","potentialAction":[{"@type":"CommentAction","name":"Comment","target":["https:\/\/grievingmaman.com\/fr\/2021\/04\/28\/isnt-child-loss-enough\/#respond"]}]},{"@type":"WebPage","@id":"https:\/\/grievingmaman.com\/fr\/2021\/04\/28\/isnt-child-loss-enough\/","url":"https:\/\/grievingmaman.com\/fr\/2021\/04\/28\/isnt-child-loss-enough\/","name":"Isn't Child Loss Enough? &#8211; Grieving maman","isPartOf":{"@id":"https:\/\/grievingmaman.com\/fr\/#website"},"primaryImageOfPage":{"@id":"https:\/\/grievingmaman.com\/fr\/2021\/04\/28\/isnt-child-loss-enough\/#primaryimage"},"image":{"@id":"https:\/\/grievingmaman.com\/fr\/2021\/04\/28\/isnt-child-loss-enough\/#primaryimage"},"thumbnailUrl":"https:\/\/i0.wp.com\/grievingmaman.com\/wp-content\/uploads\/2021\/04\/IMG_7177_edited.jpg?fit=2811%2C3547&ssl=1","datePublished":"2021-04-28T23:43:06+00:00","dateModified":"2021-05-23T00:43:33+00:00","description":"Je parle de l'impact de la pand\u00e9mie sur notre cheminement de deuil. Je d\u00e9cris une perte secondaire due \u00e0 l'accident.","breadcrumb":{"@id":"https:\/\/grievingmaman.com\/fr\/2021\/04\/28\/isnt-child-loss-enough\/#breadcrumb"},"inLanguage":"fr-CA","potentialAction":[{"@type":"ReadAction","target":["https:\/\/grievingmaman.com\/fr\/2021\/04\/28\/isnt-child-loss-enough\/"]}]},{"@type":"ImageObject","inLanguage":"fr-CA","@id":"https:\/\/grievingmaman.com\/fr\/2021\/04\/28\/isnt-child-loss-enough\/#primaryimage","url":"https:\/\/i0.wp.com\/grievingmaman.com\/wp-content\/uploads\/2021\/04\/IMG_7177_edited.jpg?fit=2811%2C3547&ssl=1","contentUrl":"https:\/\/i0.wp.com\/grievingmaman.com\/wp-content\/uploads\/2021\/04\/IMG_7177_edited.jpg?fit=2811%2C3547&ssl=1","width":2811,"height":3547,"caption":"Maxandre Flintoff"},{"@type":"BreadcrumbList","@id":"https:\/\/grievingmaman.com\/fr\/2021\/04\/28\/isnt-child-loss-enough\/#breadcrumb","itemListElement":[{"@type":"ListItem","position":1,"name":"Home","item":"https:\/\/grievingmaman.com\/"},{"@type":"ListItem","position":2,"name":"Isn&#8217;t Child Loss Enough?"}]},{"@type":"WebSite","@id":"https:\/\/grievingmaman.com\/fr\/#website","url":"https:\/\/grievingmaman.com\/fr\/","name":"Grieving maman","description":"Survivre \u00e0 la perte de mon gar\u00e7on","publisher":{"@id":"https:\/\/grievingmaman.com\/fr\/#\/schema\/person\/1f19b09d0ab9ac20bb9dc17c1802d8be"},"potentialAction":[{"@type":"SearchAction","target":{"@type":"EntryPoint","urlTemplate":"https:\/\/grievingmaman.com\/fr\/?s={search_term_string}"},"query-input":{"@type":"PropertyValueSpecification","valueRequired":true,"valueName":"search_term_string"}}],"inLanguage":"fr-CA"},{"@type":["Person","Organization"],"@id":"https:\/\/grievingmaman.com\/fr\/#\/schema\/person\/1f19b09d0ab9ac20bb9dc17c1802d8be","name":"Brigitte Lehoux","image":{"@type":"ImageObject","inLanguage":"fr-CA","@id":"https:\/\/i0.wp.com\/grievingmaman.com\/wp-content\/uploads\/Grieving-Maman-logo-Final-Grieving-Parent-Grieving-Mother-Website-Blog.png?fit=1900%2C500&ssl=1","url":"https:\/\/i0.wp.com\/grievingmaman.com\/wp-content\/uploads\/Grieving-Maman-logo-Final-Grieving-Parent-Grieving-Mother-Website-Blog.png?fit=1900%2C500&ssl=1","contentUrl":"https:\/\/i0.wp.com\/grievingmaman.com\/wp-content\/uploads\/Grieving-Maman-logo-Final-Grieving-Parent-Grieving-Mother-Website-Blog.png?fit=1900%2C500&ssl=1","width":1900,"height":500,"caption":"Brigitte Lehoux"},"logo":{"@id":"https:\/\/i0.wp.com\/grievingmaman.com\/wp-content\/uploads\/Grieving-Maman-logo-Final-Grieving-Parent-Grieving-Mother-Website-Blog.png?fit=1900%2C500&ssl=1"},"sameAs":["http:\/\/grievingmaman.wordpress.com"]}]}},"jetpack_publicize_connections":[],"jetpack_likes_enabled":true,"jetpack_sharing_enabled":true,"jetpack_shortlink":"https:\/\/wp.me\/pbXpxA-DR","jetpack-related-posts":[{"id":3163,"url":"https:\/\/grievingmaman.com\/fr\/2021\/09\/21\/vivre-un-deuil-durant-la-pandemie-de-covid-19\/","url_meta":{"origin":2471,"position":0},"title":"G\u00e9rer les cons\u00e9quences de l'accident et vivre un deuil durant la pand\u00e9mie","author":"Brigitte Lehoux","date":"21 Sep 2021","format":false,"excerpt":"Je publie une mise \u00e0 jour sur notre famille et sur la fa\u00e7on dont l'accident et la pand\u00e9mie de Covid-19 ont affect\u00e9 notre vie quotidienne. Je parle de certains d\u00e9fis li\u00e9s au deuil, \u00e0 la perte d'un enfant et \u00e0 l'\u00e9cole virtuelle (apprentissage en ligne).","rel":"","context":"In &quot;Ad\u00e9lie&quot;","block_context":{"text":"Ad\u00e9lie","link":"https:\/\/grievingmaman.com\/fr\/category\/adelie\/"},"img":{"alt_text":"Start of school picture - Ad\u00e9lie au Pr\u00e9lude, Orl\u00e9ans","src":"https:\/\/i0.wp.com\/grievingmaman.com\/wp-content\/uploads\/IMG_6887-1-rotated.jpg?fit=900%2C1200&ssl=1&resize=350%2C200","width":350,"height":200,"srcset":"https:\/\/i0.wp.com\/grievingmaman.com\/wp-content\/uploads\/IMG_6887-1-rotated.jpg?fit=900%2C1200&ssl=1&resize=350%2C200 1x, https:\/\/i0.wp.com\/grievingmaman.com\/wp-content\/uploads\/IMG_6887-1-rotated.jpg?fit=900%2C1200&ssl=1&resize=525%2C300 1.5x, https:\/\/i0.wp.com\/grievingmaman.com\/wp-content\/uploads\/IMG_6887-1-rotated.jpg?fit=900%2C1200&ssl=1&resize=700%2C400 2x"},"classes":[]},{"id":685,"url":"https:\/\/grievingmaman.com\/fr\/2020\/12\/02\/bonne-fete-happy-birthday-maxandre\/","url_meta":{"origin":2471,"position":1},"title":"Bonne f\u00eate Maxandre!","author":"Brigitte Lehoux","date":"2 D\u00e9c 2020","format":false,"excerpt":"Happy birthday Maxandre! You are so resilient after the loss of your brother. Bonne f\u00eate Maxandre!","rel":"","context":"In &quot;Other&quot;","block_context":{"text":"Other","link":"https:\/\/grievingmaman.com\/fr\/category\/other\/"},"img":{"alt_text":"Maxandre","src":"https:\/\/i0.wp.com\/grievingmaman.com\/wp-content\/uploads\/2020\/12\/maxandre-edited-ecole-3-annee.jpg?fit=1200%2C800&ssl=1&resize=350%2C200","width":350,"height":200,"srcset":"https:\/\/i0.wp.com\/grievingmaman.com\/wp-content\/uploads\/2020\/12\/maxandre-edited-ecole-3-annee.jpg?fit=1200%2C800&ssl=1&resize=350%2C200 1x, https:\/\/i0.wp.com\/grievingmaman.com\/wp-content\/uploads\/2020\/12\/maxandre-edited-ecole-3-annee.jpg?fit=1200%2C800&ssl=1&resize=525%2C300 1.5x, https:\/\/i0.wp.com\/grievingmaman.com\/wp-content\/uploads\/2020\/12\/maxandre-edited-ecole-3-annee.jpg?fit=1200%2C800&ssl=1&resize=700%2C400 2x, https:\/\/i0.wp.com\/grievingmaman.com\/wp-content\/uploads\/2020\/12\/maxandre-edited-ecole-3-annee.jpg?fit=1200%2C800&ssl=1&resize=1050%2C600 3x"},"classes":[]},{"id":3249,"url":"https:\/\/grievingmaman.com\/fr\/2021\/10\/15\/sensibilisation-du-deuil-perinatal-et-la-perte-dun-enfant\/","url_meta":{"origin":2471,"position":2},"title":"La sensibilisation du deuil p\u00e9rinatal et de la perte d\u2019un enfant \u2013 Grieving maman","author":"Brigitte Lehoux","date":"15 Oct 2021","format":false,"excerpt":"En cette journ\u00e9e de sensibilisation au deuil p\u00e9rinatal, je vous partage une entrevue de ma cousine qui a perdu sa fille de 2 mois. J'inclus \u00e9galement le lien \u00e0 une entrevue que j'ai faite sur la perte d'un enfant, le trauma ainsi que mon parcours de deuil.","rel":"","context":"In &quot;Ad\u00e9lie&quot;","block_context":{"text":"Ad\u00e9lie","link":"https:\/\/grievingmaman.com\/fr\/category\/adelie\/"},"img":{"alt_text":"Lehoux-Flintoff family with Ad\u00e9lie","src":"https:\/\/i0.wp.com\/grievingmaman.com\/wp-content\/uploads\/DSC_0024-final.jpg?fit=1200%2C903&ssl=1&resize=350%2C200","width":350,"height":200,"srcset":"https:\/\/i0.wp.com\/grievingmaman.com\/wp-content\/uploads\/DSC_0024-final.jpg?fit=1200%2C903&ssl=1&resize=350%2C200 1x, https:\/\/i0.wp.com\/grievingmaman.com\/wp-content\/uploads\/DSC_0024-final.jpg?fit=1200%2C903&ssl=1&resize=525%2C300 1.5x, https:\/\/i0.wp.com\/grievingmaman.com\/wp-content\/uploads\/DSC_0024-final.jpg?fit=1200%2C903&ssl=1&resize=700%2C400 2x, https:\/\/i0.wp.com\/grievingmaman.com\/wp-content\/uploads\/DSC_0024-final.jpg?fit=1200%2C903&ssl=1&resize=1050%2C600 3x"},"classes":[]},{"id":1706,"url":"https:\/\/grievingmaman.com\/fr\/2021\/02\/12\/writingyourgrief-day3\/","url_meta":{"origin":2471,"position":3},"title":"Comment vivez-vous dans un paysage si profond\u00e9ment chang\u00e9?","author":"Brigitte Lehoux","date":"12 F\u00e9v 2021","format":false,"excerpt":"J'ai commenc\u00e9 un cours sur le deuil. Le cours s'appelle \"Writing Your Grief\". Chaque jour, nous recevons un courriel nous encourageant \u00e0 explorer un aspect de notre deuil. Aujourd'hui, c'est le jour # 3.","rel":"","context":"In &quot;Depression&quot;","block_context":{"text":"Depression","link":"https:\/\/grievingmaman.com\/fr\/category\/depression\/"},"img":{"alt_text":"Zackael trampoline","src":"https:\/\/i0.wp.com\/grievingmaman.com\/wp-content\/uploads\/2021\/02\/IMG_2188-Zackael-trampoline.jpg?fit=1200%2C1170&ssl=1&resize=350%2C200","width":350,"height":200,"srcset":"https:\/\/i0.wp.com\/grievingmaman.com\/wp-content\/uploads\/2021\/02\/IMG_2188-Zackael-trampoline.jpg?fit=1200%2C1170&ssl=1&resize=350%2C200 1x, https:\/\/i0.wp.com\/grievingmaman.com\/wp-content\/uploads\/2021\/02\/IMG_2188-Zackael-trampoline.jpg?fit=1200%2C1170&ssl=1&resize=525%2C300 1.5x, https:\/\/i0.wp.com\/grievingmaman.com\/wp-content\/uploads\/2021\/02\/IMG_2188-Zackael-trampoline.jpg?fit=1200%2C1170&ssl=1&resize=700%2C400 2x, https:\/\/i0.wp.com\/grievingmaman.com\/wp-content\/uploads\/2021\/02\/IMG_2188-Zackael-trampoline.jpg?fit=1200%2C1170&ssl=1&resize=1050%2C600 3x"},"classes":[]},{"id":2282,"url":"https:\/\/grievingmaman.com\/fr\/2021\/04\/01\/sofa-modulaires-structures-et-jeux-interieures-gym\/","url_meta":{"origin":2471,"position":4},"title":"Sofas modulaires et structures int\u00e9rieures ; valent-ils la peine?","author":"Brigitte Lehoux","date":"1 Avr 2021","format":false,"excerpt":"Nous avons d\u00e9cid\u00e9 d\u2019investir un peu dans les activit\u00e9s int\u00e9rieures des enfants. Nous avons command\u00e9 un petit gym pour Ad\u00e9lie, un aire de jeu \u00ab jungle gym \u00bb pour Maxandre ainsi qu\u2019un sofa modulaire The Joey.","rel":"","context":"In &quot;Ad\u00e9lie&quot;","block_context":{"text":"Ad\u00e9lie","link":"https:\/\/grievingmaman.com\/fr\/category\/adelie\/"},"img":{"alt_text":"The Joey Couch with Ad\u00e9lie","src":"https:\/\/i0.wp.com\/grievingmaman.com\/wp-content\/uploads\/2021\/04\/adelie-dans-Joey.jpg?fit=1200%2C801&ssl=1&resize=350%2C200","width":350,"height":200,"srcset":"https:\/\/i0.wp.com\/grievingmaman.com\/wp-content\/uploads\/2021\/04\/adelie-dans-Joey.jpg?fit=1200%2C801&ssl=1&resize=350%2C200 1x, https:\/\/i0.wp.com\/grievingmaman.com\/wp-content\/uploads\/2021\/04\/adelie-dans-Joey.jpg?fit=1200%2C801&ssl=1&resize=525%2C300 1.5x, https:\/\/i0.wp.com\/grievingmaman.com\/wp-content\/uploads\/2021\/04\/adelie-dans-Joey.jpg?fit=1200%2C801&ssl=1&resize=700%2C400 2x, https:\/\/i0.wp.com\/grievingmaman.com\/wp-content\/uploads\/2021\/04\/adelie-dans-Joey.jpg?fit=1200%2C801&ssl=1&resize=1050%2C600 3x"},"classes":[]},{"id":944,"url":"https:\/\/grievingmaman.com\/fr\/2020\/12\/30\/au-revoir-2020-goodbye-2020\/","url_meta":{"origin":2471,"position":5},"title":"Au revoir 2020","author":"Brigitte Lehoux","date":"30 D\u00e9c 2020","format":false,"excerpt":"2020 repr\u00e9sente la premi\u00e8re ann\u00e9e sans notre enfant. Nous n'avons aucun souvenir avec Zacka\u00ebl en 2020. Je partage comment mon faisait mal \u00e0 No\u00ebl et les petites choses que j'ai faites pour faire face \u00e0 mon chagrin et honorer mon fils.","rel":"","context":"In &quot;Grief&quot;","block_context":{"text":"Grief","link":"https:\/\/grievingmaman.com\/fr\/category\/grief\/"},"img":{"alt_text":"","src":"https:\/\/i0.wp.com\/grievingmaman.com\/wp-content\/uploads\/2020\/12\/IMG_6928-edited-use-only-for-blog-smaller-size.jpg?fit=1200%2C1153&ssl=1&resize=350%2C200","width":350,"height":200,"srcset":"https:\/\/i0.wp.com\/grievingmaman.com\/wp-content\/uploads\/2020\/12\/IMG_6928-edited-use-only-for-blog-smaller-size.jpg?fit=1200%2C1153&ssl=1&resize=350%2C200 1x, https:\/\/i0.wp.com\/grievingmaman.com\/wp-content\/uploads\/2020\/12\/IMG_6928-edited-use-only-for-blog-smaller-size.jpg?fit=1200%2C1153&ssl=1&resize=525%2C300 1.5x, https:\/\/i0.wp.com\/grievingmaman.com\/wp-content\/uploads\/2020\/12\/IMG_6928-edited-use-only-for-blog-smaller-size.jpg?fit=1200%2C1153&ssl=1&resize=700%2C400 2x, https:\/\/i0.wp.com\/grievingmaman.com\/wp-content\/uploads\/2020\/12\/IMG_6928-edited-use-only-for-blog-smaller-size.jpg?fit=1200%2C1153&ssl=1&resize=1050%2C600 3x"},"classes":[]}],"amp_enabled":true,"jetpack_featured_media_url":"https:\/\/i0.wp.com\/grievingmaman.com\/wp-content\/uploads\/2021\/04\/IMG_7177_edited.jpg?fit=2811%2C3547&ssl=1","_links":{"self":[{"href":"https:\/\/grievingmaman.com\/fr\/wp-json\/wp\/v2\/posts\/2471","targetHints":{"allow":["GET"]}}],"collection":[{"href":"https:\/\/grievingmaman.com\/fr\/wp-json\/wp\/v2\/posts"}],"about":[{"href":"https:\/\/grievingmaman.com\/fr\/wp-json\/wp\/v2\/types\/post"}],"author":[{"embeddable":true,"href":"https:\/\/grievingmaman.com\/fr\/wp-json\/wp\/v2\/users\/185178740"}],"replies":[{"embeddable":true,"href":"https:\/\/grievingmaman.com\/fr\/wp-json\/wp\/v2\/comments?post=2471"}],"version-history":[{"count":14,"href":"https:\/\/grievingmaman.com\/fr\/wp-json\/wp\/v2\/posts\/2471\/revisions"}],"predecessor-version":[{"id":2751,"href":"https:\/\/grievingmaman.com\/fr\/wp-json\/wp\/v2\/posts\/2471\/revisions\/2751"}],"wp:featuredmedia":[{"embeddable":true,"href":"https:\/\/grievingmaman.com\/fr\/wp-json\/wp\/v2\/media\/2481"}],"wp:attachment":[{"href":"https:\/\/grievingmaman.com\/fr\/wp-json\/wp\/v2\/media?parent=2471"}],"wp:term":[{"taxonomy":"category","embeddable":true,"href":"https:\/\/grievingmaman.com\/fr\/wp-json\/wp\/v2\/categories?post=2471"},{"taxonomy":"post_tag","embeddable":true,"href":"https:\/\/grievingmaman.com\/fr\/wp-json\/wp\/v2\/tags?post=2471"}],"curies":[{"name":"wp","href":"https:\/\/api.w.org\/{rel}","templated":true}]}}