{"id":3163,"date":"2021-09-21T17:01:54","date_gmt":"2021-09-21T21:01:54","guid":{"rendered":"https:\/\/grievingmaman.com\/?p=3163"},"modified":"2021-09-21T20:40:49","modified_gmt":"2021-09-22T00:40:49","slug":"coping-with-grief-during-the-covid-19-pandemic","status":"publish","type":"post","link":"https:\/\/grievingmaman.com\/fr\/2021\/09\/21\/vivre-un-deuil-durant-la-pandemie-de-covid-19\/","title":{"rendered":"G\u00e9rer les cons\u00e9quences de l'accident et vivre un deuil durant la pand\u00e9mie"},"content":{"rendered":"<p class=\"wp-block-paragraph\"><\/p>\n\n\n\n<p class=\"wp-block-paragraph\" style=\"font-size:18px\">For the English version, switch from FR to EN on the menu above <a href=\"https:\/\/grievingmaman.com\/fr\/2021\/09\/21\/vivre-un-deuil-durant-la-pandemie-de-covid-19\/\">\u2630<\/a>.<\/p>\n\n\n\n<hr class=\"wp-block-separator\"\/>\n\n\n\n<p class=\"has-drop-cap wp-block-paragraph\" style=\"font-size:18px\">Premi\u00e8rement, j\u2019aimerais remercier ceux qui ont partag\u00e9 ma derni\u00e8re publication sur les r\u00e9seaux sociaux. Puisque j\u2019\u00e9cris ce blogue par mon propre temps, le partage des publications, ainsi que les commentaires, sont importants pour la continuation de ce blogue. Sur Facebook, les partages (au lieu des \u00ab j\u2019aime \u00bb), permettent une meilleure diffusion des publications.<\/p>\n\n\n\n<p class=\"wp-block-paragraph\" style=\"font-size:18px\">Gr\u00e2ce aux partages de certains d\u2019entre vous, des nouveaux lecteurs sont maintenant parmi nous. Je souhaite la bienvenue aux nouveaux lecteurs!<\/p>\n\n\n\n<p class=\"wp-block-paragraph\" style=\"font-size:18px\">Pour la publication d\u2019aujourd\u2019hui, elle sera diff\u00e9rente par rapport aux autres. Au lieu d\u2019un sujet pr\u00e9cis, je ferai plut\u00f4t une mise \u00e0 jour g\u00e9n\u00e9rale. Il y a d\u00e9j\u00e0 quelques mois que j\u2019ai publi\u00e9 une mise \u00e0 jour sur notre petite famille.<\/p>\n\n\n\n<h2 class=\"wp-block-heading\"><strong>Mise \u00e0 jour<\/strong><\/h2>\n\n\n\n<p class=\"wp-block-paragraph\" style=\"font-size:18px\">Nous sommes toujours tr\u00e8s occup\u00e9s, et j\u2019essaie ainsi de reprendre le dessus sur plusieurs choses. Notamment, les mois d\u2019automne sont remplis de rendez-vous. Depuis l\u2019accident, qui a \u00e9t\u00e9 suivi de la pand\u00e9mie, j\u2019ai d\u00fb annuler et repousser plusieurs rendez-vous. Vous vous rappelez peut-\u00eatre le sujet des \u00ab effets secondaires \u00bb suite \u00e0 un trauma\/deuil, sujet que j\u2019avais bri\u00e8vement introduit il y a quelques mois.<\/p>\n\n\n\n<h3 class=\"wp-block-heading\"><strong>Effets de l'accident et de la pand\u00e9mie<\/strong><\/h3>\n\n\n\n<p class=\"wp-block-paragraph\" style=\"font-size:18px\">L\u2019an dernier, notre focus et nos \u00e9nergies \u00e9taient absorb\u00e9s par ce qui \u00e9tait important ; le r\u00e9tablissement d\u2019Ad\u00e9lie, notre temps avec les enfants, nos cheminements dans nos deuils ainsi que notre sant\u00e9 mentale. De plus, nous \u00e9tions surcharg\u00e9s par les rendez-vous et la paperasse \u00e0 la suite de l\u2019accident. De ce fait, j\u2019avais d\u00fb annuler plusieurs rendez-vous r\u00e9guliers, et repousser d\u2019autres rendez-vous dont j\u2019avais l\u2019intention de prendre.<\/p>\n\n\n\n<h4 class=\"wp-block-heading\"><strong>Situation actuelle<\/strong><\/h4>\n\n\n\n<p class=\"wp-block-paragraph\" style=\"font-size:18px\">Pour ma part, j\u2019essaie maintenant de graduellement reprendre ma sant\u00e9. J\u2019ai des rendez-vous r\u00e9currents pour l\u2019immunoth\u00e9rapie (pour les allergies), d\u2019autres rendez-vous m\u00e9dicaux, et j\u2019ai finalement fix\u00e9 nos rendez-vous chez le dentiste que j\u2019avais d\u00fb annuler. Je m\u2019attends notamment \u00e0 des caries (ce que je n\u2019ai pas g\u00e9n\u00e9ralement), juste par le fait que mon entretien dentaire n\u2019a pas \u00e9t\u00e9 \u00e0 la hauteur (e.g. la soie dentaire) ; une autre pratique que j\u2019ai n\u00e9glig\u00e9e suite de l\u2019accident.<\/p>\n\n\n\n<p class=\"wp-block-paragraph\" style=\"font-size:18px\">En effet, quand notre attention se porte surtout sur la sant\u00e9 de nos enfants, en plus de vivre un deuil, c\u2019est malheureusement notre propre sant\u00e9 qui en souffre. M\u00eame chose pour l\u2019exercice, qui est pratiquement impossible \u00e0 pratiquer quand on n'a pas d'\u00e9nergie. Mon mal de c\u0153ur, caus\u00e9 par ma d\u00e9pression, m\u2019avait initialement fait perdre du poids, perte qui a dur\u00e9 pendant 10 mois apr\u00e8s l\u2019accident. Aujourd'hui, j'essaie de retrouver le temps, l'\u00e9nergie et l'entrain pour me remettre en forme.<\/p>\n\n\n\n<p class=\"wp-block-paragraph\" style=\"font-size:18px\">Un rendez-vous chez la coiffeuse est \u00e9galement sur ma liste; dire que \u00e7a fait 2 \u00bd ans que je ne suis pas all\u00e9e. J\u2019ai un peu d\u2019appr\u00e9hension, surtout si je dois bavarder. Ma situation n\u2019est pas tr\u00e8s rose pour juste jaser, et tout d\u2019un coup que je me mette \u00e0 pleurer?<\/p>\n\n\n\n<h4 class=\"wp-block-heading\"><strong>L'\u00e9cole pour Ad\u00e9lie<\/strong><\/h4>\n\n\n\n<p class=\"wp-block-paragraph\" style=\"font-size:18px\">Tant qu\u2019\u00e0 Ad\u00e9lie, elle a commenc\u00e9 l\u2019\u00e9cole comme une grande, \u00e0 la maternelle! Pendant la semaine de la rentr\u00e9e, nous avons entretenu une rencontre avec tous ses intervenants de la sant\u00e9 et le personnel de l\u2019\u00e9cole pour assurer une bonne transition pour Ad\u00e9lie. M\u00eame \u00e0 l\u2019\u00e9cole, Ad\u00e9lie est suppos\u00e9e continuer ses th\u00e9rapies d\u2019ergoth\u00e9rapie, orthophonie et physioth\u00e9rapie \u00e0 chaque semaine, pour un total d\u2019environ 4 th\u00e9rapies par semaine. Malheureusement, les restrictions de sant\u00e9 et la position du conseil scolaire sont encore floues. Nous sommes encore en attente d\u2019une r\u00e9ponse \u00e0 savoir si Ad\u00e9lie peut recevoir les services sur les lieux de l\u2019\u00e9cole.<\/p>\n\n\n\n<figure class=\"wp-block-gallery columns-3 is-cropped wp-block-gallery-1 is-layout-flex wp-block-gallery-is-layout-flex\"><ul class=\"blocks-gallery-grid\"><li class=\"blocks-gallery-item\"><figure><img data-recalc-dims=\"1\" fetchpriority=\"high\" decoding=\"async\" width=\"754\" height=\"1024\" data-attachment-id=\"3196\" data-permalink=\"https:\/\/grievingmaman.com\/fr\/2021\/09\/21\/vivre-un-deuil-durant-la-pandemie-de-covid-19\/img_6883-1\/\" data-orig-file=\"https:\/\/i0.wp.com\/grievingmaman.com\/wp-content\/uploads\/IMG_6883-1.jpg?fit=2517%2C3418&amp;ssl=1\" data-orig-size=\"2517,3418\" data-comments-opened=\"1\" data-image-meta=\"{&quot;aperture&quot;:&quot;1.8&quot;,&quot;credit&quot;:&quot;&quot;,&quot;camera&quot;:&quot;iPhone XR&quot;,&quot;caption&quot;:&quot;&quot;,&quot;created_timestamp&quot;:&quot;1630486789&quot;,&quot;copyright&quot;:&quot;&quot;,&quot;focal_length&quot;:&quot;4.25&quot;,&quot;iso&quot;:&quot;25&quot;,&quot;shutter_speed&quot;:&quot;0.0046728971962617&quot;,&quot;title&quot;:&quot;&quot;,&quot;orientation&quot;:&quot;1&quot;}\" data-image-title=\"IMG_6883-1\" data-image-description=\"\" data-image-caption=\"\" data-large-file=\"https:\/\/i0.wp.com\/grievingmaman.com\/wp-content\/uploads\/IMG_6883-1.jpg?fit=754%2C1024&amp;ssl=1\" src=\"https:\/\/i0.wp.com\/grievingmaman.com\/wp-content\/uploads\/IMG_6883-1.jpg?resize=754%2C1024&#038;ssl=1\" alt=\"\" data-id=\"3196\" data-full-url=\"https:\/\/grievingmaman.com\/wp-content\/uploads\/IMG_6883-1.jpg\" data-link=\"https:\/\/grievingmaman.com\/?attachment_id=3196\" class=\"wp-image-3196\" srcset=\"https:\/\/i0.wp.com\/grievingmaman.com\/wp-content\/uploads\/IMG_6883-1.jpg?resize=754%2C1024&amp;ssl=1 754w, https:\/\/i0.wp.com\/grievingmaman.com\/wp-content\/uploads\/IMG_6883-1.jpg?resize=221%2C300&amp;ssl=1 221w, https:\/\/i0.wp.com\/grievingmaman.com\/wp-content\/uploads\/IMG_6883-1.jpg?resize=768%2C1043&amp;ssl=1 768w, https:\/\/i0.wp.com\/grievingmaman.com\/wp-content\/uploads\/IMG_6883-1.jpg?resize=1131%2C1536&amp;ssl=1 1131w, https:\/\/i0.wp.com\/grievingmaman.com\/wp-content\/uploads\/IMG_6883-1.jpg?resize=1508%2C2048&amp;ssl=1 1508w, https:\/\/i0.wp.com\/grievingmaman.com\/wp-content\/uploads\/IMG_6883-1.jpg?resize=9%2C12&amp;ssl=1 9w, https:\/\/i0.wp.com\/grievingmaman.com\/wp-content\/uploads\/IMG_6883-1.jpg?resize=1200%2C1630&amp;ssl=1 1200w, https:\/\/i0.wp.com\/grievingmaman.com\/wp-content\/uploads\/IMG_6883-1.jpg?resize=720%2C978&amp;ssl=1 720w, https:\/\/i0.wp.com\/grievingmaman.com\/wp-content\/uploads\/IMG_6883-1.jpg?resize=1320%2C1793&amp;ssl=1 1320w, https:\/\/i0.wp.com\/grievingmaman.com\/wp-content\/uploads\/IMG_6883-1.jpg?w=2000&amp;ssl=1 2000w\" sizes=\"(max-width: 754px) 100vw, 754px\" \/><\/figure><\/li><li class=\"blocks-gallery-item\"><figure><img data-recalc-dims=\"1\" decoding=\"async\" width=\"768\" height=\"1024\" data-attachment-id=\"3197\" data-permalink=\"https:\/\/grievingmaman.com\/fr\/2021\/09\/21\/vivre-un-deuil-durant-la-pandemie-de-covid-19\/img_6887-1\/\" data-orig-file=\"https:\/\/i0.wp.com\/grievingmaman.com\/wp-content\/uploads\/IMG_6887-1-rotated.jpg?fit=3024%2C4032&amp;ssl=1\" data-orig-size=\"3024,4032\" data-comments-opened=\"1\" data-image-meta=\"{&quot;aperture&quot;:&quot;1.8&quot;,&quot;credit&quot;:&quot;&quot;,&quot;camera&quot;:&quot;iPhone XR&quot;,&quot;caption&quot;:&quot;&quot;,&quot;created_timestamp&quot;:&quot;1630486819&quot;,&quot;copyright&quot;:&quot;&quot;,&quot;focal_length&quot;:&quot;4.25&quot;,&quot;iso&quot;:&quot;25&quot;,&quot;shutter_speed&quot;:&quot;0.00625&quot;,&quot;title&quot;:&quot;&quot;,&quot;orientation&quot;:&quot;1&quot;}\" data-image-title=\"Start of school picture &amp;#8211; Ad\u00e9lie au Pr\u00e9lude, Orl\u00e9ans\" data-image-description=\"&lt;p&gt;Start of school picture &amp;#8211; Ad\u00e9lie au Pr\u00e9lude, Orl\u00e9ans&lt;\/p&gt;\" data-image-caption=\"\" data-large-file=\"https:\/\/i0.wp.com\/grievingmaman.com\/wp-content\/uploads\/IMG_6887-1-rotated.jpg?fit=768%2C1024&amp;ssl=1\" src=\"https:\/\/i0.wp.com\/grievingmaman.com\/wp-content\/uploads\/IMG_6887-1.jpg?resize=768%2C1024&#038;ssl=1\" alt=\"\" data-id=\"3197\" data-full-url=\"https:\/\/grievingmaman.com\/wp-content\/uploads\/IMG_6887-1-rotated.jpg\" data-link=\"https:\/\/grievingmaman.com\/?attachment_id=3197\" class=\"wp-image-3197\" srcset=\"https:\/\/i0.wp.com\/grievingmaman.com\/wp-content\/uploads\/IMG_6887-1-rotated.jpg?resize=768%2C1024&amp;ssl=1 768w, https:\/\/i0.wp.com\/grievingmaman.com\/wp-content\/uploads\/IMG_6887-1-rotated.jpg?resize=225%2C300&amp;ssl=1 225w, https:\/\/i0.wp.com\/grievingmaman.com\/wp-content\/uploads\/IMG_6887-1-rotated.jpg?resize=1152%2C1536&amp;ssl=1 1152w, https:\/\/i0.wp.com\/grievingmaman.com\/wp-content\/uploads\/IMG_6887-1-rotated.jpg?resize=1536%2C2048&amp;ssl=1 1536w, https:\/\/i0.wp.com\/grievingmaman.com\/wp-content\/uploads\/IMG_6887-1-rotated.jpg?resize=9%2C12&amp;ssl=1 9w, https:\/\/i0.wp.com\/grievingmaman.com\/wp-content\/uploads\/IMG_6887-1-rotated.jpg?resize=900%2C1200&amp;ssl=1 900w, https:\/\/i0.wp.com\/grievingmaman.com\/wp-content\/uploads\/IMG_6887-1-rotated.jpg?resize=600%2C800&amp;ssl=1 600w, https:\/\/i0.wp.com\/grievingmaman.com\/wp-content\/uploads\/IMG_6887-1-rotated.jpg?resize=300%2C400&amp;ssl=1 300w, https:\/\/i0.wp.com\/grievingmaman.com\/wp-content\/uploads\/IMG_6887-1-rotated.jpg?resize=150%2C200&amp;ssl=1 150w, https:\/\/i0.wp.com\/grievingmaman.com\/wp-content\/uploads\/IMG_6887-1-rotated.jpg?resize=1200%2C1600&amp;ssl=1 1200w, https:\/\/i0.wp.com\/grievingmaman.com\/wp-content\/uploads\/IMG_6887-1-rotated.jpg?resize=720%2C960&amp;ssl=1 720w, https:\/\/i0.wp.com\/grievingmaman.com\/wp-content\/uploads\/IMG_6887-1-rotated.jpg?resize=1320%2C1760&amp;ssl=1 1320w, https:\/\/i0.wp.com\/grievingmaman.com\/wp-content\/uploads\/IMG_6887-1-rotated.jpg?w=2000&amp;ssl=1 2000w, https:\/\/i0.wp.com\/grievingmaman.com\/wp-content\/uploads\/IMG_6887-1-rotated.jpg?w=3000&amp;ssl=1 3000w\" sizes=\"(max-width: 768px) 100vw, 768px\" \/><\/figure><\/li><li class=\"blocks-gallery-item\"><figure><img data-recalc-dims=\"1\" decoding=\"async\" width=\"768\" height=\"1024\" data-attachment-id=\"3199\" data-permalink=\"https:\/\/grievingmaman.com\/fr\/2021\/09\/21\/vivre-un-deuil-durant-la-pandemie-de-covid-19\/img_6891-1\/\" data-orig-file=\"https:\/\/i0.wp.com\/grievingmaman.com\/wp-content\/uploads\/IMG_6891-1-rotated.jpg?fit=3024%2C4032&amp;ssl=1\" data-orig-size=\"3024,4032\" data-comments-opened=\"1\" data-image-meta=\"{&quot;aperture&quot;:&quot;1.8&quot;,&quot;credit&quot;:&quot;&quot;,&quot;camera&quot;:&quot;iPhone XR&quot;,&quot;caption&quot;:&quot;&quot;,&quot;created_timestamp&quot;:&quot;1630487633&quot;,&quot;copyright&quot;:&quot;&quot;,&quot;focal_length&quot;:&quot;4.25&quot;,&quot;iso&quot;:&quot;25&quot;,&quot;shutter_speed&quot;:&quot;0.00046296296296296&quot;,&quot;title&quot;:&quot;&quot;,&quot;orientation&quot;:&quot;1&quot;}\" data-image-title=\"IMG_6891-1\" data-image-description=\"\" data-image-caption=\"\" data-large-file=\"https:\/\/i0.wp.com\/grievingmaman.com\/wp-content\/uploads\/IMG_6891-1-rotated.jpg?fit=768%2C1024&amp;ssl=1\" src=\"https:\/\/i0.wp.com\/grievingmaman.com\/wp-content\/uploads\/IMG_6891-1.jpg?resize=768%2C1024&#038;ssl=1\" alt=\"\" data-id=\"3199\" data-full-url=\"https:\/\/grievingmaman.com\/wp-content\/uploads\/IMG_6891-1-rotated.jpg\" data-link=\"https:\/\/grievingmaman.com\/?attachment_id=3199\" class=\"wp-image-3199\" srcset=\"https:\/\/i0.wp.com\/grievingmaman.com\/wp-content\/uploads\/IMG_6891-1-rotated.jpg?resize=768%2C1024&amp;ssl=1 768w, https:\/\/i0.wp.com\/grievingmaman.com\/wp-content\/uploads\/IMG_6891-1-rotated.jpg?resize=225%2C300&amp;ssl=1 225w, https:\/\/i0.wp.com\/grievingmaman.com\/wp-content\/uploads\/IMG_6891-1-rotated.jpg?resize=1152%2C1536&amp;ssl=1 1152w, https:\/\/i0.wp.com\/grievingmaman.com\/wp-content\/uploads\/IMG_6891-1-rotated.jpg?resize=1536%2C2048&amp;ssl=1 1536w, https:\/\/i0.wp.com\/grievingmaman.com\/wp-content\/uploads\/IMG_6891-1-rotated.jpg?resize=9%2C12&amp;ssl=1 9w, https:\/\/i0.wp.com\/grievingmaman.com\/wp-content\/uploads\/IMG_6891-1-rotated.jpg?resize=900%2C1200&amp;ssl=1 900w, https:\/\/i0.wp.com\/grievingmaman.com\/wp-content\/uploads\/IMG_6891-1-rotated.jpg?resize=600%2C800&amp;ssl=1 600w, https:\/\/i0.wp.com\/grievingmaman.com\/wp-content\/uploads\/IMG_6891-1-rotated.jpg?resize=300%2C400&amp;ssl=1 300w, https:\/\/i0.wp.com\/grievingmaman.com\/wp-content\/uploads\/IMG_6891-1-rotated.jpg?resize=150%2C200&amp;ssl=1 150w, https:\/\/i0.wp.com\/grievingmaman.com\/wp-content\/uploads\/IMG_6891-1-rotated.jpg?resize=1200%2C1600&amp;ssl=1 1200w, https:\/\/i0.wp.com\/grievingmaman.com\/wp-content\/uploads\/IMG_6891-1-rotated.jpg?resize=720%2C960&amp;ssl=1 720w, https:\/\/i0.wp.com\/grievingmaman.com\/wp-content\/uploads\/IMG_6891-1-rotated.jpg?resize=1320%2C1760&amp;ssl=1 1320w, https:\/\/i0.wp.com\/grievingmaman.com\/wp-content\/uploads\/IMG_6891-1-rotated.jpg?w=2000&amp;ssl=1 2000w, https:\/\/i0.wp.com\/grievingmaman.com\/wp-content\/uploads\/IMG_6891-1-rotated.jpg?w=3000&amp;ssl=1 3000w\" sizes=\"(max-width: 768px) 100vw, 768px\" \/><\/figure><\/li><\/ul><\/figure>\n\n\n\n<p class=\"wp-block-paragraph\" style=\"font-size:18px\">Ad\u00e9lie est qualifi\u00e9e pour prendre le transport adapt\u00e9, ce qui nous aide tous, surtout une fois que je reprendrai le travail. En octobre, nous planifions une autre th\u00e9rapie par contrainte pour Ad\u00e9lie, qui r\u00e9duira encore plus sa mobilit\u00e9. Le transport adapt\u00e9 sera encore plus primordial.<\/p>\n\n\n\n<div class=\"wp-block-image\"><figure class=\"aligncenter size-full is-resized\"><img data-recalc-dims=\"1\" loading=\"lazy\" decoding=\"async\" data-attachment-id=\"3190\" data-permalink=\"https:\/\/grievingmaman.com\/fr\/2021\/09\/21\/vivre-un-deuil-durant-la-pandemie-de-covid-19\/img_7124\/\" data-orig-file=\"https:\/\/i0.wp.com\/grievingmaman.com\/wp-content\/uploads\/IMG_7124.jpg?fit=712%2C445&amp;ssl=1\" data-orig-size=\"712,445\" data-comments-opened=\"1\" data-image-meta=\"{&quot;aperture&quot;:&quot;0&quot;,&quot;credit&quot;:&quot;&quot;,&quot;camera&quot;:&quot;&quot;,&quot;caption&quot;:&quot;&quot;,&quot;created_timestamp&quot;:&quot;0&quot;,&quot;copyright&quot;:&quot;&quot;,&quot;focal_length&quot;:&quot;0&quot;,&quot;iso&quot;:&quot;0&quot;,&quot;shutter_speed&quot;:&quot;0&quot;,&quot;title&quot;:&quot;&quot;,&quot;orientation&quot;:&quot;1&quot;}\" data-image-title=\"IMG_7124\" data-image-description=\"\" data-image-caption=\"\" data-large-file=\"https:\/\/i0.wp.com\/grievingmaman.com\/wp-content\/uploads\/IMG_7124.jpg?fit=712%2C445&amp;ssl=1\" src=\"https:\/\/i0.wp.com\/grievingmaman.com\/wp-content\/uploads\/IMG_7124.jpg?resize=518%2C324&#038;ssl=1\" alt=\"\" class=\"wp-image-3190\" width=\"518\" height=\"324\" srcset=\"https:\/\/i0.wp.com\/grievingmaman.com\/wp-content\/uploads\/IMG_7124.jpg?w=712&amp;ssl=1 712w, https:\/\/i0.wp.com\/grievingmaman.com\/wp-content\/uploads\/IMG_7124.jpg?resize=300%2C188&amp;ssl=1 300w, https:\/\/i0.wp.com\/grievingmaman.com\/wp-content\/uploads\/IMG_7124.jpg?resize=18%2C12&amp;ssl=1 18w\" sizes=\"(max-width: 518px) 100vw, 518px\" \/><figcaption>Ad\u00e9lie qui prend le transport adapt\u00e9 pour se rendre \u00e0 l'\u00e9cole<\/figcaption><\/figure><\/div>\n\n\n\n<hr class=\"wp-block-separator\"\/>\n\n\n\n<h4 class=\"wp-block-heading\"><strong>Maxandre<\/strong><\/h4>\n\n\n\n<p class=\"wp-block-paragraph\" style=\"font-size:18px\">De son c\u00f4t\u00e9, Maxandre reprend le hockey et jouera cette ann\u00e9e pour les Stingers de Blackburn. Je crois que \u00e7a lui fera du bien.<\/p>\n\n\n\n<h6 class=\"has-text-align-center wp-block-heading\"><strong>\u00c0 l'ar\u00e9na nouvellement r\u00e9nov\u00e9e de Blackburn Hamlet<\/strong> (<strong>Ar\u00e9na Lois Kemp)<\/strong><\/h6>\n\n\n\n<figure class=\"wp-block-gallery columns-3 is-cropped wp-block-gallery-2 is-layout-flex wp-block-gallery-is-layout-flex\"><ul class=\"blocks-gallery-grid\"><li class=\"blocks-gallery-item\"><figure><img data-recalc-dims=\"1\" loading=\"lazy\" decoding=\"async\" width=\"768\" height=\"1024\" data-attachment-id=\"3173\" data-permalink=\"https:\/\/grievingmaman.com\/fr\/2021\/09\/21\/vivre-un-deuil-durant-la-pandemie-de-covid-19\/img_6969\/\" data-orig-file=\"https:\/\/i0.wp.com\/grievingmaman.com\/wp-content\/uploads\/IMG_6969-rotated.jpg?fit=3024%2C4032&amp;ssl=1\" data-orig-size=\"3024,4032\" data-comments-opened=\"1\" data-image-meta=\"{&quot;aperture&quot;:&quot;1.8&quot;,&quot;credit&quot;:&quot;&quot;,&quot;camera&quot;:&quot;iPhone XR&quot;,&quot;caption&quot;:&quot;&quot;,&quot;created_timestamp&quot;:&quot;1631352693&quot;,&quot;copyright&quot;:&quot;&quot;,&quot;focal_length&quot;:&quot;4.25&quot;,&quot;iso&quot;:&quot;80&quot;,&quot;shutter_speed&quot;:&quot;0.013333333333333&quot;,&quot;title&quot;:&quot;&quot;,&quot;orientation&quot;:&quot;1&quot;}\" data-image-title=\"IMG_6969\" data-image-description=\"\" data-image-caption=\"\" data-large-file=\"https:\/\/i0.wp.com\/grievingmaman.com\/wp-content\/uploads\/IMG_6969-rotated.jpg?fit=768%2C1024&amp;ssl=1\" src=\"https:\/\/i0.wp.com\/grievingmaman.com\/wp-content\/uploads\/IMG_6969.jpg?resize=768%2C1024&#038;ssl=1\" alt=\"\" data-id=\"3173\" data-full-url=\"https:\/\/grievingmaman.com\/wp-content\/uploads\/IMG_6969-rotated.jpg\" data-link=\"https:\/\/grievingmaman.com\/?attachment_id=3173\" class=\"wp-image-3173\" srcset=\"https:\/\/i0.wp.com\/grievingmaman.com\/wp-content\/uploads\/IMG_6969-rotated.jpg?resize=768%2C1024&amp;ssl=1 768w, https:\/\/i0.wp.com\/grievingmaman.com\/wp-content\/uploads\/IMG_6969-rotated.jpg?resize=225%2C300&amp;ssl=1 225w, https:\/\/i0.wp.com\/grievingmaman.com\/wp-content\/uploads\/IMG_6969-rotated.jpg?resize=1152%2C1536&amp;ssl=1 1152w, https:\/\/i0.wp.com\/grievingmaman.com\/wp-content\/uploads\/IMG_6969-rotated.jpg?resize=1536%2C2048&amp;ssl=1 1536w, https:\/\/i0.wp.com\/grievingmaman.com\/wp-content\/uploads\/IMG_6969-rotated.jpg?resize=9%2C12&amp;ssl=1 9w, https:\/\/i0.wp.com\/grievingmaman.com\/wp-content\/uploads\/IMG_6969-rotated.jpg?resize=900%2C1200&amp;ssl=1 900w, https:\/\/i0.wp.com\/grievingmaman.com\/wp-content\/uploads\/IMG_6969-rotated.jpg?resize=600%2C800&amp;ssl=1 600w, https:\/\/i0.wp.com\/grievingmaman.com\/wp-content\/uploads\/IMG_6969-rotated.jpg?resize=300%2C400&amp;ssl=1 300w, https:\/\/i0.wp.com\/grievingmaman.com\/wp-content\/uploads\/IMG_6969-rotated.jpg?resize=150%2C200&amp;ssl=1 150w, https:\/\/i0.wp.com\/grievingmaman.com\/wp-content\/uploads\/IMG_6969-rotated.jpg?resize=1200%2C1600&amp;ssl=1 1200w, https:\/\/i0.wp.com\/grievingmaman.com\/wp-content\/uploads\/IMG_6969-rotated.jpg?resize=720%2C960&amp;ssl=1 720w, https:\/\/i0.wp.com\/grievingmaman.com\/wp-content\/uploads\/IMG_6969-rotated.jpg?resize=1320%2C1760&amp;ssl=1 1320w, https:\/\/i0.wp.com\/grievingmaman.com\/wp-content\/uploads\/IMG_6969-rotated.jpg?w=2000&amp;ssl=1 2000w, https:\/\/i0.wp.com\/grievingmaman.com\/wp-content\/uploads\/IMG_6969-rotated.jpg?w=3000&amp;ssl=1 3000w\" sizes=\"(max-width: 768px) 100vw, 768px\" \/><figcaption class=\"blocks-gallery-item__caption\">Le cadre de Zacka\u00ebl<\/figcaption><\/figure><\/li><li class=\"blocks-gallery-item\"><figure><img data-recalc-dims=\"1\" loading=\"lazy\" decoding=\"async\" width=\"1024\" height=\"768\" data-attachment-id=\"3174\" data-permalink=\"https:\/\/grievingmaman.com\/fr\/2021\/09\/21\/vivre-un-deuil-durant-la-pandemie-de-covid-19\/img_6974\/\" data-orig-file=\"https:\/\/i0.wp.com\/grievingmaman.com\/wp-content\/uploads\/IMG_6974.jpg?fit=4032%2C3024&amp;ssl=1\" data-orig-size=\"4032,3024\" data-comments-opened=\"1\" data-image-meta=\"{&quot;aperture&quot;:&quot;1.8&quot;,&quot;credit&quot;:&quot;&quot;,&quot;camera&quot;:&quot;iPhone XR&quot;,&quot;caption&quot;:&quot;&quot;,&quot;created_timestamp&quot;:&quot;1631355039&quot;,&quot;copyright&quot;:&quot;&quot;,&quot;focal_length&quot;:&quot;4.25&quot;,&quot;iso&quot;:&quot;200&quot;,&quot;shutter_speed&quot;:&quot;0.016666666666667&quot;,&quot;title&quot;:&quot;&quot;,&quot;orientation&quot;:&quot;1&quot;}\" data-image-title=\"IMG_6974\" data-image-description=\"\" data-image-caption=\"\" data-large-file=\"https:\/\/i0.wp.com\/grievingmaman.com\/wp-content\/uploads\/IMG_6974.jpg?fit=1024%2C768&amp;ssl=1\" src=\"https:\/\/i0.wp.com\/grievingmaman.com\/wp-content\/uploads\/IMG_6974.jpg?resize=1024%2C768&#038;ssl=1\" alt=\"\" data-id=\"3174\" data-full-url=\"https:\/\/grievingmaman.com\/wp-content\/uploads\/IMG_6974.jpg\" data-link=\"https:\/\/grievingmaman.com\/?attachment_id=3174\" class=\"wp-image-3174\" srcset=\"https:\/\/i0.wp.com\/grievingmaman.com\/wp-content\/uploads\/IMG_6974.jpg?resize=1024%2C768&amp;ssl=1 1024w, https:\/\/i0.wp.com\/grievingmaman.com\/wp-content\/uploads\/IMG_6974.jpg?resize=300%2C225&amp;ssl=1 300w, https:\/\/i0.wp.com\/grievingmaman.com\/wp-content\/uploads\/IMG_6974.jpg?resize=768%2C576&amp;ssl=1 768w, https:\/\/i0.wp.com\/grievingmaman.com\/wp-content\/uploads\/IMG_6974.jpg?resize=1536%2C1152&amp;ssl=1 1536w, https:\/\/i0.wp.com\/grievingmaman.com\/wp-content\/uploads\/IMG_6974.jpg?resize=2048%2C1536&amp;ssl=1 2048w, https:\/\/i0.wp.com\/grievingmaman.com\/wp-content\/uploads\/IMG_6974.jpg?resize=16%2C12&amp;ssl=1 16w, https:\/\/i0.wp.com\/grievingmaman.com\/wp-content\/uploads\/IMG_6974.jpg?resize=1200%2C900&amp;ssl=1 1200w, https:\/\/i0.wp.com\/grievingmaman.com\/wp-content\/uploads\/IMG_6974.jpg?resize=800%2C600&amp;ssl=1 800w, https:\/\/i0.wp.com\/grievingmaman.com\/wp-content\/uploads\/IMG_6974.jpg?resize=400%2C300&amp;ssl=1 400w, https:\/\/i0.wp.com\/grievingmaman.com\/wp-content\/uploads\/IMG_6974.jpg?resize=200%2C150&amp;ssl=1 200w, https:\/\/i0.wp.com\/grievingmaman.com\/wp-content\/uploads\/IMG_6974.jpg?resize=720%2C540&amp;ssl=1 720w, https:\/\/i0.wp.com\/grievingmaman.com\/wp-content\/uploads\/IMG_6974.jpg?resize=1320%2C990&amp;ssl=1 1320w, https:\/\/i0.wp.com\/grievingmaman.com\/wp-content\/uploads\/IMG_6974.jpg?w=3000&amp;ssl=1 3000w\" sizes=\"(max-width: 1000px) 100vw, 1000px\" \/><figcaption class=\"blocks-gallery-item__caption\">Fan #1 de Maxandre<\/figcaption><\/figure><\/li><li class=\"blocks-gallery-item\"><figure><img data-recalc-dims=\"1\" loading=\"lazy\" decoding=\"async\" width=\"1024\" height=\"768\" data-attachment-id=\"3175\" data-permalink=\"https:\/\/grievingmaman.com\/fr\/2021\/09\/21\/vivre-un-deuil-durant-la-pandemie-de-covid-19\/img_6975\/\" data-orig-file=\"https:\/\/i0.wp.com\/grievingmaman.com\/wp-content\/uploads\/IMG_6975.jpg?fit=4032%2C3024&amp;ssl=1\" data-orig-size=\"4032,3024\" data-comments-opened=\"1\" data-image-meta=\"{&quot;aperture&quot;:&quot;1.8&quot;,&quot;credit&quot;:&quot;&quot;,&quot;camera&quot;:&quot;iPhone XR&quot;,&quot;caption&quot;:&quot;&quot;,&quot;created_timestamp&quot;:&quot;1631355039&quot;,&quot;copyright&quot;:&quot;&quot;,&quot;focal_length&quot;:&quot;4.25&quot;,&quot;iso&quot;:&quot;200&quot;,&quot;shutter_speed&quot;:&quot;0.016666666666667&quot;,&quot;title&quot;:&quot;&quot;,&quot;orientation&quot;:&quot;1&quot;}\" data-image-title=\"IMG_6975\" data-image-description=\"\" data-image-caption=\"\" data-large-file=\"https:\/\/i0.wp.com\/grievingmaman.com\/wp-content\/uploads\/IMG_6975.jpg?fit=1024%2C768&amp;ssl=1\" src=\"https:\/\/i0.wp.com\/grievingmaman.com\/wp-content\/uploads\/IMG_6975.jpg?resize=1024%2C768&#038;ssl=1\" alt=\"\" data-id=\"3175\" data-full-url=\"https:\/\/grievingmaman.com\/wp-content\/uploads\/IMG_6975.jpg\" data-link=\"https:\/\/grievingmaman.com\/?attachment_id=3175\" class=\"wp-image-3175\" srcset=\"https:\/\/i0.wp.com\/grievingmaman.com\/wp-content\/uploads\/IMG_6975.jpg?resize=1024%2C768&amp;ssl=1 1024w, https:\/\/i0.wp.com\/grievingmaman.com\/wp-content\/uploads\/IMG_6975.jpg?resize=300%2C225&amp;ssl=1 300w, https:\/\/i0.wp.com\/grievingmaman.com\/wp-content\/uploads\/IMG_6975.jpg?resize=768%2C576&amp;ssl=1 768w, https:\/\/i0.wp.com\/grievingmaman.com\/wp-content\/uploads\/IMG_6975.jpg?resize=1536%2C1152&amp;ssl=1 1536w, https:\/\/i0.wp.com\/grievingmaman.com\/wp-content\/uploads\/IMG_6975.jpg?resize=2048%2C1536&amp;ssl=1 2048w, https:\/\/i0.wp.com\/grievingmaman.com\/wp-content\/uploads\/IMG_6975.jpg?resize=16%2C12&amp;ssl=1 16w, https:\/\/i0.wp.com\/grievingmaman.com\/wp-content\/uploads\/IMG_6975.jpg?resize=1200%2C900&amp;ssl=1 1200w, https:\/\/i0.wp.com\/grievingmaman.com\/wp-content\/uploads\/IMG_6975.jpg?resize=800%2C600&amp;ssl=1 800w, https:\/\/i0.wp.com\/grievingmaman.com\/wp-content\/uploads\/IMG_6975.jpg?resize=400%2C300&amp;ssl=1 400w, https:\/\/i0.wp.com\/grievingmaman.com\/wp-content\/uploads\/IMG_6975.jpg?resize=200%2C150&amp;ssl=1 200w, https:\/\/i0.wp.com\/grievingmaman.com\/wp-content\/uploads\/IMG_6975.jpg?resize=720%2C540&amp;ssl=1 720w, https:\/\/i0.wp.com\/grievingmaman.com\/wp-content\/uploads\/IMG_6975.jpg?resize=1320%2C990&amp;ssl=1 1320w, https:\/\/i0.wp.com\/grievingmaman.com\/wp-content\/uploads\/IMG_6975.jpg?w=3000&amp;ssl=1 3000w\" sizes=\"(max-width: 1000px) 100vw, 1000px\" \/><\/figure><\/li><li class=\"blocks-gallery-item\"><figure><img data-recalc-dims=\"1\" loading=\"lazy\" decoding=\"async\" width=\"1024\" height=\"768\" data-attachment-id=\"3176\" data-permalink=\"https:\/\/grievingmaman.com\/fr\/2021\/09\/21\/vivre-un-deuil-durant-la-pandemie-de-covid-19\/img_6991\/\" data-orig-file=\"https:\/\/i0.wp.com\/grievingmaman.com\/wp-content\/uploads\/IMG_6991.jpg?fit=4032%2C3024&amp;ssl=1\" data-orig-size=\"4032,3024\" data-comments-opened=\"1\" data-image-meta=\"{&quot;aperture&quot;:&quot;1.8&quot;,&quot;credit&quot;:&quot;&quot;,&quot;camera&quot;:&quot;iPhone XR&quot;,&quot;caption&quot;:&quot;&quot;,&quot;created_timestamp&quot;:&quot;1631355972&quot;,&quot;copyright&quot;:&quot;&quot;,&quot;focal_length&quot;:&quot;4.25&quot;,&quot;iso&quot;:&quot;100&quot;,&quot;shutter_speed&quot;:&quot;0.016666666666667&quot;,&quot;title&quot;:&quot;&quot;,&quot;orientation&quot;:&quot;1&quot;}\" data-image-title=\"IMG_6991\" data-image-description=\"\" data-image-caption=\"\" data-large-file=\"https:\/\/i0.wp.com\/grievingmaman.com\/wp-content\/uploads\/IMG_6991.jpg?fit=1024%2C768&amp;ssl=1\" src=\"https:\/\/i0.wp.com\/grievingmaman.com\/wp-content\/uploads\/IMG_6991.jpg?resize=1024%2C768&#038;ssl=1\" alt=\"\" data-id=\"3176\" data-full-url=\"https:\/\/grievingmaman.com\/wp-content\/uploads\/IMG_6991.jpg\" data-link=\"https:\/\/grievingmaman.com\/?attachment_id=3176\" class=\"wp-image-3176\" srcset=\"https:\/\/i0.wp.com\/grievingmaman.com\/wp-content\/uploads\/IMG_6991.jpg?resize=1024%2C768&amp;ssl=1 1024w, https:\/\/i0.wp.com\/grievingmaman.com\/wp-content\/uploads\/IMG_6991.jpg?resize=300%2C225&amp;ssl=1 300w, https:\/\/i0.wp.com\/grievingmaman.com\/wp-content\/uploads\/IMG_6991.jpg?resize=768%2C576&amp;ssl=1 768w, https:\/\/i0.wp.com\/grievingmaman.com\/wp-content\/uploads\/IMG_6991.jpg?resize=1536%2C1152&amp;ssl=1 1536w, https:\/\/i0.wp.com\/grievingmaman.com\/wp-content\/uploads\/IMG_6991.jpg?resize=2048%2C1536&amp;ssl=1 2048w, https:\/\/i0.wp.com\/grievingmaman.com\/wp-content\/uploads\/IMG_6991.jpg?resize=16%2C12&amp;ssl=1 16w, https:\/\/i0.wp.com\/grievingmaman.com\/wp-content\/uploads\/IMG_6991.jpg?resize=1200%2C900&amp;ssl=1 1200w, https:\/\/i0.wp.com\/grievingmaman.com\/wp-content\/uploads\/IMG_6991.jpg?resize=800%2C600&amp;ssl=1 800w, https:\/\/i0.wp.com\/grievingmaman.com\/wp-content\/uploads\/IMG_6991.jpg?resize=400%2C300&amp;ssl=1 400w, https:\/\/i0.wp.com\/grievingmaman.com\/wp-content\/uploads\/IMG_6991.jpg?resize=200%2C150&amp;ssl=1 200w, https:\/\/i0.wp.com\/grievingmaman.com\/wp-content\/uploads\/IMG_6991.jpg?resize=720%2C540&amp;ssl=1 720w, https:\/\/i0.wp.com\/grievingmaman.com\/wp-content\/uploads\/IMG_6991.jpg?resize=1320%2C990&amp;ssl=1 1320w, https:\/\/i0.wp.com\/grievingmaman.com\/wp-content\/uploads\/IMG_6991.jpg?w=3000&amp;ssl=1 3000w\" sizes=\"(max-width: 1000px) 100vw, 1000px\" \/><\/figure><\/li><li class=\"blocks-gallery-item\"><figure><img data-recalc-dims=\"1\" loading=\"lazy\" decoding=\"async\" width=\"1024\" height=\"768\" data-attachment-id=\"3177\" data-permalink=\"https:\/\/grievingmaman.com\/fr\/2021\/09\/21\/vivre-un-deuil-durant-la-pandemie-de-covid-19\/img_7101\/\" data-orig-file=\"https:\/\/i0.wp.com\/grievingmaman.com\/wp-content\/uploads\/IMG_7101.jpg?fit=4032%2C3024&amp;ssl=1\" data-orig-size=\"4032,3024\" data-comments-opened=\"1\" data-image-meta=\"{&quot;aperture&quot;:&quot;1.8&quot;,&quot;credit&quot;:&quot;&quot;,&quot;camera&quot;:&quot;iPhone XR&quot;,&quot;caption&quot;:&quot;&quot;,&quot;created_timestamp&quot;:&quot;1632054166&quot;,&quot;copyright&quot;:&quot;&quot;,&quot;focal_length&quot;:&quot;4.25&quot;,&quot;iso&quot;:&quot;400&quot;,&quot;shutter_speed&quot;:&quot;0.016666666666667&quot;,&quot;title&quot;:&quot;&quot;,&quot;orientation&quot;:&quot;1&quot;}\" data-image-title=\"IMG_7101\" data-image-description=\"\" data-image-caption=\"\" data-large-file=\"https:\/\/i0.wp.com\/grievingmaman.com\/wp-content\/uploads\/IMG_7101.jpg?fit=1024%2C768&amp;ssl=1\" src=\"https:\/\/i0.wp.com\/grievingmaman.com\/wp-content\/uploads\/IMG_7101.jpg?resize=1024%2C768&#038;ssl=1\" alt=\"\" data-id=\"3177\" data-full-url=\"https:\/\/grievingmaman.com\/wp-content\/uploads\/IMG_7101.jpg\" data-link=\"https:\/\/grievingmaman.com\/?attachment_id=3177\" class=\"wp-image-3177\" srcset=\"https:\/\/i0.wp.com\/grievingmaman.com\/wp-content\/uploads\/IMG_7101.jpg?resize=1024%2C768&amp;ssl=1 1024w, https:\/\/i0.wp.com\/grievingmaman.com\/wp-content\/uploads\/IMG_7101.jpg?resize=300%2C225&amp;ssl=1 300w, https:\/\/i0.wp.com\/grievingmaman.com\/wp-content\/uploads\/IMG_7101.jpg?resize=768%2C576&amp;ssl=1 768w, https:\/\/i0.wp.com\/grievingmaman.com\/wp-content\/uploads\/IMG_7101.jpg?resize=1536%2C1152&amp;ssl=1 1536w, https:\/\/i0.wp.com\/grievingmaman.com\/wp-content\/uploads\/IMG_7101.jpg?resize=2048%2C1536&amp;ssl=1 2048w, https:\/\/i0.wp.com\/grievingmaman.com\/wp-content\/uploads\/IMG_7101.jpg?resize=16%2C12&amp;ssl=1 16w, https:\/\/i0.wp.com\/grievingmaman.com\/wp-content\/uploads\/IMG_7101.jpg?resize=1200%2C900&amp;ssl=1 1200w, https:\/\/i0.wp.com\/grievingmaman.com\/wp-content\/uploads\/IMG_7101.jpg?resize=800%2C600&amp;ssl=1 800w, https:\/\/i0.wp.com\/grievingmaman.com\/wp-content\/uploads\/IMG_7101.jpg?resize=400%2C300&amp;ssl=1 400w, https:\/\/i0.wp.com\/grievingmaman.com\/wp-content\/uploads\/IMG_7101.jpg?resize=200%2C150&amp;ssl=1 200w, https:\/\/i0.wp.com\/grievingmaman.com\/wp-content\/uploads\/IMG_7101.jpg?resize=720%2C540&amp;ssl=1 720w, https:\/\/i0.wp.com\/grievingmaman.com\/wp-content\/uploads\/IMG_7101.jpg?resize=1320%2C990&amp;ssl=1 1320w, https:\/\/i0.wp.com\/grievingmaman.com\/wp-content\/uploads\/IMG_7101.jpg?w=3000&amp;ssl=1 3000w\" sizes=\"(max-width: 1000px) 100vw, 1000px\" \/><\/figure><\/li><\/ul><\/figure>\n\n\n\n<p class=\"wp-block-paragraph\" style=\"font-size:18px\">\u00c9videmment, les derniers deux ans ont \u00e9t\u00e9 tr\u00e8s difficiles pour Maxandre. Non seulement il a \u00e9t\u00e9 traumatis\u00e9 par la mort de Zacka\u00ebl, et a presque perdu Ad\u00e9lie, mais la pand\u00e9mie a vraiment ajout\u00e9 sur son anxi\u00e9t\u00e9 et sur l\u2019isolement. Pris \u00e0 la maison, il n\u2019avait pas son fr\u00e8re pour jouer avec, et on s\u2019entend qu\u2019il existe une grande diff\u00e9rence d\u2019\u00e2ge avec sa s\u0153ur.  Il n'a donc pas de compagnon pour jouer avec. Il adore sa s\u0153ur, mais Ad\u00e9lie peut \u00eatre tr\u00e8s demandante et est sujet \u00e0 des petites crises de col\u00e8re (typique aux bambins). Tout cela nous am\u00e8ne des d\u00e9fis, et m\u00eame pour Maxandre.<\/p>\n\n\n\n<p class=\"wp-block-paragraph\" style=\"font-size:18px\">L\u2019an pass\u00e9, m\u00eame si Maxandre avait une excellente enseignante, l\u2019\u00e9cole virtuelle n\u2019\u00e9tait pas pour lui. \u00c0 la maison, quand Ad\u00e9lie \u00e9tait \u00e0 la maison, ce qui arrivait souvent, c\u2019\u00e9tait encore plus difficile pour nous tous. Nous devions appuyer Maxandre et l\u2019encourager \u00e0 rester concentr\u00e9.<\/p>\n\n\n\n<div class=\"wp-block-image\"><figure class=\"aligncenter size-full\"><img data-recalc-dims=\"1\" loading=\"lazy\" decoding=\"async\" width=\"541\" height=\"319\" data-attachment-id=\"3181\" data-permalink=\"https:\/\/grievingmaman.com\/fr\/2021\/09\/21\/vivre-un-deuil-durant-la-pandemie-de-covid-19\/img_7123\/\" data-orig-file=\"https:\/\/i0.wp.com\/grievingmaman.com\/wp-content\/uploads\/IMG_7123.jpg?fit=541%2C319&amp;ssl=1\" data-orig-size=\"541,319\" data-comments-opened=\"1\" data-image-meta=\"{&quot;aperture&quot;:&quot;0&quot;,&quot;credit&quot;:&quot;&quot;,&quot;camera&quot;:&quot;&quot;,&quot;caption&quot;:&quot;&quot;,&quot;created_timestamp&quot;:&quot;0&quot;,&quot;copyright&quot;:&quot;&quot;,&quot;focal_length&quot;:&quot;0&quot;,&quot;iso&quot;:&quot;0&quot;,&quot;shutter_speed&quot;:&quot;0&quot;,&quot;title&quot;:&quot;&quot;,&quot;orientation&quot;:&quot;1&quot;}\" data-image-title=\"IMG_7123\" data-image-description=\"\" data-image-caption=\"\" data-large-file=\"https:\/\/i0.wp.com\/grievingmaman.com\/wp-content\/uploads\/IMG_7123.jpg?fit=541%2C319&amp;ssl=1\" src=\"https:\/\/i0.wp.com\/grievingmaman.com\/wp-content\/uploads\/IMG_7123.jpg?resize=541%2C319&#038;ssl=1\" alt=\"\" class=\"wp-image-3181\" srcset=\"https:\/\/i0.wp.com\/grievingmaman.com\/wp-content\/uploads\/IMG_7123.jpg?w=541&amp;ssl=1 541w, https:\/\/i0.wp.com\/grievingmaman.com\/wp-content\/uploads\/IMG_7123.jpg?resize=300%2C177&amp;ssl=1 300w, https:\/\/i0.wp.com\/grievingmaman.com\/wp-content\/uploads\/IMG_7123.jpg?resize=18%2C12&amp;ssl=1 18w\" sizes=\"(max-width: 541px) 100vw, 541px\" \/><figcaption>Apprentissage en ligne (\u00e9cole virtuelle) pour Maxandre<\/figcaption><\/figure><\/div>\n\n\n\n<p class=\"wp-block-paragraph\" style=\"font-size:18px\">Sur ce point, il y a d\u00e9j\u00e0 quelques ann\u00e9es que nous avions \u00e9t\u00e9 sugg\u00e9r\u00e9s d\u2019entreprendre une \u00e9valuation pour un TDAH (Trouble du D\u00e9ficit de l'Attention avec\/sans Hyperactivit\u00e9). Nous suspectons un TDAH pendant plusieurs ann\u00e9es, mais encore une fois, l\u2019accident a fait chambouler nos plans sur plusieurs niveaux. Les plans de fixer des \u00e9valuations ont \u00e9t\u00e9 repouss\u00e9s ; nos priorit\u00e9s n\u2019\u00e9taient plus de diagnostiquer un TDAH, mais d\u2019appuyer un enfant qui a maintenant aussi un trouble stress post-traumatique (TSPT).<\/p>\n\n\n\n<p class=\"wp-block-paragraph\" style=\"font-size:18px\">J\u2019en parle ici par le fait que Maxandre est tr\u00e8s ouvert sur ce sujet, et je me suis assur\u00e9e qu'il est d'accord \u00e0 ce que j'en parle. Les \u00e9valuations sont maintenant pr\u00e9vues en novembre. Suite aux r\u00e9sultats, nous esp\u00e9rons recevoir des outils qui pourront appuyer Maxandre et notre famille.<\/p>\n\n\n\n<h4 class=\"wp-block-heading\"><strong>Monument fun\u00e9raire au cimeti\u00e8re Saint-Joseph<\/strong><\/h4>\n\n\n\n<p class=\"wp-block-paragraph\" style=\"font-size:18px\">L'automne dernier, j'avais commenc\u00e9 \u00e0 chercher des options pour un monument fun\u00e9raire. Dans les mois qui ont suivi l'accident, c'\u00e9tait quelque chose que ni Carl ni moi n'avions envie d'entreprendre (pas par nous-m\u00eames en tout cas). Enfin, \u00e0 l'automne, j'ai publi\u00e9 un message sur mon mur Facebook qui d\u00e9clarait essentiellement que j'\u00e9tais d\u00e9bord\u00e9e et que j'avais besoin d'aide pour certaines choses.<\/p>\n\n\n\n<p class=\"wp-block-paragraph\" style=\"font-size:18px\">Je suis reconnaissante des nombreuses personnes qui se sont manifest\u00e9es et ont r\u00e9pondu \u00e0 ma publication. Plus pr\u00e9cis\u00e9ment, pour le monument fun\u00e9raire (qui \u00e9tait une priorit\u00e9), je remercie Crystal et No\u00e9mie qui ont toutes deux offert leur aide dans cette t\u00e2che difficile. Ensemble, nous avons pu d\u00e9marrer le processus, ce qui a fourni des r\u00e9ponses aux questions initiales que je me posais.<\/p>\n\n\n\n<p class=\"wp-block-paragraph\" style=\"font-size:18px\">Au cours de l'hiver, Carl et moi avons eu plus de temps pour r\u00e9fl\u00e9chir \u00e0 ce que nous voulions. Puisque les enfants \u00e9taient avec nous durant l'\u00e9t\u00e9, nous avons d\u00e9cid\u00e9 d'attendre la rentr\u00e9e scolaire avant de prendre rendez-vous. La semaine derni\u00e8re, nous avons finalement eu un rendez-vous avec une entreprise de monuments fun\u00e9raires et avons ainsi command\u00e9 une pierre tombale.<\/p>\n\n\n\n<div class=\"wp-block-image\"><figure class=\"aligncenter size-large is-resized\"><img data-recalc-dims=\"1\" loading=\"lazy\" decoding=\"async\" data-attachment-id=\"3179\" data-permalink=\"https:\/\/grievingmaman.com\/fr\/2021\/09\/21\/vivre-un-deuil-durant-la-pandemie-de-covid-19\/img_6938\/\" data-orig-file=\"https:\/\/i0.wp.com\/grievingmaman.com\/wp-content\/uploads\/IMG_6938.jpg?fit=3183%2C2201&amp;ssl=1\" data-orig-size=\"3183,2201\" data-comments-opened=\"1\" data-image-meta=\"{&quot;aperture&quot;:&quot;1.8&quot;,&quot;credit&quot;:&quot;&quot;,&quot;camera&quot;:&quot;iPhone XR&quot;,&quot;caption&quot;:&quot;&quot;,&quot;created_timestamp&quot;:&quot;1631108861&quot;,&quot;copyright&quot;:&quot;&quot;,&quot;focal_length&quot;:&quot;4.25&quot;,&quot;iso&quot;:&quot;100&quot;,&quot;shutter_speed&quot;:&quot;0.0083333333333333&quot;,&quot;title&quot;:&quot;&quot;,&quot;orientation&quot;:&quot;1&quot;}\" data-image-title=\"IMG_6938\" data-image-description=\"\" data-image-caption=\"\" data-large-file=\"https:\/\/i0.wp.com\/grievingmaman.com\/wp-content\/uploads\/IMG_6938.jpg?fit=1024%2C708&amp;ssl=1\" src=\"https:\/\/i0.wp.com\/grievingmaman.com\/wp-content\/uploads\/IMG_6938.jpg?resize=717%2C495&#038;ssl=1\" alt=\"\" class=\"wp-image-3179\" width=\"717\" height=\"495\" srcset=\"https:\/\/i0.wp.com\/grievingmaman.com\/wp-content\/uploads\/IMG_6938.jpg?resize=1024%2C708&amp;ssl=1 1024w, https:\/\/i0.wp.com\/grievingmaman.com\/wp-content\/uploads\/IMG_6938.jpg?resize=300%2C207&amp;ssl=1 300w, https:\/\/i0.wp.com\/grievingmaman.com\/wp-content\/uploads\/IMG_6938.jpg?resize=768%2C531&amp;ssl=1 768w, https:\/\/i0.wp.com\/grievingmaman.com\/wp-content\/uploads\/IMG_6938.jpg?resize=1536%2C1062&amp;ssl=1 1536w, https:\/\/i0.wp.com\/grievingmaman.com\/wp-content\/uploads\/IMG_6938.jpg?resize=2048%2C1416&amp;ssl=1 2048w, https:\/\/i0.wp.com\/grievingmaman.com\/wp-content\/uploads\/IMG_6938.jpg?resize=18%2C12&amp;ssl=1 18w, https:\/\/i0.wp.com\/grievingmaman.com\/wp-content\/uploads\/IMG_6938.jpg?resize=1200%2C830&amp;ssl=1 1200w, https:\/\/i0.wp.com\/grievingmaman.com\/wp-content\/uploads\/IMG_6938.jpg?resize=720%2C498&amp;ssl=1 720w, https:\/\/i0.wp.com\/grievingmaman.com\/wp-content\/uploads\/IMG_6938.jpg?resize=1320%2C913&amp;ssl=1 1320w, https:\/\/i0.wp.com\/grievingmaman.com\/wp-content\/uploads\/IMG_6938.jpg?w=3000&amp;ssl=1 3000w\" sizes=\"(max-width: 717px) 100vw, 717px\" \/><figcaption>\u00c0 l'entreprise de monuments (Martel's)<\/figcaption><\/figure><\/div>\n\n\n\n<p class=\"wp-block-paragraph\" style=\"font-size:18px\">M\u00eame si cela fait 22 mois depuis l'accident, il est encore douloureux de se rendre \u00e0 ce type d'endroit pour y faire un choix. Le monument sera install\u00e9 au cimeti\u00e8re St-Joseph \u00e0 Orl\u00e9ans, o\u00f9 est enterr\u00e9 Zacka\u00ebl. Nous esp\u00e9rons qu'il sera pr\u00eat pour cet automne. Une fois qu'il sera install\u00e9, j'\u00e9crirai une publication au cas o\u00f9 vous seriez int\u00e9ress\u00e9s \u00e0 visiter le cimeti\u00e8re.<\/p>\n\n\n\n<h2 class=\"wp-block-heading\"><strong>\u00c0 venir<\/strong><\/h2>\n\n\n\n<p class=\"wp-block-paragraph\" style=\"font-size:18px\">Je travaille pr\u00e9sentement sur un diaporama \u00e0 propos du cheminement d\u2019Ad\u00e9lie. J\u2019ai d\u00fb \u00e9chantillonner plusieurs photos et vid\u00e9os afin de choisir les moments les plus marquants de son r\u00e9tablissement. Le diaporama est long \u00e0 cr\u00e9er, d\u2019autant plus que je veux y inclure du texte. J\u2019y ajoutera \u00e9galement de la musique, ce qui fera sans doute un beau souvenir pour elle.<\/p>\n\n\n\n<p class=\"wp-block-paragraph\" style=\"font-size:18px\">En ao\u00fbt, nous avez eu une session de photos qu\u2019Ad\u00e9lie avait gagn\u00e9e \u00e0 la suite d\u2019un concours. Je vous partagerai les photos dans la prochaine publication. \u00c0 ne pas manquer puisqu\u2019Ad\u00e9lie porte une robe de princesse qui est totalement magnifique!!<\/p>\n\n\n\n<p class=\"wp-block-paragraph\" style=\"font-size:18px\">Voici <a href=\"https:\/\/www.facebook.com\/brigitte.lehoux.3\/posts\/10166010875900323\">un lien<\/a> \u00e0 ma derni\u00e8re publication au cas o\u00f9 vous l'auriez manqu\u00e9e. Si vous pouvez la partager (avec le bouton \u00ab partager \u00bb de Facebook), ce serait tr\u00e8s appr\u00e9ci\u00e9 !<\/p>\n\n\n\n<div class=\"wp-block-image\"><figure class=\"aligncenter size-full is-resized\"><a href=\"https:\/\/www.facebook.com\/brigitte.lehoux.3\/posts\/10166010875900323\"><img data-recalc-dims=\"1\" loading=\"lazy\" decoding=\"async\" data-attachment-id=\"3184\" data-permalink=\"https:\/\/grievingmaman.com\/fr\/2021\/09\/21\/vivre-un-deuil-durant-la-pandemie-de-covid-19\/facebook-share\/\" data-orig-file=\"https:\/\/i0.wp.com\/grievingmaman.com\/wp-content\/uploads\/facebook-share.jpg?fit=567%2C724&amp;ssl=1\" data-orig-size=\"567,724\" data-comments-opened=\"1\" data-image-meta=\"{&quot;aperture&quot;:&quot;0&quot;,&quot;credit&quot;:&quot;&quot;,&quot;camera&quot;:&quot;&quot;,&quot;caption&quot;:&quot;&quot;,&quot;created_timestamp&quot;:&quot;0&quot;,&quot;copyright&quot;:&quot;&quot;,&quot;focal_length&quot;:&quot;0&quot;,&quot;iso&quot;:&quot;0&quot;,&quot;shutter_speed&quot;:&quot;0&quot;,&quot;title&quot;:&quot;&quot;,&quot;orientation&quot;:&quot;0&quot;}\" data-image-title=\"facebook-share\" data-image-description=\"\" data-image-caption=\"\" data-large-file=\"https:\/\/i0.wp.com\/grievingmaman.com\/wp-content\/uploads\/facebook-share.jpg?fit=567%2C724&amp;ssl=1\" src=\"https:\/\/i0.wp.com\/grievingmaman.com\/wp-content\/uploads\/facebook-share.jpg?resize=489%2C623&#038;ssl=1\" alt=\"\" class=\"wp-image-3184\" width=\"489\" height=\"623\" srcset=\"https:\/\/i0.wp.com\/grievingmaman.com\/wp-content\/uploads\/facebook-share.jpg?w=567&amp;ssl=1 567w, https:\/\/i0.wp.com\/grievingmaman.com\/wp-content\/uploads\/facebook-share.jpg?resize=235%2C300&amp;ssl=1 235w, https:\/\/i0.wp.com\/grievingmaman.com\/wp-content\/uploads\/facebook-share.jpg?resize=9%2C12&amp;ssl=1 9w\" sizes=\"(max-width: 489px) 100vw, 489px\" \/><\/a><\/figure><\/div>\n\n\n\n<p class=\"has-text-align-center wp-block-paragraph\" style=\"font-size:18px\">C'est tout pour l'instant! Si vous avez aim\u00e9 cette publication, aidez ce blogue en la partageant sur les r\u00e9seaux sociaux, et en vous abonnant \u00e0 mon blogue en cliquant sur \u00ab Abonnement par courriel \u00bb. Vous recevrez ainsi notre prochaine publication qui contiendra des photos de notre famille et d'Ad\u00e9lie v\u00eatue d'une luxueuse robe Anna Triant Couture !<\/p>","protected":false},"excerpt":{"rendered":"<p>Je publie une mise \u00e0 jour sur notre famille et sur la fa\u00e7on dont l'accident et la pand\u00e9mie de Covid-19 ont affect\u00e9 notre vie quotidienne. Je parle de certains d\u00e9fis li\u00e9s au deuil, \u00e0 la perte d'un enfant et \u00e0 l'\u00e9cole virtuelle (apprentissage en ligne). <\/p>","protected":false},"author":185178740,"featured_media":3197,"comment_status":"open","ping_status":"open","sticky":false,"template":"","format":"standard","meta":{"_coblocks_attr":"","_coblocks_dimensions":"","_coblocks_responsive_height":"","_coblocks_accordion_ie_support":"","_jetpack_newsletter_access":"","_jetpack_dont_email_post_to_subs":false,"_jetpack_newsletter_tier_id":0,"_jetpack_memberships_contains_paywalled_content":false,"_wpcom_ai_launchpad_first_post":false,"_jetpack_feature_clip_id":0,"_jetpack_memberships_contains_paid_content":false,"footnotes":"","jetpack_publicize_message":"{title}\n\n{excerpt}\n\n{url}","jetpack_publicize_feature_enabled":true,"jetpack_social_post_already_shared":true,"jetpack_social_options":{"image_generator_settings":{"template":"highway","default_image_id":0,"font":"","enabled":false},"version":2},"_wpas_customize_per_network":false,"jetpack_post_was_ever_published":false},"categories":[4197609,16950],"tags":[708033912,708032852,1994,500448472,708032844,708032847],"class_list":["post-3163","post","type-post","status-publish","format-standard","has-post-thumbnail","hentry","category-adelie","category-grief","tag-adelie","tag-adhd","tag-hockey","tag-maxandre","tag-pandemic","tag-ptsd"],"yoast_head":"<!-- This site is optimized with the Yoast SEO plugin v28.4 - https:\/\/yoast.com\/product\/yoast-seo-wordpress\/ -->\n<title>Coping with the Accident Aftermath and Grief during the COVID-19 Pandemic &#8211; Grieving maman<\/title>\n<meta name=\"description\" content=\"I post an update about our family and how the accident and Covid-19 pandemic affected our daily life. I talk about some challenges with grief, child loss and virtual school (learning).\" \/>\n<meta name=\"robots\" content=\"index, follow, max-snippet:-1, max-image-preview:large, max-video-preview:-1\" \/>\n<link rel=\"canonical\" href=\"https:\/\/grievingmaman.com\/fr\/2021\/09\/21\/vivre-un-deuil-durant-la-pandemie-de-covid-19\/\" \/>\n<meta property=\"og:locale\" content=\"fr_CA\" \/>\n<meta property=\"og:type\" content=\"article\" \/>\n<meta property=\"og:title\" content=\"Coping with the Accident Aftermath and Grief during the COVID-19 Pandemic &#8211; Grieving maman\" \/>\n<meta property=\"og:description\" content=\"I post an update about our family and how the accident and Covid-19 pandemic affected our daily life. I talk about some challenges with grief, child loss and virtual school (learning).\" \/>\n<meta property=\"og:url\" content=\"https:\/\/grievingmaman.com\/fr\/2021\/09\/21\/vivre-un-deuil-durant-la-pandemie-de-covid-19\/\" \/>\n<meta property=\"og:site_name\" content=\"Grieving maman\" \/>\n<meta property=\"article:published_time\" content=\"2021-09-21T21:01:54+00:00\" \/>\n<meta property=\"article:modified_time\" content=\"2021-09-22T00:40:49+00:00\" \/>\n<meta property=\"og:image\" content=\"https:\/\/grievingmaman.com\/wp-content\/uploads\/IMG_6887-1-768x1024.jpg\" \/>\n\t<meta property=\"og:image:width\" content=\"768\" \/>\n\t<meta property=\"og:image:height\" content=\"1024\" \/>\n\t<meta property=\"og:image:type\" content=\"image\/jpeg\" \/>\n<meta name=\"author\" content=\"Brigitte Lehoux\" \/>\n<meta name=\"twitter:card\" content=\"summary_large_image\" \/>\n<meta name=\"twitter:label1\" content=\"\u00c9crit par\" \/>\n\t<meta name=\"twitter:data1\" content=\"Brigitte Lehoux\" \/>\n\t<meta name=\"twitter:label2\" content=\"Estimation du temps de lecture\" \/>\n\t<meta name=\"twitter:data2\" content=\"9 minutes\" \/>\n<script type=\"application\/ld+json\" class=\"yoast-schema-graph\">{\"@context\":\"https:\\\/\\\/schema.org\",\"@graph\":[{\"@type\":\"Article\",\"@id\":\"https:\\\/\\\/grievingmaman.com\\\/fr\\\/2021\\\/09\\\/21\\\/vivre-un-deuil-durant-la-pandemie-de-covid-19\\\/#article\",\"isPartOf\":{\"@id\":\"https:\\\/\\\/grievingmaman.com\\\/fr\\\/2021\\\/09\\\/21\\\/vivre-un-deuil-durant-la-pandemie-de-covid-19\\\/\"},\"author\":{\"name\":\"Brigitte Lehoux\",\"@id\":\"https:\\\/\\\/grievingmaman.com\\\/fr\\\/#\\\/schema\\\/person\\\/1f19b09d0ab9ac20bb9dc17c1802d8be\"},\"headline\":\"Coping with the Accident Aftermath and Grief during the COVID-19 Pandemic\",\"datePublished\":\"2021-09-21T21:01:54+00:00\",\"dateModified\":\"2021-09-22T00:40:49+00:00\",\"mainEntityOfPage\":{\"@id\":\"https:\\\/\\\/grievingmaman.com\\\/fr\\\/2021\\\/09\\\/21\\\/vivre-un-deuil-durant-la-pandemie-de-covid-19\\\/\"},\"wordCount\":1332,\"commentCount\":7,\"publisher\":{\"@id\":\"https:\\\/\\\/grievingmaman.com\\\/fr\\\/#\\\/schema\\\/person\\\/1f19b09d0ab9ac20bb9dc17c1802d8be\"},\"image\":{\"@id\":\"https:\\\/\\\/grievingmaman.com\\\/fr\\\/2021\\\/09\\\/21\\\/vivre-un-deuil-durant-la-pandemie-de-covid-19\\\/#primaryimage\"},\"thumbnailUrl\":\"https:\\\/\\\/i0.wp.com\\\/grievingmaman.com\\\/wp-content\\\/uploads\\\/IMG_6887-1-rotated.jpg?fit=3024%2C4032&ssl=1\",\"keywords\":[\"Ad\u00e9lie\",\"ADHD\",\"Hockey\",\"Maxandre\",\"Pandemic\",\"PTSD\"],\"articleSection\":[\"Ad\u00e9lie\",\"Grief\"],\"inLanguage\":\"fr-CA\",\"potentialAction\":[{\"@type\":\"CommentAction\",\"name\":\"Comment\",\"target\":[\"https:\\\/\\\/grievingmaman.com\\\/fr\\\/2021\\\/09\\\/21\\\/vivre-un-deuil-durant-la-pandemie-de-covid-19\\\/#respond\"]}]},{\"@type\":\"WebPage\",\"@id\":\"https:\\\/\\\/grievingmaman.com\\\/fr\\\/2021\\\/09\\\/21\\\/vivre-un-deuil-durant-la-pandemie-de-covid-19\\\/\",\"url\":\"https:\\\/\\\/grievingmaman.com\\\/fr\\\/2021\\\/09\\\/21\\\/vivre-un-deuil-durant-la-pandemie-de-covid-19\\\/\",\"name\":\"Coping with the Accident Aftermath and Grief during the COVID-19 Pandemic &#8211; Grieving maman\",\"isPartOf\":{\"@id\":\"https:\\\/\\\/grievingmaman.com\\\/fr\\\/#website\"},\"primaryImageOfPage\":{\"@id\":\"https:\\\/\\\/grievingmaman.com\\\/fr\\\/2021\\\/09\\\/21\\\/vivre-un-deuil-durant-la-pandemie-de-covid-19\\\/#primaryimage\"},\"image\":{\"@id\":\"https:\\\/\\\/grievingmaman.com\\\/fr\\\/2021\\\/09\\\/21\\\/vivre-un-deuil-durant-la-pandemie-de-covid-19\\\/#primaryimage\"},\"thumbnailUrl\":\"https:\\\/\\\/i0.wp.com\\\/grievingmaman.com\\\/wp-content\\\/uploads\\\/IMG_6887-1-rotated.jpg?fit=3024%2C4032&ssl=1\",\"datePublished\":\"2021-09-21T21:01:54+00:00\",\"dateModified\":\"2021-09-22T00:40:49+00:00\",\"description\":\"I post an update about our family and how the accident and Covid-19 pandemic affected our daily life. I talk about some challenges with grief, child loss and virtual school (learning).\",\"breadcrumb\":{\"@id\":\"https:\\\/\\\/grievingmaman.com\\\/fr\\\/2021\\\/09\\\/21\\\/vivre-un-deuil-durant-la-pandemie-de-covid-19\\\/#breadcrumb\"},\"inLanguage\":\"fr-CA\",\"potentialAction\":[{\"@type\":\"ReadAction\",\"target\":[\"https:\\\/\\\/grievingmaman.com\\\/fr\\\/2021\\\/09\\\/21\\\/vivre-un-deuil-durant-la-pandemie-de-covid-19\\\/\"]}]},{\"@type\":\"ImageObject\",\"inLanguage\":\"fr-CA\",\"@id\":\"https:\\\/\\\/grievingmaman.com\\\/fr\\\/2021\\\/09\\\/21\\\/vivre-un-deuil-durant-la-pandemie-de-covid-19\\\/#primaryimage\",\"url\":\"https:\\\/\\\/i0.wp.com\\\/grievingmaman.com\\\/wp-content\\\/uploads\\\/IMG_6887-1-rotated.jpg?fit=3024%2C4032&ssl=1\",\"contentUrl\":\"https:\\\/\\\/i0.wp.com\\\/grievingmaman.com\\\/wp-content\\\/uploads\\\/IMG_6887-1-rotated.jpg?fit=3024%2C4032&ssl=1\",\"width\":3024,\"height\":4032,\"caption\":\"Start of school picture - Ad\u00e9lie au Pr\u00e9lude, Orl\u00e9ans\"},{\"@type\":\"BreadcrumbList\",\"@id\":\"https:\\\/\\\/grievingmaman.com\\\/fr\\\/2021\\\/09\\\/21\\\/vivre-un-deuil-durant-la-pandemie-de-covid-19\\\/#breadcrumb\",\"itemListElement\":[{\"@type\":\"ListItem\",\"position\":1,\"name\":\"Home\",\"item\":\"https:\\\/\\\/grievingmaman.com\\\/\"},{\"@type\":\"ListItem\",\"position\":2,\"name\":\"Coping with the Accident Aftermath and Grief during the COVID-19 Pandemic\"}]},{\"@type\":\"WebSite\",\"@id\":\"https:\\\/\\\/grievingmaman.com\\\/fr\\\/#website\",\"url\":\"https:\\\/\\\/grievingmaman.com\\\/fr\\\/\",\"name\":\"Grieving maman\",\"description\":\"Surviving the loss of my son\",\"publisher\":{\"@id\":\"https:\\\/\\\/grievingmaman.com\\\/fr\\\/#\\\/schema\\\/person\\\/1f19b09d0ab9ac20bb9dc17c1802d8be\"},\"potentialAction\":[{\"@type\":\"SearchAction\",\"target\":{\"@type\":\"EntryPoint\",\"urlTemplate\":\"https:\\\/\\\/grievingmaman.com\\\/fr\\\/?s={search_term_string}\"},\"query-input\":{\"@type\":\"PropertyValueSpecification\",\"valueRequired\":true,\"valueName\":\"search_term_string\"}}],\"inLanguage\":\"fr-CA\"},{\"@type\":[\"Person\",\"Organization\"],\"@id\":\"https:\\\/\\\/grievingmaman.com\\\/fr\\\/#\\\/schema\\\/person\\\/1f19b09d0ab9ac20bb9dc17c1802d8be\",\"name\":\"Brigitte Lehoux\",\"image\":{\"@type\":\"ImageObject\",\"inLanguage\":\"fr-CA\",\"@id\":\"https:\\\/\\\/i0.wp.com\\\/grievingmaman.com\\\/wp-content\\\/uploads\\\/Grieving-Maman-logo-Final-Grieving-Parent-Grieving-Mother-Website-Blog.png?fit=1900%2C500&ssl=1\",\"url\":\"https:\\\/\\\/i0.wp.com\\\/grievingmaman.com\\\/wp-content\\\/uploads\\\/Grieving-Maman-logo-Final-Grieving-Parent-Grieving-Mother-Website-Blog.png?fit=1900%2C500&ssl=1\",\"contentUrl\":\"https:\\\/\\\/i0.wp.com\\\/grievingmaman.com\\\/wp-content\\\/uploads\\\/Grieving-Maman-logo-Final-Grieving-Parent-Grieving-Mother-Website-Blog.png?fit=1900%2C500&ssl=1\",\"width\":1900,\"height\":500,\"caption\":\"Brigitte Lehoux\"},\"logo\":{\"@id\":\"https:\\\/\\\/i0.wp.com\\\/grievingmaman.com\\\/wp-content\\\/uploads\\\/Grieving-Maman-logo-Final-Grieving-Parent-Grieving-Mother-Website-Blog.png?fit=1900%2C500&ssl=1\"},\"sameAs\":[\"http:\\\/\\\/grievingmaman.wordpress.com\"]}]}<\/script>\n<!-- \/ Yoast SEO plugin. -->","yoast_head_json":{"title":"Coping with the Accident Aftermath and Grief during the COVID-19 Pandemic &#8211; Grieving maman","description":"Je publie une mise \u00e0 jour sur notre famille et sur la fa\u00e7on dont l'accident et la pand\u00e9mie de Covid-19 ont affect\u00e9 notre vie quotidienne. Je parle de certains d\u00e9fis li\u00e9s au deuil, \u00e0 la perte d'un enfant et \u00e0 l'\u00e9cole virtuelle (apprentissage en ligne).","robots":{"index":"index","follow":"follow","max-snippet":"max-snippet:-1","max-image-preview":"max-image-preview:large","max-video-preview":"max-video-preview:-1"},"canonical":"https:\/\/grievingmaman.com\/fr\/2021\/09\/21\/vivre-un-deuil-durant-la-pandemie-de-covid-19\/","og_locale":"fr_CA","og_type":"article","og_title":"Coping with the Accident Aftermath and Grief during the COVID-19 Pandemic &#8211; Grieving maman","og_description":"I post an update about our family and how the accident and Covid-19 pandemic affected our daily life. I talk about some challenges with grief, child loss and virtual school (learning).","og_url":"https:\/\/grievingmaman.com\/fr\/2021\/09\/21\/vivre-un-deuil-durant-la-pandemie-de-covid-19\/","og_site_name":"Grieving maman","article_published_time":"2021-09-21T21:01:54+00:00","article_modified_time":"2021-09-22T00:40:49+00:00","og_image":[{"width":768,"height":1024,"url":"https:\/\/grievingmaman.com\/wp-content\/uploads\/IMG_6887-1-768x1024.jpg","type":"image\/jpeg"}],"author":"Brigitte Lehoux","twitter_card":"summary_large_image","twitter_misc":{"\u00c9crit par":"Brigitte Lehoux","Estimation du temps de lecture":"9 minutes"},"schema":{"@context":"https:\/\/schema.org","@graph":[{"@type":"Article","@id":"https:\/\/grievingmaman.com\/fr\/2021\/09\/21\/vivre-un-deuil-durant-la-pandemie-de-covid-19\/#article","isPartOf":{"@id":"https:\/\/grievingmaman.com\/fr\/2021\/09\/21\/vivre-un-deuil-durant-la-pandemie-de-covid-19\/"},"author":{"name":"Brigitte Lehoux","@id":"https:\/\/grievingmaman.com\/fr\/#\/schema\/person\/1f19b09d0ab9ac20bb9dc17c1802d8be"},"headline":"Coping with the Accident Aftermath and Grief during the COVID-19 Pandemic","datePublished":"2021-09-21T21:01:54+00:00","dateModified":"2021-09-22T00:40:49+00:00","mainEntityOfPage":{"@id":"https:\/\/grievingmaman.com\/fr\/2021\/09\/21\/vivre-un-deuil-durant-la-pandemie-de-covid-19\/"},"wordCount":1332,"commentCount":7,"publisher":{"@id":"https:\/\/grievingmaman.com\/fr\/#\/schema\/person\/1f19b09d0ab9ac20bb9dc17c1802d8be"},"image":{"@id":"https:\/\/grievingmaman.com\/fr\/2021\/09\/21\/vivre-un-deuil-durant-la-pandemie-de-covid-19\/#primaryimage"},"thumbnailUrl":"https:\/\/i0.wp.com\/grievingmaman.com\/wp-content\/uploads\/IMG_6887-1-rotated.jpg?fit=3024%2C4032&ssl=1","keywords":["Ad\u00e9lie","ADHD","Hockey","Maxandre","Pandemic","PTSD"],"articleSection":["Ad\u00e9lie","Grief"],"inLanguage":"fr-CA","potentialAction":[{"@type":"CommentAction","name":"Comment","target":["https:\/\/grievingmaman.com\/fr\/2021\/09\/21\/vivre-un-deuil-durant-la-pandemie-de-covid-19\/#respond"]}]},{"@type":"WebPage","@id":"https:\/\/grievingmaman.com\/fr\/2021\/09\/21\/vivre-un-deuil-durant-la-pandemie-de-covid-19\/","url":"https:\/\/grievingmaman.com\/fr\/2021\/09\/21\/vivre-un-deuil-durant-la-pandemie-de-covid-19\/","name":"Coping with the Accident Aftermath and Grief during the COVID-19 Pandemic &#8211; Grieving maman","isPartOf":{"@id":"https:\/\/grievingmaman.com\/fr\/#website"},"primaryImageOfPage":{"@id":"https:\/\/grievingmaman.com\/fr\/2021\/09\/21\/vivre-un-deuil-durant-la-pandemie-de-covid-19\/#primaryimage"},"image":{"@id":"https:\/\/grievingmaman.com\/fr\/2021\/09\/21\/vivre-un-deuil-durant-la-pandemie-de-covid-19\/#primaryimage"},"thumbnailUrl":"https:\/\/i0.wp.com\/grievingmaman.com\/wp-content\/uploads\/IMG_6887-1-rotated.jpg?fit=3024%2C4032&ssl=1","datePublished":"2021-09-21T21:01:54+00:00","dateModified":"2021-09-22T00:40:49+00:00","description":"Je publie une mise \u00e0 jour sur notre famille et sur la fa\u00e7on dont l'accident et la pand\u00e9mie de Covid-19 ont affect\u00e9 notre vie quotidienne. Je parle de certains d\u00e9fis li\u00e9s au deuil, \u00e0 la perte d'un enfant et \u00e0 l'\u00e9cole virtuelle (apprentissage en ligne).","breadcrumb":{"@id":"https:\/\/grievingmaman.com\/fr\/2021\/09\/21\/vivre-un-deuil-durant-la-pandemie-de-covid-19\/#breadcrumb"},"inLanguage":"fr-CA","potentialAction":[{"@type":"ReadAction","target":["https:\/\/grievingmaman.com\/fr\/2021\/09\/21\/vivre-un-deuil-durant-la-pandemie-de-covid-19\/"]}]},{"@type":"ImageObject","inLanguage":"fr-CA","@id":"https:\/\/grievingmaman.com\/fr\/2021\/09\/21\/vivre-un-deuil-durant-la-pandemie-de-covid-19\/#primaryimage","url":"https:\/\/i0.wp.com\/grievingmaman.com\/wp-content\/uploads\/IMG_6887-1-rotated.jpg?fit=3024%2C4032&ssl=1","contentUrl":"https:\/\/i0.wp.com\/grievingmaman.com\/wp-content\/uploads\/IMG_6887-1-rotated.jpg?fit=3024%2C4032&ssl=1","width":3024,"height":4032,"caption":"Start of school picture - Ad\u00e9lie au Pr\u00e9lude, Orl\u00e9ans"},{"@type":"BreadcrumbList","@id":"https:\/\/grievingmaman.com\/fr\/2021\/09\/21\/vivre-un-deuil-durant-la-pandemie-de-covid-19\/#breadcrumb","itemListElement":[{"@type":"ListItem","position":1,"name":"Home","item":"https:\/\/grievingmaman.com\/"},{"@type":"ListItem","position":2,"name":"Coping with the Accident Aftermath and Grief during the COVID-19 Pandemic"}]},{"@type":"WebSite","@id":"https:\/\/grievingmaman.com\/fr\/#website","url":"https:\/\/grievingmaman.com\/fr\/","name":"Grieving maman","description":"Survivre \u00e0 la perte de mon gar\u00e7on","publisher":{"@id":"https:\/\/grievingmaman.com\/fr\/#\/schema\/person\/1f19b09d0ab9ac20bb9dc17c1802d8be"},"potentialAction":[{"@type":"SearchAction","target":{"@type":"EntryPoint","urlTemplate":"https:\/\/grievingmaman.com\/fr\/?s={search_term_string}"},"query-input":{"@type":"PropertyValueSpecification","valueRequired":true,"valueName":"search_term_string"}}],"inLanguage":"fr-CA"},{"@type":["Person","Organization"],"@id":"https:\/\/grievingmaman.com\/fr\/#\/schema\/person\/1f19b09d0ab9ac20bb9dc17c1802d8be","name":"Brigitte Lehoux","image":{"@type":"ImageObject","inLanguage":"fr-CA","@id":"https:\/\/i0.wp.com\/grievingmaman.com\/wp-content\/uploads\/Grieving-Maman-logo-Final-Grieving-Parent-Grieving-Mother-Website-Blog.png?fit=1900%2C500&ssl=1","url":"https:\/\/i0.wp.com\/grievingmaman.com\/wp-content\/uploads\/Grieving-Maman-logo-Final-Grieving-Parent-Grieving-Mother-Website-Blog.png?fit=1900%2C500&ssl=1","contentUrl":"https:\/\/i0.wp.com\/grievingmaman.com\/wp-content\/uploads\/Grieving-Maman-logo-Final-Grieving-Parent-Grieving-Mother-Website-Blog.png?fit=1900%2C500&ssl=1","width":1900,"height":500,"caption":"Brigitte Lehoux"},"logo":{"@id":"https:\/\/i0.wp.com\/grievingmaman.com\/wp-content\/uploads\/Grieving-Maman-logo-Final-Grieving-Parent-Grieving-Mother-Website-Blog.png?fit=1900%2C500&ssl=1"},"sameAs":["http:\/\/grievingmaman.wordpress.com"]}]}},"jetpack_publicize_connections":[],"jetpack_likes_enabled":true,"jetpack_sharing_enabled":true,"jetpack_shortlink":"https:\/\/wp.me\/pbXpxA-P1","jetpack-related-posts":[{"id":3588,"url":"https:\/\/grievingmaman.com\/fr\/2022\/01\/12\/adelie-flintoff-cheminement-diaporama-retablissement-blessure-cheo\/","url_meta":{"origin":3163,"position":0},"title":"Le long cheminement et les victoires d'Ad\u00e9lie (avec diaporama!)","author":"Brigitte Lehoux","date":"12 Jan 2022","format":false,"excerpt":"I share today the slideshow I created which highlights Ad\u00e9lie's long hard-fought journey to recovery. We see Ad\u00e9lie\u2019s greatest triumphs, beautiful moments of achievement captured in photos and videos.","rel":"","context":"In &quot;Ad\u00e9lie&quot;","block_context":{"text":"Ad\u00e9lie","link":"https:\/\/grievingmaman.com\/fr\/category\/adelie\/"},"img":{"alt_text":"","src":"https:\/\/i0.wp.com\/grievingmaman.com\/wp-content\/uploads\/Adelie-Flintoff-journey-after-TBI.jpg?fit=1200%2C677&ssl=1&resize=350%2C200","width":350,"height":200,"srcset":"https:\/\/i0.wp.com\/grievingmaman.com\/wp-content\/uploads\/Adelie-Flintoff-journey-after-TBI.jpg?fit=1200%2C677&ssl=1&resize=350%2C200 1x, https:\/\/i0.wp.com\/grievingmaman.com\/wp-content\/uploads\/Adelie-Flintoff-journey-after-TBI.jpg?fit=1200%2C677&ssl=1&resize=525%2C300 1.5x, https:\/\/i0.wp.com\/grievingmaman.com\/wp-content\/uploads\/Adelie-Flintoff-journey-after-TBI.jpg?fit=1200%2C677&ssl=1&resize=700%2C400 2x, https:\/\/i0.wp.com\/grievingmaman.com\/wp-content\/uploads\/Adelie-Flintoff-journey-after-TBI.jpg?fit=1200%2C677&ssl=1&resize=1050%2C600 3x"},"classes":[]},{"id":3249,"url":"https:\/\/grievingmaman.com\/fr\/2021\/10\/15\/sensibilisation-du-deuil-perinatal-et-la-perte-dun-enfant\/","url_meta":{"origin":3163,"position":1},"title":"La sensibilisation du deuil p\u00e9rinatal et de la perte d\u2019un enfant \u2013 Grieving maman","author":"Brigitte Lehoux","date":"15 Oct 2021","format":false,"excerpt":"En cette journ\u00e9e de sensibilisation au deuil p\u00e9rinatal, je vous partage une entrevue de ma cousine qui a perdu sa fille de 2 mois. J'inclus \u00e9galement le lien \u00e0 une entrevue que j'ai faite sur la perte d'un enfant, le trauma ainsi que mon parcours de deuil.","rel":"","context":"In &quot;Ad\u00e9lie&quot;","block_context":{"text":"Ad\u00e9lie","link":"https:\/\/grievingmaman.com\/fr\/category\/adelie\/"},"img":{"alt_text":"Lehoux-Flintoff family with Ad\u00e9lie","src":"https:\/\/i0.wp.com\/grievingmaman.com\/wp-content\/uploads\/DSC_0024-final.jpg?fit=1200%2C903&ssl=1&resize=350%2C200","width":350,"height":200,"srcset":"https:\/\/i0.wp.com\/grievingmaman.com\/wp-content\/uploads\/DSC_0024-final.jpg?fit=1200%2C903&ssl=1&resize=350%2C200 1x, https:\/\/i0.wp.com\/grievingmaman.com\/wp-content\/uploads\/DSC_0024-final.jpg?fit=1200%2C903&ssl=1&resize=525%2C300 1.5x, https:\/\/i0.wp.com\/grievingmaman.com\/wp-content\/uploads\/DSC_0024-final.jpg?fit=1200%2C903&ssl=1&resize=700%2C400 2x, https:\/\/i0.wp.com\/grievingmaman.com\/wp-content\/uploads\/DSC_0024-final.jpg?fit=1200%2C903&ssl=1&resize=1050%2C600 3x"},"classes":[]},{"id":1055,"url":"https:\/\/grievingmaman.com\/fr\/2021\/01\/08\/my-complicated-grief-mon-deuil-complexe\/","url_meta":{"origin":3163,"position":2},"title":"Mon deuil complexe","author":"Brigitte Lehoux","date":"8 Jan 2021","format":false,"excerpt":"Dans cet article, je partage mon parcours de mon chagrin compliqu\u00e9 et comment il s'est pass\u00e9 les quelques mois qui ont suivi l'accident. J'explique ce qu'est un deuil compliqu\u00e9 (d\u00e9finition) et comment c'est d'\u00eatre une maman endeuill\u00e9e (mamange).","rel":"","context":"In &quot;Depression&quot;","block_context":{"text":"Depression","link":"https:\/\/grievingmaman.com\/fr\/category\/depression\/"},"img":{"alt_text":"Me as a grieving mother with my head down with complicated grief - Moi comme maman endeuill\u00e9e t\u00eate pench\u00e9e dans mes bras","src":"https:\/\/i0.wp.com\/grievingmaman.com\/wp-content\/uploads\/2021\/01\/IMG_5002.jpg?fit=1200%2C852&ssl=1&resize=350%2C200","width":350,"height":200,"srcset":"https:\/\/i0.wp.com\/grievingmaman.com\/wp-content\/uploads\/2021\/01\/IMG_5002.jpg?fit=1200%2C852&ssl=1&resize=350%2C200 1x, https:\/\/i0.wp.com\/grievingmaman.com\/wp-content\/uploads\/2021\/01\/IMG_5002.jpg?fit=1200%2C852&ssl=1&resize=525%2C300 1.5x, https:\/\/i0.wp.com\/grievingmaman.com\/wp-content\/uploads\/2021\/01\/IMG_5002.jpg?fit=1200%2C852&ssl=1&resize=700%2C400 2x, https:\/\/i0.wp.com\/grievingmaman.com\/wp-content\/uploads\/2021\/01\/IMG_5002.jpg?fit=1200%2C852&ssl=1&resize=1050%2C600 3x"},"classes":[]},{"id":2956,"url":"https:\/\/grievingmaman.com\/fr\/2021\/08\/15\/5-gestes-simples-et-strategies-faciles-pour-aider-lutter-la-depression\/","url_meta":{"origin":3163,"position":3},"title":"5 moyens simples qui aident \u00e0 lutter contre la d\u00e9pression","author":"Brigitte Lehoux","date":"15 Ao\u00fbt 2021","format":false,"excerpt":"When we cope with depression, the tips we receive are often the same. However, these suggestions are often easier said than done, and might not be realistic to all stages of depression. A healthier approach is to begin by simple actions. In this post, I share my own experience with\u2026","rel":"","context":"In &quot;Depression&quot;","block_context":{"text":"Depression","link":"https:\/\/grievingmaman.com\/fr\/category\/depression\/"},"img":{"alt_text":"Children's Hospital of Eastern Ontario (CHEO) Room with Ad\u00e9lie","src":"https:\/\/i0.wp.com\/grievingmaman.com\/wp-content\/uploads\/IMG_3490-rotated.jpeg?fit=900%2C1200&ssl=1&resize=350%2C200","width":350,"height":200,"srcset":"https:\/\/i0.wp.com\/grievingmaman.com\/wp-content\/uploads\/IMG_3490-rotated.jpeg?fit=900%2C1200&ssl=1&resize=350%2C200 1x, https:\/\/i0.wp.com\/grievingmaman.com\/wp-content\/uploads\/IMG_3490-rotated.jpeg?fit=900%2C1200&ssl=1&resize=525%2C300 1.5x, https:\/\/i0.wp.com\/grievingmaman.com\/wp-content\/uploads\/IMG_3490-rotated.jpeg?fit=900%2C1200&ssl=1&resize=700%2C400 2x"},"classes":[]},{"id":6879,"url":"https:\/\/grievingmaman.com\/fr\/2022\/10\/06\/mes-reels-sur-facebook\/","url_meta":{"origin":3163,"position":4},"title":"Nos Reels sur Facebook","author":"Brigitte Lehoux","date":"6 Oct 2022","format":false,"excerpt":"I talk about Reels that I post on Social Media and how to follow our Facebook Group so you don't miss the new Reels!","rel":"","context":"In &quot;Ad\u00e9lie&quot;","block_context":{"text":"Ad\u00e9lie","link":"https:\/\/grievingmaman.com\/fr\/category\/adelie\/adelie-adelie\/"},"img":{"alt_text":"Reel-Grieving-Maman-traumatic-brain-injury-recovery-swimming-aquatic-therapy","src":"https:\/\/i0.wp.com\/grievingmaman.com\/wp-content\/uploads\/Reel-Grieving-Maman-traumatic-brain-injury-recovery-swimming-aquatic-therapy.jpg?fit=499%2C791&ssl=1&resize=350%2C200","width":350,"height":200},"classes":[]},{"id":2282,"url":"https:\/\/grievingmaman.com\/fr\/2021\/04\/01\/sofa-modulaires-structures-et-jeux-interieures-gym\/","url_meta":{"origin":3163,"position":5},"title":"Sofas modulaires et structures int\u00e9rieures ; valent-ils la peine?","author":"Brigitte Lehoux","date":"1 Avr 2021","format":false,"excerpt":"Nous avons d\u00e9cid\u00e9 d\u2019investir un peu dans les activit\u00e9s int\u00e9rieures des enfants. Nous avons command\u00e9 un petit gym pour Ad\u00e9lie, un aire de jeu \u00ab jungle gym \u00bb pour Maxandre ainsi qu\u2019un sofa modulaire The Joey.","rel":"","context":"In &quot;Ad\u00e9lie&quot;","block_context":{"text":"Ad\u00e9lie","link":"https:\/\/grievingmaman.com\/fr\/category\/adelie\/"},"img":{"alt_text":"The Joey Couch with Ad\u00e9lie","src":"https:\/\/i0.wp.com\/grievingmaman.com\/wp-content\/uploads\/2021\/04\/adelie-dans-Joey.jpg?fit=1200%2C801&ssl=1&resize=350%2C200","width":350,"height":200,"srcset":"https:\/\/i0.wp.com\/grievingmaman.com\/wp-content\/uploads\/2021\/04\/adelie-dans-Joey.jpg?fit=1200%2C801&ssl=1&resize=350%2C200 1x, https:\/\/i0.wp.com\/grievingmaman.com\/wp-content\/uploads\/2021\/04\/adelie-dans-Joey.jpg?fit=1200%2C801&ssl=1&resize=525%2C300 1.5x, https:\/\/i0.wp.com\/grievingmaman.com\/wp-content\/uploads\/2021\/04\/adelie-dans-Joey.jpg?fit=1200%2C801&ssl=1&resize=700%2C400 2x, https:\/\/i0.wp.com\/grievingmaman.com\/wp-content\/uploads\/2021\/04\/adelie-dans-Joey.jpg?fit=1200%2C801&ssl=1&resize=1050%2C600 3x"},"classes":[]}],"amp_enabled":true,"jetpack_featured_media_url":"https:\/\/i0.wp.com\/grievingmaman.com\/wp-content\/uploads\/IMG_6887-1-rotated.jpg?fit=3024%2C4032&ssl=1","_links":{"self":[{"href":"https:\/\/grievingmaman.com\/fr\/wp-json\/wp\/v2\/posts\/3163","targetHints":{"allow":["GET"]}}],"collection":[{"href":"https:\/\/grievingmaman.com\/fr\/wp-json\/wp\/v2\/posts"}],"about":[{"href":"https:\/\/grievingmaman.com\/fr\/wp-json\/wp\/v2\/types\/post"}],"author":[{"embeddable":true,"href":"https:\/\/grievingmaman.com\/fr\/wp-json\/wp\/v2\/users\/185178740"}],"replies":[{"embeddable":true,"href":"https:\/\/grievingmaman.com\/fr\/wp-json\/wp\/v2\/comments?post=3163"}],"version-history":[{"count":37,"href":"https:\/\/grievingmaman.com\/fr\/wp-json\/wp\/v2\/posts\/3163\/revisions"}],"predecessor-version":[{"id":3222,"href":"https:\/\/grievingmaman.com\/fr\/wp-json\/wp\/v2\/posts\/3163\/revisions\/3222"}],"wp:featuredmedia":[{"embeddable":true,"href":"https:\/\/grievingmaman.com\/fr\/wp-json\/wp\/v2\/media\/3197"}],"wp:attachment":[{"href":"https:\/\/grievingmaman.com\/fr\/wp-json\/wp\/v2\/media?parent=3163"}],"wp:term":[{"taxonomy":"category","embeddable":true,"href":"https:\/\/grievingmaman.com\/fr\/wp-json\/wp\/v2\/categories?post=3163"},{"taxonomy":"post_tag","embeddable":true,"href":"https:\/\/grievingmaman.com\/fr\/wp-json\/wp\/v2\/tags?post=3163"}],"curies":[{"name":"wp","href":"https:\/\/api.w.org\/{rel}","templated":true}]}}