{"id":3692,"date":"2022-02-23T19:18:21","date_gmt":"2022-02-24T00:18:21","guid":{"rendered":"https:\/\/grievingmaman.com\/?p=3692"},"modified":"2022-02-24T20:13:36","modified_gmt":"2022-02-25T01:13:36","slug":"choosing-the-right-headstone-for-your-loved-one","status":"publish","type":"post","link":"https:\/\/grievingmaman.com\/fr\/2022\/02\/23\/choisir-une-pierre-tombale-pour-votre-etre-cher\/","title":{"rendered":"Choisir une pierre tombale pour notre \u00eatre cher"},"content":{"rendered":"<p class=\"wp-block-paragraph\" style=\"font-size:16px\">For the English version, switch from FR to EN on the menu above\u00a0<a href=\"https:\/\/grievingmaman.com\/fr\/2022\/02\/23\/choisir-une-pierre-tombale-pour-votre-etre-cher\/\">.<\/a><\/p>\n\n\n\n<hr class=\"wp-block-separator is-style-wide\"\/>\n\n\n\n<blockquote class=\"wp-block-quote has-text-align-center is-style-large is-layout-flow wp-block-quote-is-layout-flow\" style=\"font-size:14px\"><p>\ud83d\udc9a En l'honneur de Zacka\u00ebl qui aurait eu 8 ans cette semaine. \ud83d\udc9a<\/p><\/blockquote>\n\n\n\n<hr class=\"wp-block-separator is-style-default\"\/>\n\n\n\n<p class=\"has-drop-cap wp-block-paragraph\" style=\"font-size:18px\">\u00c0 l\u2019automne 2020, j'avais entam\u00e9 des d\u00e9marches pour commander une pierre tombale pour notre fils Zacka\u00ebl. Cependant, \u00e0 cause des d\u00e9lais caus\u00e9s par la pand\u00e9mie, la pierre n\u2019aurait pas \u00e9t\u00e9 pr\u00eate \u00e0 temps avant le d\u00e9but de l\u2019hiver. Les cimeti\u00e8res ne permettent pas l\u2019installation si le sol commence \u00e0 geler. C\u2019est ainsi que nous avons d\u00fb attendre \u00e0 2021 pour red\u00e9marrer le processus.<\/p>\n\n\n\n<h2 class=\"has-medium-font-size wp-block-heading\" id=\"impact-etching-with-diamond-tip\"><strong>La gravure \u00e0 l'Impact (avec pointe en diamant)<\/strong><\/h2>\n\n\n\n<p class=\"wp-block-paragraph\" style=\"font-size:18px\">Mes recherches en 2020 m'ont aid\u00e9 \u00e0 choisir une entreprise de monuments. Au d\u00e9part, je pensais que les plus belles images photographiques que je voyais sur les monuments \u00e9taient r\u00e9alis\u00e9es au laser. Je pensais ceci par le fait que de nombreuses entreprises font la promotion, sur leur site Web, de l'imagerie laser pour cr\u00e9er des images r\u00e9alistes sur une pierre tombale.<\/p>\n\n\n\n<p class=\"wp-block-paragraph\" style=\"font-size:18px\">Cependant, gr\u00e2ce aux recherches, j'ai d\u00e9couvert que la derni\u00e8re technologie n'est pas le laser, mais la gravure par Impact. La machine Impact a une aiguille \u00e0 pointe de diamant qui produit une gravure profonde et de qualit\u00e9, similaire \u00e0 la gravure manuelle. En plus, elle garantit une ressemblance \u00e0 100% avec l'image originale, contrairement \u00e0 la gravure manuelle qui ne peut \u00eatre qu'\u00e0 la hauteur du talent de l'artiste, en plus de co\u00fbter nettement plus cher.<\/p>\n\n\n\n<h4 class=\"wp-block-heading\" id=\"laser-etching-vs-impact-diamond-etching\" style=\"font-size:18px\"><strong><em>Gravure au laser vs Gravure \u00e0 l'Impact au diamant<\/em><\/strong><\/h4>\n\n\n\n<p class=\"wp-block-paragraph\" style=\"font-size:18px\"><em>Contrairement au laser, qui ne br\u00fble que la couche sup\u00e9rieure de la pierre, la machine de gravure \u00e0 impact frappe physiquement la pierre de granit \u00e0 l'aide d'une aiguille en diamant. Il en r\u00e9sulte une gravure beaucoup plus profonde et plus claire.<\/em><sup class=\"modern-footnotes-footnote\" data-mfn=\"1\" data-mfn-post-scope=\"000000000000107b0000000000000000_3692\"><a href=\"javascript:void(0)\"  title=\"https:\/\/www.furevermemorials.com\/granite-engraving\/\"  role=\"button\" aria-pressed=\"false\" aria-describedby=\"mfn-content-000000000000107b0000000000000000_3692-1\">1<\/a><\/sup><span id=\"mfn-content-000000000000107b0000000000000000_3692-1\" role=\"tooltip\" class=\"modern-footnotes-footnote__note\" tabindex=\"0\" data-mfn=\"1\"><a href=\"https:\/\/www.furevermemorials.com\/granite-engraving\/\">https:\/\/www.furevermemorials.com\/granite-engraving\/<\/a><\/span><\/p>\n\n\n\n<p class=\"wp-block-paragraph\" style=\"font-size:18px\">Nous avions pr\u00e9c\u00e9demment command\u00e9 deux plaques qui ont \u00e9t\u00e9 grav\u00e9es par une machine Impact. Gr\u00e2ce \u00e0 l'excellent service de <a href=\"https:\/\/www.monumentsamos.ca\/\">Monuments Amos<\/a>, nous avons pu faire livrer rapidement les plaques juste \u00e0 temps pour la vigile d'un an.<\/p>\n\n\n\n<figure class=\"wp-block-gallery has-nested-images columns-2 is-cropped wp-block-gallery-1 is-layout-flex wp-block-gallery-is-layout-flex\">\n<figure class=\"wp-block-image size-large\"><img data-recalc-dims=\"1\" fetchpriority=\"high\" decoding=\"async\" width=\"1024\" height=\"658\" data-attachment-id=\"3699\" data-permalink=\"https:\/\/grievingmaman.com\/fr\/2022\/02\/23\/choisir-une-pierre-tombale-pour-votre-etre-cher\/plaque-zackael-flintoff-vigile-monument-enfant\/\" data-orig-file=\"https:\/\/i0.wp.com\/grievingmaman.com\/wp-content\/uploads\/Plaque-Zackael-Flintoff-vigile-Monument-enfant.jpg?fit=4990%2C3205&amp;ssl=1\" data-orig-size=\"4990,3205\" data-comments-opened=\"1\" data-image-meta=\"{&quot;aperture&quot;:&quot;5&quot;,&quot;credit&quot;:&quot;&quot;,&quot;camera&quot;:&quot;Canon EOS Rebel T7i&quot;,&quot;caption&quot;:&quot;&quot;,&quot;created_timestamp&quot;:&quot;1605304856&quot;,&quot;copyright&quot;:&quot;&quot;,&quot;focal_length&quot;:&quot;18&quot;,&quot;iso&quot;:&quot;12800&quot;,&quot;shutter_speed&quot;:&quot;0.066666666666667&quot;,&quot;title&quot;:&quot;&quot;,&quot;orientation&quot;:&quot;1&quot;}\" data-image-title=\"Plaque-Zackael-Flintoff-vigile-Monument-enfant\" data-image-description=\"\" data-image-caption=\"\" data-large-file=\"https:\/\/i0.wp.com\/grievingmaman.com\/wp-content\/uploads\/Plaque-Zackael-Flintoff-vigile-Monument-enfant.jpg?fit=1024%2C658&amp;ssl=1\" data-id=\"3699\" src=\"https:\/\/i0.wp.com\/grievingmaman.com\/wp-content\/uploads\/Plaque-Zackael-Flintoff-vigile-Monument-enfant-1024x658.jpg?resize=1024%2C658&#038;ssl=1\" alt=\"\" class=\"wp-image-3699\" srcset=\"https:\/\/i0.wp.com\/grievingmaman.com\/wp-content\/uploads\/Plaque-Zackael-Flintoff-vigile-Monument-enfant.jpg?resize=1024%2C658&amp;ssl=1 1024w, https:\/\/i0.wp.com\/grievingmaman.com\/wp-content\/uploads\/Plaque-Zackael-Flintoff-vigile-Monument-enfant.jpg?resize=300%2C193&amp;ssl=1 300w, https:\/\/i0.wp.com\/grievingmaman.com\/wp-content\/uploads\/Plaque-Zackael-Flintoff-vigile-Monument-enfant.jpg?resize=768%2C493&amp;ssl=1 768w, https:\/\/i0.wp.com\/grievingmaman.com\/wp-content\/uploads\/Plaque-Zackael-Flintoff-vigile-Monument-enfant.jpg?resize=1536%2C987&amp;ssl=1 1536w, https:\/\/i0.wp.com\/grievingmaman.com\/wp-content\/uploads\/Plaque-Zackael-Flintoff-vigile-Monument-enfant.jpg?resize=2048%2C1315&amp;ssl=1 2048w, https:\/\/i0.wp.com\/grievingmaman.com\/wp-content\/uploads\/Plaque-Zackael-Flintoff-vigile-Monument-enfant.jpg?resize=18%2C12&amp;ssl=1 18w, https:\/\/i0.wp.com\/grievingmaman.com\/wp-content\/uploads\/Plaque-Zackael-Flintoff-vigile-Monument-enfant.jpg?resize=1200%2C771&amp;ssl=1 1200w, https:\/\/i0.wp.com\/grievingmaman.com\/wp-content\/uploads\/Plaque-Zackael-Flintoff-vigile-Monument-enfant.jpg?resize=720%2C462&amp;ssl=1 720w, https:\/\/i0.wp.com\/grievingmaman.com\/wp-content\/uploads\/Plaque-Zackael-Flintoff-vigile-Monument-enfant.jpg?resize=1320%2C848&amp;ssl=1 1320w, https:\/\/i0.wp.com\/grievingmaman.com\/wp-content\/uploads\/Plaque-Zackael-Flintoff-vigile-Monument-enfant.jpg?w=3000&amp;ssl=1 3000w\" sizes=\"(max-width: 1000px) 100vw, 1000px\" \/><figcaption>\u00c0 la vigile<\/figcaption><\/figure>\n\n\n\n<figure class=\"wp-block-image size-large\"><img data-recalc-dims=\"1\" decoding=\"async\" width=\"1024\" height=\"589\" data-attachment-id=\"3698\" data-permalink=\"https:\/\/grievingmaman.com\/fr\/2022\/02\/23\/choisir-une-pierre-tombale-pour-votre-etre-cher\/plaque-zackael-lehoux-flintoff-monument-enfant\/\" data-orig-file=\"https:\/\/i0.wp.com\/grievingmaman.com\/wp-content\/uploads\/Plaque-Zackael-Lehoux-Flintoff-Monument-enfant.jpg?fit=2794%2C1608&amp;ssl=1\" data-orig-size=\"2794,1608\" data-comments-opened=\"1\" data-image-meta=\"{&quot;aperture&quot;:&quot;1.8&quot;,&quot;credit&quot;:&quot;&quot;,&quot;camera&quot;:&quot;iPhone XR&quot;,&quot;caption&quot;:&quot;&quot;,&quot;created_timestamp&quot;:&quot;1605891919&quot;,&quot;copyright&quot;:&quot;&quot;,&quot;focal_length&quot;:&quot;4.25&quot;,&quot;iso&quot;:&quot;640&quot;,&quot;shutter_speed&quot;:&quot;0.033333333333333&quot;,&quot;title&quot;:&quot;&quot;,&quot;orientation&quot;:&quot;1&quot;}\" data-image-title=\"Plaque-Zackael-Lehoux-Flintoff-Monument-enfant\" data-image-description=\"\" data-image-caption=\"\" data-large-file=\"https:\/\/i0.wp.com\/grievingmaman.com\/wp-content\/uploads\/Plaque-Zackael-Lehoux-Flintoff-Monument-enfant.jpg?fit=1024%2C589&amp;ssl=1\" data-id=\"3698\" src=\"https:\/\/i0.wp.com\/grievingmaman.com\/wp-content\/uploads\/Plaque-Zackael-Lehoux-Flintoff-Monument-enfant-1024x589.jpg?resize=1024%2C589&#038;ssl=1\" alt=\"\" class=\"wp-image-3698\" srcset=\"https:\/\/i0.wp.com\/grievingmaman.com\/wp-content\/uploads\/Plaque-Zackael-Lehoux-Flintoff-Monument-enfant.jpg?resize=1024%2C589&amp;ssl=1 1024w, https:\/\/i0.wp.com\/grievingmaman.com\/wp-content\/uploads\/Plaque-Zackael-Lehoux-Flintoff-Monument-enfant.jpg?resize=300%2C173&amp;ssl=1 300w, https:\/\/i0.wp.com\/grievingmaman.com\/wp-content\/uploads\/Plaque-Zackael-Lehoux-Flintoff-Monument-enfant.jpg?resize=768%2C442&amp;ssl=1 768w, https:\/\/i0.wp.com\/grievingmaman.com\/wp-content\/uploads\/Plaque-Zackael-Lehoux-Flintoff-Monument-enfant.jpg?resize=1536%2C884&amp;ssl=1 1536w, https:\/\/i0.wp.com\/grievingmaman.com\/wp-content\/uploads\/Plaque-Zackael-Lehoux-Flintoff-Monument-enfant.jpg?resize=2048%2C1179&amp;ssl=1 2048w, https:\/\/i0.wp.com\/grievingmaman.com\/wp-content\/uploads\/Plaque-Zackael-Lehoux-Flintoff-Monument-enfant.jpg?resize=18%2C10&amp;ssl=1 18w, https:\/\/i0.wp.com\/grievingmaman.com\/wp-content\/uploads\/Plaque-Zackael-Lehoux-Flintoff-Monument-enfant.jpg?resize=1200%2C691&amp;ssl=1 1200w, https:\/\/i0.wp.com\/grievingmaman.com\/wp-content\/uploads\/Plaque-Zackael-Lehoux-Flintoff-Monument-enfant.jpg?resize=720%2C414&amp;ssl=1 720w, https:\/\/i0.wp.com\/grievingmaman.com\/wp-content\/uploads\/Plaque-Zackael-Lehoux-Flintoff-Monument-enfant.jpg?resize=1320%2C760&amp;ssl=1 1320w\" sizes=\"(max-width: 1000px) 100vw, 1000px\" \/><figcaption>Dans notre jardin, avec projecteurs verts<\/figcaption><\/figure>\n\n\n\n<figure class=\"wp-block-image size-large\"><img data-recalc-dims=\"1\" decoding=\"async\" width=\"1024\" height=\"496\" data-attachment-id=\"3697\" data-permalink=\"https:\/\/grievingmaman.com\/fr\/2022\/02\/23\/choisir-une-pierre-tombale-pour-votre-etre-cher\/plaque-zackael-flintoff-monument-enfant\/\" data-orig-file=\"https:\/\/i0.wp.com\/grievingmaman.com\/wp-content\/uploads\/Plaque-Zackael-Flintoff-Monument-enfant.jpg?fit=2077%2C1007&amp;ssl=1\" data-orig-size=\"2077,1007\" data-comments-opened=\"1\" data-image-meta=\"{&quot;aperture&quot;:&quot;1.8&quot;,&quot;credit&quot;:&quot;&quot;,&quot;camera&quot;:&quot;iPhone XR&quot;,&quot;caption&quot;:&quot;&quot;,&quot;created_timestamp&quot;:&quot;1605892125&quot;,&quot;copyright&quot;:&quot;&quot;,&quot;focal_length&quot;:&quot;4.25&quot;,&quot;iso&quot;:&quot;800&quot;,&quot;shutter_speed&quot;:&quot;0.066666666666667&quot;,&quot;title&quot;:&quot;&quot;,&quot;orientation&quot;:&quot;1&quot;}\" data-image-title=\"Plaque-Zackael-Flintoff-Monument-enfant\" data-image-description=\"\" data-image-caption=\"\" data-large-file=\"https:\/\/i0.wp.com\/grievingmaman.com\/wp-content\/uploads\/Plaque-Zackael-Flintoff-Monument-enfant.jpg?fit=1024%2C496&amp;ssl=1\" data-id=\"3697\" src=\"https:\/\/i0.wp.com\/grievingmaman.com\/wp-content\/uploads\/Plaque-Zackael-Flintoff-Monument-enfant-1024x496.jpg?resize=1024%2C496&#038;ssl=1\" alt=\"\" class=\"wp-image-3697\" srcset=\"https:\/\/i0.wp.com\/grievingmaman.com\/wp-content\/uploads\/Plaque-Zackael-Flintoff-Monument-enfant.jpg?resize=1024%2C496&amp;ssl=1 1024w, https:\/\/i0.wp.com\/grievingmaman.com\/wp-content\/uploads\/Plaque-Zackael-Flintoff-Monument-enfant.jpg?resize=300%2C145&amp;ssl=1 300w, https:\/\/i0.wp.com\/grievingmaman.com\/wp-content\/uploads\/Plaque-Zackael-Flintoff-Monument-enfant.jpg?resize=768%2C372&amp;ssl=1 768w, https:\/\/i0.wp.com\/grievingmaman.com\/wp-content\/uploads\/Plaque-Zackael-Flintoff-Monument-enfant.jpg?resize=1536%2C745&amp;ssl=1 1536w, https:\/\/i0.wp.com\/grievingmaman.com\/wp-content\/uploads\/Plaque-Zackael-Flintoff-Monument-enfant.jpg?resize=2048%2C993&amp;ssl=1 2048w, https:\/\/i0.wp.com\/grievingmaman.com\/wp-content\/uploads\/Plaque-Zackael-Flintoff-Monument-enfant.jpg?resize=18%2C9&amp;ssl=1 18w, https:\/\/i0.wp.com\/grievingmaman.com\/wp-content\/uploads\/Plaque-Zackael-Flintoff-Monument-enfant.jpg?resize=1200%2C582&amp;ssl=1 1200w, https:\/\/i0.wp.com\/grievingmaman.com\/wp-content\/uploads\/Plaque-Zackael-Flintoff-Monument-enfant.jpg?resize=720%2C349&amp;ssl=1 720w, https:\/\/i0.wp.com\/grievingmaman.com\/wp-content\/uploads\/Plaque-Zackael-Flintoff-Monument-enfant.jpg?resize=1320%2C640&amp;ssl=1 1320w\" sizes=\"(max-width: 1000px) 100vw, 1000px\" \/><figcaption>Dans notre jardin, avec projecteurs blancs<\/figcaption><\/figure>\n<\/figure>\n\n\n\n<p class=\"wp-block-paragraph\" style=\"font-size:18px\"><\/p>\n\n\n\n<h2 class=\"has-medium-font-size wp-block-heading\" id=\"long-process-with-no-turning-back\"><strong>Processus long et irr\u00e9versible<\/strong><\/h2>\n\n\n\n<p class=\"wp-block-paragraph\" style=\"font-size:18px\">Puisque les Monuments Amos sont situ\u00e9s loin de chez nous, se procurer une pierre tombale de leur entreprise \u00e9tait irr\u00e9aliste d\u00fb \u00e0 la lourdeur d'une grande pierre. Nous avons donc voulu trouver un fabricant de monuments local qui offrait la technologie Impact. D'apr\u00e8s mes recherches, peu d'entreprises semblent offrir la gravure au diamant. Une fois que j'ai appris que <a href=\"https:\/\/martelmonument.ca\">Monument Martel &amp; Fils<\/a> avait la machine Impact (et peut-\u00eatre la seule \u00e0 Ottawa), j'ai choisi cette entreprise.<\/p>\n\n\n\n<p class=\"wp-block-paragraph\" style=\"font-size:18px\">Puisqu'il n'y a pas de retour en arri\u00e8re une fois la pierre tombale install\u00e9e, le processus peut \u00eatre long et m\u00e9ticuleux pour assurer que nous sommes satisfaits de l'\u00e9bauche du design. Celle-ci doit \u00eatre parfaite et sans erreur. Je ne discuterai pas ici des raisons pour lesquelles le processus a \u00e9t\u00e9 plus difficile que pr\u00e9vu, mais disons simplement qu'il a fallu quelques semaines pour finaliser le design final.<\/p>\n\n\n\n<h4 class=\"wp-block-heading\" id=\"personalizing-a-headstone\" style=\"font-size:18px\"><strong>Personnaliser une pierre tombale<\/strong><\/h4>\n\n\n\n<p class=\"wp-block-paragraph\" style=\"font-size:18px\">L'une des principales \u00e9tapes consistait \u00e0 choisir les images et les mots, y compris la taille et l'emplacement. Je dois avouer que les symboles\/images disponibles et r\u00e9pertori\u00e9s dans les catalogues de monuments ne repr\u00e9sentaient pas bien Zacka\u00ebl. Les fleurs, les colombes (ou autres animaux) ou les \u00e9l\u00e9ments religieux n'exposaient pas sa personnalit\u00e9. Il fallait donc trouver autre chose.<\/p>\n\n\n\n<p class=\"wp-block-paragraph\" style=\"font-size:18px\">Il fallait \u00e9galement \u00e9crire une \u00e9pitaphe, ce qui a \u00e9t\u00e9 difficile car nous voulions quelque chose de significatif et rempli d'amour, mais aussi bilingue et concis.<\/p>\n\n\n\n<h2 class=\"has-medium-font-size wp-block-heading\" id=\"final-result\"><strong>R\u00e9sultat final<\/strong><\/h2>\n\n\n\n<p class=\"wp-block-paragraph\" style=\"font-size:18px\">Comme vous pouvez le voir sur les photos ci-dessous, la technologie Impact permet de reproduire des dessins pr\u00e9cis et complexes, y compris des visages. La gravure sur un granit noir donne un r\u00e9sultat stup\u00e9fiant. Quant aux lettres de son nom (les plus grosses), elles ont \u00e9t\u00e9 grav\u00e9es par sablage pour cr\u00e9er encore plus de profondeur. Nous \u00e9tions tr\u00e8s heureux de la fa\u00e7on dont cela s'est pass\u00e9!<\/p>\n\n\n\n<p class=\"wp-block-paragraph\" style=\"font-size:18px\">Je n'ai pas encore de tr\u00e8s bonnes photos de la pierre, mais en voici quelques-unes prises avec mon t\u00e9l\u00e9phone.<\/p>\n\n\n\n<p class=\"wp-block-paragraph\"> <\/p>\n\n\n\n<div class=\"wp-block-columns is-layout-flex wp-container-core-columns-is-layout-1a9244c7 wp-block-columns-is-layout-flex\">\n<div class=\"wp-block-column is-layout-flow wp-block-column-is-layout-flow\" style=\"flex-basis:33.33%\">\n<figure class=\"wp-block-image size-large\"><img data-recalc-dims=\"1\" loading=\"lazy\" decoding=\"async\" width=\"802\" height=\"1024\" data-attachment-id=\"3703\" data-permalink=\"https:\/\/grievingmaman.com\/fr\/2022\/02\/23\/choisir-une-pierre-tombale-pour-votre-etre-cher\/monument-funeraire-enfant-funeral-headstone-monument-child-zackael-flintoff\/\" data-orig-file=\"https:\/\/i0.wp.com\/grievingmaman.com\/wp-content\/uploads\/monument-funeraire-enfant-funeral-headstone-monument-child-Zackael-Flintoff.jpg?fit=2227%2C2843&amp;ssl=1\" data-orig-size=\"2227,2843\" data-comments-opened=\"1\" data-image-meta=\"{&quot;aperture&quot;:&quot;1.8&quot;,&quot;credit&quot;:&quot;&quot;,&quot;camera&quot;:&quot;iPhone XR&quot;,&quot;caption&quot;:&quot;&quot;,&quot;created_timestamp&quot;:&quot;1637152647&quot;,&quot;copyright&quot;:&quot;&quot;,&quot;focal_length&quot;:&quot;4.25&quot;,&quot;iso&quot;:&quot;25&quot;,&quot;shutter_speed&quot;:&quot;0.0077519379844961&quot;,&quot;title&quot;:&quot;&quot;,&quot;orientation&quot;:&quot;1&quot;}\" data-image-title=\"monument-funeraire-enfant-funeral-headstone-monument-child-Zackael-Flintoff\" data-image-description=\"&lt;p&gt;child headstone funeral monument baby&lt;\/p&gt;\" data-image-caption=\"\" data-large-file=\"https:\/\/i0.wp.com\/grievingmaman.com\/wp-content\/uploads\/monument-funeraire-enfant-funeral-headstone-monument-child-Zackael-Flintoff.jpg?fit=802%2C1024&amp;ssl=1\" src=\"https:\/\/i0.wp.com\/grievingmaman.com\/wp-content\/uploads\/monument-funeraire-enfant-funeral-headstone-monument-child-Zackael-Flintoff.jpg?resize=802%2C1024&#038;ssl=1\" alt=\"\" class=\"wp-image-3703\" srcset=\"https:\/\/i0.wp.com\/grievingmaman.com\/wp-content\/uploads\/monument-funeraire-enfant-funeral-headstone-monument-child-Zackael-Flintoff.jpg?resize=802%2C1024&amp;ssl=1 802w, https:\/\/i0.wp.com\/grievingmaman.com\/wp-content\/uploads\/monument-funeraire-enfant-funeral-headstone-monument-child-Zackael-Flintoff.jpg?resize=235%2C300&amp;ssl=1 235w, https:\/\/i0.wp.com\/grievingmaman.com\/wp-content\/uploads\/monument-funeraire-enfant-funeral-headstone-monument-child-Zackael-Flintoff.jpg?resize=768%2C980&amp;ssl=1 768w, https:\/\/i0.wp.com\/grievingmaman.com\/wp-content\/uploads\/monument-funeraire-enfant-funeral-headstone-monument-child-Zackael-Flintoff.jpg?resize=1203%2C1536&amp;ssl=1 1203w, https:\/\/i0.wp.com\/grievingmaman.com\/wp-content\/uploads\/monument-funeraire-enfant-funeral-headstone-monument-child-Zackael-Flintoff.jpg?resize=1604%2C2048&amp;ssl=1 1604w, https:\/\/i0.wp.com\/grievingmaman.com\/wp-content\/uploads\/monument-funeraire-enfant-funeral-headstone-monument-child-Zackael-Flintoff.jpg?resize=9%2C12&amp;ssl=1 9w, https:\/\/i0.wp.com\/grievingmaman.com\/wp-content\/uploads\/monument-funeraire-enfant-funeral-headstone-monument-child-Zackael-Flintoff.jpg?resize=1200%2C1532&amp;ssl=1 1200w, https:\/\/i0.wp.com\/grievingmaman.com\/wp-content\/uploads\/monument-funeraire-enfant-funeral-headstone-monument-child-Zackael-Flintoff.jpg?resize=720%2C919&amp;ssl=1 720w, https:\/\/i0.wp.com\/grievingmaman.com\/wp-content\/uploads\/monument-funeraire-enfant-funeral-headstone-monument-child-Zackael-Flintoff.jpg?resize=1320%2C1685&amp;ssl=1 1320w, https:\/\/i0.wp.com\/grievingmaman.com\/wp-content\/uploads\/monument-funeraire-enfant-funeral-headstone-monument-child-Zackael-Flintoff.jpg?w=2000&amp;ssl=1 2000w\" sizes=\"(max-width: 802px) 100vw, 802px\" \/><figcaption>La pierre tombale de Zacka\u00ebl<br>Cimeti\u00e8re Saint-Joseph, Orl\u00e9ans Ontario<\/figcaption><\/figure>\n<\/div>\n\n\n\n<div class=\"wp-block-column is-layout-flow wp-block-column-is-layout-flow\" style=\"flex-basis:66.66%\">\n<figure class=\"wp-block-image size-large\"><img data-recalc-dims=\"1\" loading=\"lazy\" decoding=\"async\" width=\"1024\" height=\"705\" data-attachment-id=\"3709\" data-permalink=\"https:\/\/grievingmaman.com\/fr\/2022\/02\/23\/choisir-une-pierre-tombale-pour-votre-etre-cher\/monument-funeraire-enfant-funeral-monument-child-zackael-flintoff-avec-maman_edited-1\/\" data-orig-file=\"https:\/\/i0.wp.com\/grievingmaman.com\/wp-content\/uploads\/monument-funeraire-enfant-funeral-monument-child-Zackael-Flintoff-avec-maman_edited-1.jpg?fit=3903%2C2686&amp;ssl=1\" data-orig-size=\"3903,2686\" data-comments-opened=\"1\" data-image-meta=\"{&quot;aperture&quot;:&quot;1.8&quot;,&quot;credit&quot;:&quot;&quot;,&quot;camera&quot;:&quot;iPhone 7&quot;,&quot;caption&quot;:&quot;&quot;,&quot;created_timestamp&quot;:&quot;1635865246&quot;,&quot;copyright&quot;:&quot;&quot;,&quot;focal_length&quot;:&quot;3.99&quot;,&quot;iso&quot;:&quot;20&quot;,&quot;shutter_speed&quot;:&quot;0.001984126984127&quot;,&quot;title&quot;:&quot;&quot;,&quot;orientation&quot;:&quot;1&quot;}\" data-image-title=\"monument-funeraire-enfant-funeral-monument-child-Zackael-Flintoff-avec-maman_edited-1\" data-image-description=\"&lt;p&gt;child headstone monument at cemetery with impact diamond etching enfant pierre tombale&lt;\/p&gt;\" data-image-caption=\"\" data-large-file=\"https:\/\/i0.wp.com\/grievingmaman.com\/wp-content\/uploads\/monument-funeraire-enfant-funeral-monument-child-Zackael-Flintoff-avec-maman_edited-1.jpg?fit=1024%2C705&amp;ssl=1\" src=\"https:\/\/i0.wp.com\/grievingmaman.com\/wp-content\/uploads\/monument-funeraire-enfant-funeral-monument-child-Zackael-Flintoff-avec-maman_edited-1.jpg?resize=1024%2C705&#038;ssl=1\" alt=\"\" class=\"wp-image-3709\" srcset=\"https:\/\/i0.wp.com\/grievingmaman.com\/wp-content\/uploads\/monument-funeraire-enfant-funeral-monument-child-Zackael-Flintoff-avec-maman_edited-1.jpg?resize=1024%2C705&amp;ssl=1 1024w, https:\/\/i0.wp.com\/grievingmaman.com\/wp-content\/uploads\/monument-funeraire-enfant-funeral-monument-child-Zackael-Flintoff-avec-maman_edited-1.jpg?resize=300%2C206&amp;ssl=1 300w, https:\/\/i0.wp.com\/grievingmaman.com\/wp-content\/uploads\/monument-funeraire-enfant-funeral-monument-child-Zackael-Flintoff-avec-maman_edited-1.jpg?resize=768%2C529&amp;ssl=1 768w, https:\/\/i0.wp.com\/grievingmaman.com\/wp-content\/uploads\/monument-funeraire-enfant-funeral-monument-child-Zackael-Flintoff-avec-maman_edited-1.jpg?resize=1536%2C1057&amp;ssl=1 1536w, https:\/\/i0.wp.com\/grievingmaman.com\/wp-content\/uploads\/monument-funeraire-enfant-funeral-monument-child-Zackael-Flintoff-avec-maman_edited-1.jpg?resize=2048%2C1409&amp;ssl=1 2048w, https:\/\/i0.wp.com\/grievingmaman.com\/wp-content\/uploads\/monument-funeraire-enfant-funeral-monument-child-Zackael-Flintoff-avec-maman_edited-1.jpg?resize=18%2C12&amp;ssl=1 18w, https:\/\/i0.wp.com\/grievingmaman.com\/wp-content\/uploads\/monument-funeraire-enfant-funeral-monument-child-Zackael-Flintoff-avec-maman_edited-1.jpg?resize=1200%2C826&amp;ssl=1 1200w, https:\/\/i0.wp.com\/grievingmaman.com\/wp-content\/uploads\/monument-funeraire-enfant-funeral-monument-child-Zackael-Flintoff-avec-maman_edited-1.jpg?resize=720%2C495&amp;ssl=1 720w, https:\/\/i0.wp.com\/grievingmaman.com\/wp-content\/uploads\/monument-funeraire-enfant-funeral-monument-child-Zackael-Flintoff-avec-maman_edited-1.jpg?resize=1320%2C908&amp;ssl=1 1320w, https:\/\/i0.wp.com\/grievingmaman.com\/wp-content\/uploads\/monument-funeraire-enfant-funeral-monument-child-Zackael-Flintoff-avec-maman_edited-1.jpg?w=3000&amp;ssl=1 3000w\" sizes=\"(max-width: 1000px) 100vw, 1000px\" \/><\/figure>\n<\/div>\n<\/div>\n\n\n\n<h4 class=\"wp-block-heading\" id=\"the-headstone-should-reflect-your-loved-one-s-personality\" style=\"font-size:18px\"><strong>La pierre tombale doit refl\u00e9ter la personnalit\u00e9 du d\u00e9funt<\/strong><\/h4>\n\n\n\n<p class=\"wp-block-paragraph\" style=\"font-size:18px\">Comme mentionn\u00e9 ci-dessus, aucune image du catalogue ne nous interpellait pour refl\u00e9ter l'\u00e2ge et la personnalit\u00e9 de Zacka\u00ebl. Pour cette raison, nous avons utilis\u00e9 nos propres photos pour cr\u00e9er quelque chose d'unique et repr\u00e9sentatif.<\/p>\n\n\n\n<p class=\"wp-block-paragraph\" style=\"font-size:18px\">Au centre de la pierre, on aper\u00e7oit la gravure du beau visage de Zacka\u00ebl, que nous avons voulu mettre en valeur. L'\u00e9pitaphe est juste en dessous.<\/p>\n\n\n\n<p class=\"wp-block-paragraph\" style=\"font-size:18px\">\u00c0 gauche, on voit le toutou de Zacka\u00ebl (\u00ab Stitchy \u00bb) qui est agripp\u00e9 au petit b\u00e2ton de hockey de Zacka\u00ebl, un b\u00e2ton qu'il utilisait lorsqu'il jouait au hockey au sous-sol. Pour cr\u00e9er cet effet, j'ai d\u00fb prendre une photo du vrai Stitchy accroch\u00e9 au b\u00e2ton, que j'ai ensuite envoy\u00e9e \u00e0 Martel &amp; Fils.<\/p>\n\n\n\n<p class=\"wp-block-paragraph\" style=\"font-size:18px\">Enfin, \u00e0 droite, Carl a pens\u00e9 \u00e0 incorporer une photo o\u00f9 l'on voit Zacka\u00ebl sauter, son activit\u00e9 favorite.<\/p>\n\n\n\n<div class=\"wp-block-image\"><figure class=\"aligncenter size-large\"><img data-recalc-dims=\"1\" loading=\"lazy\" decoding=\"async\" width=\"1024\" height=\"808\" data-attachment-id=\"3715\" data-permalink=\"https:\/\/grievingmaman.com\/fr\/2022\/02\/23\/choisir-une-pierre-tombale-pour-votre-etre-cher\/monument-funeraire-enfant-funeral-headstone-monument-child-zackael-flintoff_close-up\/\" data-orig-file=\"https:\/\/i0.wp.com\/grievingmaman.com\/wp-content\/uploads\/monument-funeraire-enfant-funeral-headstone-monument-child-Zackael-Flintoff_close-up.jpg?fit=1307%2C1031&amp;ssl=1\" data-orig-size=\"1307,1031\" data-comments-opened=\"1\" data-image-meta=\"{&quot;aperture&quot;:&quot;1.8&quot;,&quot;credit&quot;:&quot;&quot;,&quot;camera&quot;:&quot;iPhone XR&quot;,&quot;caption&quot;:&quot;&quot;,&quot;created_timestamp&quot;:&quot;1637152647&quot;,&quot;copyright&quot;:&quot;&quot;,&quot;focal_length&quot;:&quot;4.25&quot;,&quot;iso&quot;:&quot;25&quot;,&quot;shutter_speed&quot;:&quot;0.0077519379844961&quot;,&quot;title&quot;:&quot;&quot;,&quot;orientation&quot;:&quot;1&quot;}\" data-image-title=\"monument-funeraire-enfant-funeral-headstone-monument-child-Zackael-Flintoff_close-up\" data-image-description=\"&lt;p&gt;child headstone funeral monument baby&lt;\/p&gt;\" data-image-caption=\"\" data-large-file=\"https:\/\/i0.wp.com\/grievingmaman.com\/wp-content\/uploads\/monument-funeraire-enfant-funeral-headstone-monument-child-Zackael-Flintoff_close-up.jpg?fit=1024%2C808&amp;ssl=1\" src=\"https:\/\/i0.wp.com\/grievingmaman.com\/wp-content\/uploads\/monument-funeraire-enfant-funeral-headstone-monument-child-Zackael-Flintoff_close-up.jpg?resize=1024%2C808&#038;ssl=1\" alt=\"Portrait done by Impact Diamond Tip etching machine, made by Martel &amp; Sons Ottawa. At Saint-Joseph Cemetery, Orl\u00e9ans. Zacka\u00ebl Flintoff headstone.\" class=\"wp-image-3715\" srcset=\"https:\/\/i0.wp.com\/grievingmaman.com\/wp-content\/uploads\/monument-funeraire-enfant-funeral-headstone-monument-child-Zackael-Flintoff_close-up.jpg?resize=1024%2C808&amp;ssl=1 1024w, https:\/\/i0.wp.com\/grievingmaman.com\/wp-content\/uploads\/monument-funeraire-enfant-funeral-headstone-monument-child-Zackael-Flintoff_close-up.jpg?resize=300%2C237&amp;ssl=1 300w, https:\/\/i0.wp.com\/grievingmaman.com\/wp-content\/uploads\/monument-funeraire-enfant-funeral-headstone-monument-child-Zackael-Flintoff_close-up.jpg?resize=768%2C606&amp;ssl=1 768w, https:\/\/i0.wp.com\/grievingmaman.com\/wp-content\/uploads\/monument-funeraire-enfant-funeral-headstone-monument-child-Zackael-Flintoff_close-up.jpg?resize=15%2C12&amp;ssl=1 15w, https:\/\/i0.wp.com\/grievingmaman.com\/wp-content\/uploads\/monument-funeraire-enfant-funeral-headstone-monument-child-Zackael-Flintoff_close-up.jpg?resize=1200%2C947&amp;ssl=1 1200w, https:\/\/i0.wp.com\/grievingmaman.com\/wp-content\/uploads\/monument-funeraire-enfant-funeral-headstone-monument-child-Zackael-Flintoff_close-up.jpg?resize=720%2C568&amp;ssl=1 720w, https:\/\/i0.wp.com\/grievingmaman.com\/wp-content\/uploads\/monument-funeraire-enfant-funeral-headstone-monument-child-Zackael-Flintoff_close-up.jpg?w=1307&amp;ssl=1 1307w\" sizes=\"(max-width: 1000px) 100vw, 1000px\" \/><figcaption>Portrait r\u00e9alis\u00e9 par la machine Impact avec pointe en diamant, fabriqu\u00e9 par Martel &amp; Fils (Ottawa, Ontario)<\/figcaption><\/figure><\/div>\n\n\n\n<p class=\"wp-block-paragraph\"><\/p>\n\n\n\n<hr class=\"wp-block-separator is-style-default\"\/>\n\n\n\n<h2 class=\"has-medium-font-size wp-block-heading\" id=\"at-saint-joseph-cemetery-orleans\"><strong>Au cimeti\u00e8re Saint-Joseph, Orl\u00e9ans<\/strong><\/h2>\n\n\n\n<p class=\"wp-block-paragraph\" style=\"font-size:18px\">L'emplacement exact de la pierre de Zacka\u00ebl se <a href=\"https:\/\/goo.gl\/maps\/MpQ9GznGBuqUjPtR8\">retrouve ici<\/a>. La pierre tombale est encore plus impressionnante en personne. En la visitant, vous continuez d'honorer et de c\u00e9l\u00e9brer sa vie. Si jamais vous y allez, faites-le nous savoir car cela nous toucherait beaucoup. De plus, si vous avez la chance de prendre une photo, nous serions contents de la voir. N'h\u00e9sitez pas \u00e0 laisser une chandelle ou autre chose sur la base.<\/p>\n\n\n\n<p class=\"wp-block-paragraph\" style=\"font-size:18px\">La pierre tombale de Zacka\u00ebl \u00e9tant tr\u00e8s r\u00e9fl\u00e9chissante et faisant face \u00e0 l'est, les visites du matin sont recommand\u00e9es. Le matin, alors que le soleil brille de l'est, il frappe sur le devant de la pierre, ce qui est optimal pour bien la voir.<\/p>\n\n\n\n<div class=\"wp-block-image\"><figure class=\"aligncenter size-large\"><img data-recalc-dims=\"1\" loading=\"lazy\" decoding=\"async\" width=\"768\" height=\"1024\" data-attachment-id=\"3718\" data-permalink=\"https:\/\/grievingmaman.com\/fr\/2022\/02\/23\/choisir-une-pierre-tombale-pour-votre-etre-cher\/monument-funeraire-enfant-funeral-monument-child-zackael-flintoff\/\" data-orig-file=\"https:\/\/i0.wp.com\/grievingmaman.com\/wp-content\/uploads\/monument-funeraire-enfant-funeral-monument-child-Zackael-Flintoff-rotated.jpg?fit=3024%2C4032&amp;ssl=1\" data-orig-size=\"3024,4032\" data-comments-opened=\"1\" data-image-meta=\"{&quot;aperture&quot;:&quot;1.8&quot;,&quot;credit&quot;:&quot;&quot;,&quot;camera&quot;:&quot;iPhone XR&quot;,&quot;caption&quot;:&quot;&quot;,&quot;created_timestamp&quot;:&quot;1635864946&quot;,&quot;copyright&quot;:&quot;&quot;,&quot;focal_length&quot;:&quot;4.25&quot;,&quot;iso&quot;:&quot;25&quot;,&quot;shutter_speed&quot;:&quot;0.0059171597633136&quot;,&quot;title&quot;:&quot;&quot;,&quot;orientation&quot;:&quot;1&quot;}\" data-image-title=\"monument-funeraire-enfant-funeral-monument-child-Zackael-Flintoff\" data-image-description=\"&lt;p&gt;child headstone funeral monument baby&lt;\/p&gt;\" data-image-caption=\"\" data-large-file=\"https:\/\/i0.wp.com\/grievingmaman.com\/wp-content\/uploads\/monument-funeraire-enfant-funeral-monument-child-Zackael-Flintoff-rotated.jpg?fit=768%2C1024&amp;ssl=1\" src=\"https:\/\/i0.wp.com\/grievingmaman.com\/wp-content\/uploads\/monument-funeraire-enfant-funeral-monument-child-Zackael-Flintoff.jpg?resize=768%2C1024&#038;ssl=1\" alt=\"Polished reflective granite headstone done with impact diamond etching. Child face portrait shows the details in the etching on the black granite. Orl\u00e9ans Ontario Cimeti\u00e8re Saint-Joseph  Baby and child headstone monument\" class=\"wp-image-3718\" srcset=\"https:\/\/i0.wp.com\/grievingmaman.com\/wp-content\/uploads\/monument-funeraire-enfant-funeral-monument-child-Zackael-Flintoff-rotated.jpg?resize=768%2C1024&amp;ssl=1 768w, https:\/\/i0.wp.com\/grievingmaman.com\/wp-content\/uploads\/monument-funeraire-enfant-funeral-monument-child-Zackael-Flintoff-rotated.jpg?resize=225%2C300&amp;ssl=1 225w, https:\/\/i0.wp.com\/grievingmaman.com\/wp-content\/uploads\/monument-funeraire-enfant-funeral-monument-child-Zackael-Flintoff-rotated.jpg?resize=1152%2C1536&amp;ssl=1 1152w, https:\/\/i0.wp.com\/grievingmaman.com\/wp-content\/uploads\/monument-funeraire-enfant-funeral-monument-child-Zackael-Flintoff-rotated.jpg?resize=1536%2C2048&amp;ssl=1 1536w, https:\/\/i0.wp.com\/grievingmaman.com\/wp-content\/uploads\/monument-funeraire-enfant-funeral-monument-child-Zackael-Flintoff-rotated.jpg?resize=9%2C12&amp;ssl=1 9w, https:\/\/i0.wp.com\/grievingmaman.com\/wp-content\/uploads\/monument-funeraire-enfant-funeral-monument-child-Zackael-Flintoff-rotated.jpg?resize=900%2C1200&amp;ssl=1 900w, https:\/\/i0.wp.com\/grievingmaman.com\/wp-content\/uploads\/monument-funeraire-enfant-funeral-monument-child-Zackael-Flintoff-rotated.jpg?resize=600%2C800&amp;ssl=1 600w, https:\/\/i0.wp.com\/grievingmaman.com\/wp-content\/uploads\/monument-funeraire-enfant-funeral-monument-child-Zackael-Flintoff-rotated.jpg?resize=300%2C400&amp;ssl=1 300w, https:\/\/i0.wp.com\/grievingmaman.com\/wp-content\/uploads\/monument-funeraire-enfant-funeral-monument-child-Zackael-Flintoff-rotated.jpg?resize=150%2C200&amp;ssl=1 150w, https:\/\/i0.wp.com\/grievingmaman.com\/wp-content\/uploads\/monument-funeraire-enfant-funeral-monument-child-Zackael-Flintoff-rotated.jpg?resize=1200%2C1600&amp;ssl=1 1200w, https:\/\/i0.wp.com\/grievingmaman.com\/wp-content\/uploads\/monument-funeraire-enfant-funeral-monument-child-Zackael-Flintoff-rotated.jpg?resize=720%2C960&amp;ssl=1 720w, https:\/\/i0.wp.com\/grievingmaman.com\/wp-content\/uploads\/monument-funeraire-enfant-funeral-monument-child-Zackael-Flintoff-rotated.jpg?resize=1320%2C1760&amp;ssl=1 1320w, https:\/\/i0.wp.com\/grievingmaman.com\/wp-content\/uploads\/monument-funeraire-enfant-funeral-monument-child-Zackael-Flintoff-rotated.jpg?w=2000&amp;ssl=1 2000w, https:\/\/i0.wp.com\/grievingmaman.com\/wp-content\/uploads\/monument-funeraire-enfant-funeral-monument-child-Zackael-Flintoff-rotated.jpg?w=3000&amp;ssl=1 3000w\" sizes=\"(max-width: 768px) 100vw, 768px\" \/><figcaption>La pierre tombale polie est tr\u00e8s r\u00e9fl\u00e9chissante l'apr\u00e8s-midi<\/figcaption><\/figure><\/div>\n\n\n\n<p class=\"wp-block-paragraph\" style=\"font-size:18px\">Lors d'un apr\u00e8s-midi ensoleill\u00e9, la lumi\u00e8re du soleil du sud-ouest rend difficile de bien la voir car la pierre est tr\u00e8s r\u00e9fl\u00e9chissante (effet miroir). En fait, la lumi\u00e8re du soleil de l'apr\u00e8s-midi frappe les personnes debout devant la pierre, ce qui se refl\u00e8te ensuite sur la pierre. Alternativement, une visite en soir\u00e9e pourrait faire un bel effet en allumant une bougie ou une lanterne.<\/p>\n\n\n\n<h6 class=\"has-text-color wp-block-heading\" id=\"saint-joseph-cemetery-visiting-hours\" style=\"color:#000000b0;font-size:16px;font-style:italic;font-weight:500\">Heures de visite du cimeti\u00e8re Saint-Joseph, Orl\u00e9ans Ontario<\/h6>\n\n\n\n<p class=\"has-text-color wp-block-paragraph\" style=\"color:#000000c9;font-size:15px\">1er mai \u2013 31 octobre : 9h - 19h30<br>1er novembre \u2013 30 avril : 9h - 16h<\/p>\n\n\n\n<hr class=\"wp-block-separator is-style-default\"\/>\n\n\n\n<p class=\"has-text-align-center wp-block-paragraph\">C\u2019est tout pour l\u2019instant!<br>Merci de partager sur les r\u00e9seaux sociaux pour honorer et comm\u00e9morer Zacka\u00ebl cette semaine, nous appr\u00e9cions vraiment votre appui !<\/p>\n\n\n\n<p class=\"has-text-align-center wp-block-paragraph\">Si vous souhaitez recevoir nos prochaines publications, vous pouvez cliquer sur \u00abS'abonner par courriel\u00bb.<br>Ou vous pouvez nous envoyer un message et nous vous enverrons une invitation!<\/p>\n\n\n\n<p class=\"has-small-font-size wp-block-paragraph\">Suggested reference: <a href=\"https:\/\/funeralfunds.com\/how-to-select-a-headstone\/\">https:\/\/funeralfunds.com\/how-to-select-a-headstone\/<\/a><\/p>\n<ul class=\"modern-footnotes-list\"><li><span>1<\/span><div><a href=\"https:\/\/www.furevermemorials.com\/granite-engraving\/\">https:\/\/www.furevermemorials.com\/granite-engraving\/<\/a><\/div><\/li><\/ul>","protected":false},"excerpt":{"rendered":"<p>Choisir une pierre tombale pour un \u00eatre cher est difficile, encore plus lorsqu'il s'agit de notre propre enfant. Je parle de notre exp\u00e9rience v\u00e9cue avec la s\u00e9lection d'une pierre tombale et d'une nouvelle technologie (Gravure \u00e0 l'Impact vs Gravure au laser).  <\/p>","protected":false},"author":185178740,"featured_media":3709,"comment_status":"open","ping_status":"open","sticky":false,"template":"","format":"standard","meta":{"_coblocks_attr":"FaustinaAsap,","_coblocks_dimensions":"","_coblocks_responsive_height":"","_coblocks_accordion_ie_support":"","_crdt_document":"","_jetpack_newsletter_access":"","_jetpack_dont_email_post_to_subs":false,"_jetpack_newsletter_tier_id":0,"_jetpack_memberships_contains_paywalled_content":false,"_jetpack_memberships_contains_paid_content":false,"footnotes":"","jetpack_publicize_message":"","jetpack_publicize_feature_enabled":true,"jetpack_social_post_already_shared":true,"jetpack_social_options":{"image_generator_settings":{"template":"highway","default_image_id":0,"font":"","enabled":false},"version":2},"_wpas_customize_per_network":false,"jetpack_post_was_ever_published":false},"categories":[16950,700495868],"tags":[708032862,7371195,600188,708032861,708032860,51611,708032832,708032867],"class_list":["post-3692","post","type-post","status-publish","format-standard","has-post-thumbnail","hentry","category-grief","category-zackael","tag-cemetery","tag-childloss","tag-commemoration","tag-funeral","tag-headstone","tag-memorial","tag-monument","tag-ottawa"],"yoast_head":"<!-- This site is optimized with the Yoast SEO plugin v27.4 - https:\/\/yoast.com\/product\/yoast-seo-wordpress\/ -->\n<title>Choosing the Right Headstone for your Loved One &#8211; Grieving maman<\/title>\n<meta name=\"description\" content=\"Choosing a headstone for a loved one is difficult, even more so when it&#039;s your own child. I talk about our real-life experience with selecting a headstone and about a new technology (Impact Etching vs Laser Etching).\" \/>\n<meta name=\"robots\" content=\"index, follow, max-snippet:-1, max-image-preview:large, max-video-preview:-1\" \/>\n<link rel=\"canonical\" href=\"https:\/\/grievingmaman.com\/fr\/2022\/02\/23\/choosing-the-right-headstone-for-your-loved-one\/\" \/>\n<meta property=\"og:locale\" content=\"fr_CA\" \/>\n<meta property=\"og:type\" content=\"article\" \/>\n<meta property=\"og:title\" content=\"Choosing the Right Headstone for your Loved One &#8211; Grieving maman\" \/>\n<meta property=\"og:description\" content=\"Choosing a headstone for a loved one is difficult, even more so when it&#039;s your own child. I talk about our real-life experience with selecting a headstone and about a new technology (Impact Etching vs Laser Etching).\" \/>\n<meta property=\"og:url\" content=\"https:\/\/grievingmaman.com\/fr\/2022\/02\/23\/choosing-the-right-headstone-for-your-loved-one\/\" \/>\n<meta property=\"og:site_name\" content=\"Grieving maman\" \/>\n<meta property=\"article:published_time\" content=\"2022-02-24T00:18:21+00:00\" \/>\n<meta property=\"article:modified_time\" content=\"2022-02-25T01:13:36+00:00\" \/>\n<meta property=\"og:image\" content=\"https:\/\/grievingmaman.com\/wp-content\/uploads\/monument-funeraire-enfant-funeral-monument-child-Zackael-Flintoff-avec-maman_edited-1-1024x705.jpg\" \/>\n\t<meta property=\"og:image:width\" content=\"1024\" \/>\n\t<meta property=\"og:image:height\" content=\"705\" \/>\n\t<meta property=\"og:image:type\" content=\"image\/jpeg\" \/>\n<meta name=\"author\" content=\"Brigitte Lehoux\" \/>\n<meta name=\"twitter:card\" content=\"summary_large_image\" \/>\n<meta name=\"twitter:image\" content=\"https:\/\/i0.wp.com\/grievingmaman.com\/wp-content\/uploads\/monument-funeraire-enfant-funeral-monument-child-Zackael-Flintoff-avec-maman_edited-1.jpg?fit=3903%2C2686&ssl=1\" \/>\n<meta name=\"twitter:label1\" content=\"\u00c9crit par\" \/>\n\t<meta name=\"twitter:data1\" content=\"Brigitte Lehoux\" \/>\n\t<meta name=\"twitter:label2\" content=\"Estimation du temps de lecture\" \/>\n\t<meta name=\"twitter:data2\" content=\"6 minutes\" \/>\n<script type=\"application\/ld+json\" class=\"yoast-schema-graph\">{\"@context\":\"https:\\\/\\\/schema.org\",\"@graph\":[{\"@type\":\"Article\",\"@id\":\"https:\\\/\\\/grievingmaman.com\\\/2022\\\/02\\\/23\\\/choosing-the-right-headstone-for-your-loved-one\\\/#article\",\"isPartOf\":{\"@id\":\"https:\\\/\\\/grievingmaman.com\\\/2022\\\/02\\\/23\\\/choosing-the-right-headstone-for-your-loved-one\\\/\"},\"author\":{\"name\":\"Brigitte Lehoux\",\"@id\":\"https:\\\/\\\/grievingmaman.com\\\/fr\\\/#\\\/schema\\\/person\\\/1f19b09d0ab9ac20bb9dc17c1802d8be\"},\"headline\":\"Choosing the Right Headstone for your Loved One\",\"datePublished\":\"2022-02-24T00:18:21+00:00\",\"dateModified\":\"2022-02-25T01:13:36+00:00\",\"mainEntityOfPage\":{\"@id\":\"https:\\\/\\\/grievingmaman.com\\\/2022\\\/02\\\/23\\\/choosing-the-right-headstone-for-your-loved-one\\\/\"},\"wordCount\":1051,\"commentCount\":15,\"publisher\":{\"@id\":\"https:\\\/\\\/grievingmaman.com\\\/fr\\\/#\\\/schema\\\/person\\\/1f19b09d0ab9ac20bb9dc17c1802d8be\"},\"image\":{\"@id\":\"https:\\\/\\\/grievingmaman.com\\\/2022\\\/02\\\/23\\\/choosing-the-right-headstone-for-your-loved-one\\\/#primaryimage\"},\"thumbnailUrl\":\"https:\\\/\\\/i0.wp.com\\\/grievingmaman.com\\\/wp-content\\\/uploads\\\/monument-funeraire-enfant-funeral-monument-child-Zackael-Flintoff-avec-maman_edited-1.jpg?fit=3903%2C2686&ssl=1\",\"keywords\":[\"Cemetery\",\"Childloss\",\"Commemoration\",\"Funeral\",\"Headstone\",\"Memorial\",\"Monument\",\"Ottawa\"],\"articleSection\":[\"Grief\",\"Zacka\u00ebl\"],\"inLanguage\":\"fr-CA\",\"potentialAction\":[{\"@type\":\"CommentAction\",\"name\":\"Comment\",\"target\":[\"https:\\\/\\\/grievingmaman.com\\\/2022\\\/02\\\/23\\\/choosing-the-right-headstone-for-your-loved-one\\\/#respond\"]}]},{\"@type\":\"WebPage\",\"@id\":\"https:\\\/\\\/grievingmaman.com\\\/2022\\\/02\\\/23\\\/choosing-the-right-headstone-for-your-loved-one\\\/\",\"url\":\"https:\\\/\\\/grievingmaman.com\\\/2022\\\/02\\\/23\\\/choosing-the-right-headstone-for-your-loved-one\\\/\",\"name\":\"Choosing the Right Headstone for your Loved One &#8211; Grieving maman\",\"isPartOf\":{\"@id\":\"https:\\\/\\\/grievingmaman.com\\\/fr\\\/#website\"},\"primaryImageOfPage\":{\"@id\":\"https:\\\/\\\/grievingmaman.com\\\/2022\\\/02\\\/23\\\/choosing-the-right-headstone-for-your-loved-one\\\/#primaryimage\"},\"image\":{\"@id\":\"https:\\\/\\\/grievingmaman.com\\\/2022\\\/02\\\/23\\\/choosing-the-right-headstone-for-your-loved-one\\\/#primaryimage\"},\"thumbnailUrl\":\"https:\\\/\\\/i0.wp.com\\\/grievingmaman.com\\\/wp-content\\\/uploads\\\/monument-funeraire-enfant-funeral-monument-child-Zackael-Flintoff-avec-maman_edited-1.jpg?fit=3903%2C2686&ssl=1\",\"datePublished\":\"2022-02-24T00:18:21+00:00\",\"dateModified\":\"2022-02-25T01:13:36+00:00\",\"description\":\"Choosing a headstone for a loved one is difficult, even more so when it's your own child. I talk about our real-life experience with selecting a headstone and about a new technology (Impact Etching vs Laser Etching).\",\"breadcrumb\":{\"@id\":\"https:\\\/\\\/grievingmaman.com\\\/2022\\\/02\\\/23\\\/choosing-the-right-headstone-for-your-loved-one\\\/#breadcrumb\"},\"inLanguage\":\"fr-CA\",\"potentialAction\":[{\"@type\":\"ReadAction\",\"target\":[\"https:\\\/\\\/grievingmaman.com\\\/2022\\\/02\\\/23\\\/choosing-the-right-headstone-for-your-loved-one\\\/\"]}]},{\"@type\":\"ImageObject\",\"inLanguage\":\"fr-CA\",\"@id\":\"https:\\\/\\\/grievingmaman.com\\\/2022\\\/02\\\/23\\\/choosing-the-right-headstone-for-your-loved-one\\\/#primaryimage\",\"url\":\"https:\\\/\\\/i0.wp.com\\\/grievingmaman.com\\\/wp-content\\\/uploads\\\/monument-funeraire-enfant-funeral-monument-child-Zackael-Flintoff-avec-maman_edited-1.jpg?fit=3903%2C2686&ssl=1\",\"contentUrl\":\"https:\\\/\\\/i0.wp.com\\\/grievingmaman.com\\\/wp-content\\\/uploads\\\/monument-funeraire-enfant-funeral-monument-child-Zackael-Flintoff-avec-maman_edited-1.jpg?fit=3903%2C2686&ssl=1\",\"width\":3903,\"height\":2686,\"caption\":\"child headstone monument at cemetery with impact diamond etching enfant pierre tombale\"},{\"@type\":\"BreadcrumbList\",\"@id\":\"https:\\\/\\\/grievingmaman.com\\\/2022\\\/02\\\/23\\\/choosing-the-right-headstone-for-your-loved-one\\\/#breadcrumb\",\"itemListElement\":[{\"@type\":\"ListItem\",\"position\":1,\"name\":\"Home\",\"item\":\"https:\\\/\\\/grievingmaman.com\\\/\"},{\"@type\":\"ListItem\",\"position\":2,\"name\":\"Choosing the Right Headstone for your Loved One\"}]},{\"@type\":\"WebSite\",\"@id\":\"https:\\\/\\\/grievingmaman.com\\\/fr\\\/#website\",\"url\":\"https:\\\/\\\/grievingmaman.com\\\/fr\\\/\",\"name\":\"Grieving maman\",\"description\":\"Surviving the loss of my son\",\"publisher\":{\"@id\":\"https:\\\/\\\/grievingmaman.com\\\/fr\\\/#\\\/schema\\\/person\\\/1f19b09d0ab9ac20bb9dc17c1802d8be\"},\"potentialAction\":[{\"@type\":\"SearchAction\",\"target\":{\"@type\":\"EntryPoint\",\"urlTemplate\":\"https:\\\/\\\/grievingmaman.com\\\/fr\\\/?s={search_term_string}\"},\"query-input\":{\"@type\":\"PropertyValueSpecification\",\"valueRequired\":true,\"valueName\":\"search_term_string\"}}],\"inLanguage\":\"fr-CA\"},{\"@type\":[\"Person\",\"Organization\"],\"@id\":\"https:\\\/\\\/grievingmaman.com\\\/fr\\\/#\\\/schema\\\/person\\\/1f19b09d0ab9ac20bb9dc17c1802d8be\",\"name\":\"Brigitte Lehoux\",\"image\":{\"@type\":\"ImageObject\",\"inLanguage\":\"fr-CA\",\"@id\":\"https:\\\/\\\/i0.wp.com\\\/grievingmaman.com\\\/wp-content\\\/uploads\\\/Grieving-Maman-logo-Final-Grieving-Parent-Grieving-Mother-Website-Blog.png?fit=1900%2C500&ssl=1\",\"url\":\"https:\\\/\\\/i0.wp.com\\\/grievingmaman.com\\\/wp-content\\\/uploads\\\/Grieving-Maman-logo-Final-Grieving-Parent-Grieving-Mother-Website-Blog.png?fit=1900%2C500&ssl=1\",\"contentUrl\":\"https:\\\/\\\/i0.wp.com\\\/grievingmaman.com\\\/wp-content\\\/uploads\\\/Grieving-Maman-logo-Final-Grieving-Parent-Grieving-Mother-Website-Blog.png?fit=1900%2C500&ssl=1\",\"width\":1900,\"height\":500,\"caption\":\"Brigitte Lehoux\"},\"logo\":{\"@id\":\"https:\\\/\\\/i0.wp.com\\\/grievingmaman.com\\\/wp-content\\\/uploads\\\/Grieving-Maman-logo-Final-Grieving-Parent-Grieving-Mother-Website-Blog.png?fit=1900%2C500&ssl=1\"},\"sameAs\":[\"http:\\\/\\\/grievingmaman.wordpress.com\"]}]}<\/script>\n<!-- \/ Yoast SEO plugin. -->","yoast_head_json":{"title":"Choosing the Right Headstone for your Loved One &#8211; Grieving maman","description":"Choosing a headstone for a loved one is difficult, even more so when it's your own child. I talk about our real-life experience with selecting a headstone and about a new technology (Impact Etching vs Laser Etching).","robots":{"index":"index","follow":"follow","max-snippet":"max-snippet:-1","max-image-preview":"max-image-preview:large","max-video-preview":"max-video-preview:-1"},"canonical":"https:\/\/grievingmaman.com\/fr\/2022\/02\/23\/choosing-the-right-headstone-for-your-loved-one\/","og_locale":"fr_CA","og_type":"article","og_title":"Choosing the Right Headstone for your Loved One &#8211; Grieving maman","og_description":"Choosing a headstone for a loved one is difficult, even more so when it's your own child. I talk about our real-life experience with selecting a headstone and about a new technology (Impact Etching vs Laser Etching).","og_url":"https:\/\/grievingmaman.com\/fr\/2022\/02\/23\/choosing-the-right-headstone-for-your-loved-one\/","og_site_name":"Grieving maman","article_published_time":"2022-02-24T00:18:21+00:00","article_modified_time":"2022-02-25T01:13:36+00:00","og_image":[{"width":1024,"height":705,"url":"https:\/\/grievingmaman.com\/wp-content\/uploads\/monument-funeraire-enfant-funeral-monument-child-Zackael-Flintoff-avec-maman_edited-1-1024x705.jpg","type":"image\/jpeg"}],"author":"Brigitte Lehoux","twitter_card":"summary_large_image","twitter_image":"https:\/\/i0.wp.com\/grievingmaman.com\/wp-content\/uploads\/monument-funeraire-enfant-funeral-monument-child-Zackael-Flintoff-avec-maman_edited-1.jpg?fit=3903%2C2686&ssl=1","twitter_misc":{"\u00c9crit par":"Brigitte Lehoux","Estimation du temps de lecture":"6 minutes"},"schema":{"@context":"https:\/\/schema.org","@graph":[{"@type":"Article","@id":"https:\/\/grievingmaman.com\/2022\/02\/23\/choosing-the-right-headstone-for-your-loved-one\/#article","isPartOf":{"@id":"https:\/\/grievingmaman.com\/2022\/02\/23\/choosing-the-right-headstone-for-your-loved-one\/"},"author":{"name":"Brigitte Lehoux","@id":"https:\/\/grievingmaman.com\/fr\/#\/schema\/person\/1f19b09d0ab9ac20bb9dc17c1802d8be"},"headline":"Choosing the Right Headstone for your Loved One","datePublished":"2022-02-24T00:18:21+00:00","dateModified":"2022-02-25T01:13:36+00:00","mainEntityOfPage":{"@id":"https:\/\/grievingmaman.com\/2022\/02\/23\/choosing-the-right-headstone-for-your-loved-one\/"},"wordCount":1051,"commentCount":15,"publisher":{"@id":"https:\/\/grievingmaman.com\/fr\/#\/schema\/person\/1f19b09d0ab9ac20bb9dc17c1802d8be"},"image":{"@id":"https:\/\/grievingmaman.com\/2022\/02\/23\/choosing-the-right-headstone-for-your-loved-one\/#primaryimage"},"thumbnailUrl":"https:\/\/i0.wp.com\/grievingmaman.com\/wp-content\/uploads\/monument-funeraire-enfant-funeral-monument-child-Zackael-Flintoff-avec-maman_edited-1.jpg?fit=3903%2C2686&ssl=1","keywords":["Cemetery","Childloss","Commemoration","Funeral","Headstone","Memorial","Monument","Ottawa"],"articleSection":["Grief","Zacka\u00ebl"],"inLanguage":"fr-CA","potentialAction":[{"@type":"CommentAction","name":"Comment","target":["https:\/\/grievingmaman.com\/2022\/02\/23\/choosing-the-right-headstone-for-your-loved-one\/#respond"]}]},{"@type":"WebPage","@id":"https:\/\/grievingmaman.com\/2022\/02\/23\/choosing-the-right-headstone-for-your-loved-one\/","url":"https:\/\/grievingmaman.com\/2022\/02\/23\/choosing-the-right-headstone-for-your-loved-one\/","name":"Choosing the Right Headstone for your Loved One &#8211; Grieving maman","isPartOf":{"@id":"https:\/\/grievingmaman.com\/fr\/#website"},"primaryImageOfPage":{"@id":"https:\/\/grievingmaman.com\/2022\/02\/23\/choosing-the-right-headstone-for-your-loved-one\/#primaryimage"},"image":{"@id":"https:\/\/grievingmaman.com\/2022\/02\/23\/choosing-the-right-headstone-for-your-loved-one\/#primaryimage"},"thumbnailUrl":"https:\/\/i0.wp.com\/grievingmaman.com\/wp-content\/uploads\/monument-funeraire-enfant-funeral-monument-child-Zackael-Flintoff-avec-maman_edited-1.jpg?fit=3903%2C2686&ssl=1","datePublished":"2022-02-24T00:18:21+00:00","dateModified":"2022-02-25T01:13:36+00:00","description":"Choosing a headstone for a loved one is difficult, even more so when it's your own child. I talk about our real-life experience with selecting a headstone and about a new technology (Impact Etching vs Laser Etching).","breadcrumb":{"@id":"https:\/\/grievingmaman.com\/2022\/02\/23\/choosing-the-right-headstone-for-your-loved-one\/#breadcrumb"},"inLanguage":"fr-CA","potentialAction":[{"@type":"ReadAction","target":["https:\/\/grievingmaman.com\/2022\/02\/23\/choosing-the-right-headstone-for-your-loved-one\/"]}]},{"@type":"ImageObject","inLanguage":"fr-CA","@id":"https:\/\/grievingmaman.com\/2022\/02\/23\/choosing-the-right-headstone-for-your-loved-one\/#primaryimage","url":"https:\/\/i0.wp.com\/grievingmaman.com\/wp-content\/uploads\/monument-funeraire-enfant-funeral-monument-child-Zackael-Flintoff-avec-maman_edited-1.jpg?fit=3903%2C2686&ssl=1","contentUrl":"https:\/\/i0.wp.com\/grievingmaman.com\/wp-content\/uploads\/monument-funeraire-enfant-funeral-monument-child-Zackael-Flintoff-avec-maman_edited-1.jpg?fit=3903%2C2686&ssl=1","width":3903,"height":2686,"caption":"child headstone monument at cemetery with impact diamond etching enfant pierre tombale"},{"@type":"BreadcrumbList","@id":"https:\/\/grievingmaman.com\/2022\/02\/23\/choosing-the-right-headstone-for-your-loved-one\/#breadcrumb","itemListElement":[{"@type":"ListItem","position":1,"name":"Home","item":"https:\/\/grievingmaman.com\/"},{"@type":"ListItem","position":2,"name":"Choosing the Right Headstone for your Loved One"}]},{"@type":"WebSite","@id":"https:\/\/grievingmaman.com\/fr\/#website","url":"https:\/\/grievingmaman.com\/fr\/","name":"Grieving maman","description":"Survivre \u00e0 la perte de mon gar\u00e7on","publisher":{"@id":"https:\/\/grievingmaman.com\/fr\/#\/schema\/person\/1f19b09d0ab9ac20bb9dc17c1802d8be"},"potentialAction":[{"@type":"SearchAction","target":{"@type":"EntryPoint","urlTemplate":"https:\/\/grievingmaman.com\/fr\/?s={search_term_string}"},"query-input":{"@type":"PropertyValueSpecification","valueRequired":true,"valueName":"search_term_string"}}],"inLanguage":"fr-CA"},{"@type":["Person","Organization"],"@id":"https:\/\/grievingmaman.com\/fr\/#\/schema\/person\/1f19b09d0ab9ac20bb9dc17c1802d8be","name":"Brigitte Lehoux","image":{"@type":"ImageObject","inLanguage":"fr-CA","@id":"https:\/\/i0.wp.com\/grievingmaman.com\/wp-content\/uploads\/Grieving-Maman-logo-Final-Grieving-Parent-Grieving-Mother-Website-Blog.png?fit=1900%2C500&ssl=1","url":"https:\/\/i0.wp.com\/grievingmaman.com\/wp-content\/uploads\/Grieving-Maman-logo-Final-Grieving-Parent-Grieving-Mother-Website-Blog.png?fit=1900%2C500&ssl=1","contentUrl":"https:\/\/i0.wp.com\/grievingmaman.com\/wp-content\/uploads\/Grieving-Maman-logo-Final-Grieving-Parent-Grieving-Mother-Website-Blog.png?fit=1900%2C500&ssl=1","width":1900,"height":500,"caption":"Brigitte Lehoux"},"logo":{"@id":"https:\/\/i0.wp.com\/grievingmaman.com\/wp-content\/uploads\/Grieving-Maman-logo-Final-Grieving-Parent-Grieving-Mother-Website-Blog.png?fit=1900%2C500&ssl=1"},"sameAs":["http:\/\/grievingmaman.wordpress.com"]}]}},"jetpack_publicize_connections":[],"jetpack_featured_media_url":"https:\/\/i0.wp.com\/grievingmaman.com\/wp-content\/uploads\/monument-funeraire-enfant-funeral-monument-child-Zackael-Flintoff-avec-maman_edited-1.jpg?fit=3903%2C2686&ssl=1","jetpack_likes_enabled":true,"jetpack_sharing_enabled":true,"jetpack_shortlink":"https:\/\/wp.me\/pbXpxA-Xy","jetpack-related-posts":[{"id":3377,"url":"https:\/\/grievingmaman.com\/fr\/2021\/11\/11\/novembre-est-ici\/","url_meta":{"origin":3692,"position":0},"title":"Novembre est arriv\u00e9","author":"Brigitte Lehoux","date":"11 Nov 2021","format":false,"excerpt":"Je d\u00e9cris quelques r\u00eaves que j'ai en tant que m\u00e8re en deuil. J'inclus des photos des nouveaux autocollants et panneaux que j'avais command\u00e9s en l'honneur de Zacka\u00ebl.","rel":"","context":"In &quot;Grief&quot;","block_context":{"text":"Grief","link":"https:\/\/grievingmaman.com\/fr\/category\/grief\/"},"img":{"alt_text":"Zacka\u00ebl Flintoff sleeping - dort","src":"https:\/\/i0.wp.com\/grievingmaman.com\/wp-content\/uploads\/IMG_7906-2.jpg?fit=881%2C1200&ssl=1&resize=350%2C200","width":350,"height":200,"srcset":"https:\/\/i0.wp.com\/grievingmaman.com\/wp-content\/uploads\/IMG_7906-2.jpg?fit=881%2C1200&ssl=1&resize=350%2C200 1x, https:\/\/i0.wp.com\/grievingmaman.com\/wp-content\/uploads\/IMG_7906-2.jpg?fit=881%2C1200&ssl=1&resize=525%2C300 1.5x, https:\/\/i0.wp.com\/grievingmaman.com\/wp-content\/uploads\/IMG_7906-2.jpg?fit=881%2C1200&ssl=1&resize=700%2C400 2x"},"classes":[]},{"id":1843,"url":"https:\/\/grievingmaman.com\/fr\/2021\/02\/22\/remembering-our-moments-together\/","url_meta":{"origin":3692,"position":1},"title":"Se souvenir de nos moments ensemble","author":"Brigitte Lehoux","date":"22 F\u00e9v 2021","format":false,"excerpt":"Today was a difficult day for us. We received the coroner's report about Zacka\u00ebl's death. In honour of Zacka\u00ebl, I share a memory about how he remembered my hometown (Hearst) on the map.","rel":"","context":"In &quot;Zacka\u00ebl&quot;","block_context":{"text":"Zacka\u00ebl","link":"https:\/\/grievingmaman.com\/fr\/category\/zackael\/"},"img":{"alt_text":"Hearst Ontario","src":"https:\/\/i0.wp.com\/grievingmaman.com\/wp-content\/uploads\/2021\/02\/IMG_5151.jpg?fit=1200%2C900&ssl=1&resize=350%2C200","width":350,"height":200,"srcset":"https:\/\/i0.wp.com\/grievingmaman.com\/wp-content\/uploads\/2021\/02\/IMG_5151.jpg?fit=1200%2C900&ssl=1&resize=350%2C200 1x, https:\/\/i0.wp.com\/grievingmaman.com\/wp-content\/uploads\/2021\/02\/IMG_5151.jpg?fit=1200%2C900&ssl=1&resize=525%2C300 1.5x, https:\/\/i0.wp.com\/grievingmaman.com\/wp-content\/uploads\/2021\/02\/IMG_5151.jpg?fit=1200%2C900&ssl=1&resize=700%2C400 2x, https:\/\/i0.wp.com\/grievingmaman.com\/wp-content\/uploads\/2021\/02\/IMG_5151.jpg?fit=1200%2C900&ssl=1&resize=1050%2C600 3x"},"classes":[]},{"id":6879,"url":"https:\/\/grievingmaman.com\/fr\/2022\/10\/06\/mes-reels-sur-facebook\/","url_meta":{"origin":3692,"position":2},"title":"Nos Reels sur Facebook","author":"Brigitte Lehoux","date":"6 Oct 2022","format":false,"excerpt":"I talk about Reels that I post on Social Media and how to follow our Facebook Group so you don't miss the new Reels!","rel":"","context":"In &quot;Ad\u00e9lie&quot;","block_context":{"text":"Ad\u00e9lie","link":"https:\/\/grievingmaman.com\/fr\/category\/adelie\/adelie-adelie\/"},"img":{"alt_text":"Reel-Grieving-Maman-traumatic-brain-injury-recovery-swimming-aquatic-therapy","src":"https:\/\/i0.wp.com\/grievingmaman.com\/wp-content\/uploads\/Reel-Grieving-Maman-traumatic-brain-injury-recovery-swimming-aquatic-therapy.jpg?fit=499%2C791&ssl=1&resize=350%2C200","width":350,"height":200},"classes":[]},{"id":3163,"url":"https:\/\/grievingmaman.com\/fr\/2021\/09\/21\/vivre-un-deuil-durant-la-pandemie-de-covid-19\/","url_meta":{"origin":3692,"position":3},"title":"G\u00e9rer les cons\u00e9quences de l'accident et vivre un deuil durant la pand\u00e9mie","author":"Brigitte Lehoux","date":"21 Sep 2021","format":false,"excerpt":"Je publie une mise \u00e0 jour sur notre famille et sur la fa\u00e7on dont l'accident et la pand\u00e9mie de Covid-19 ont affect\u00e9 notre vie quotidienne. Je parle de certains d\u00e9fis li\u00e9s au deuil, \u00e0 la perte d'un enfant et \u00e0 l'\u00e9cole virtuelle (apprentissage en ligne).","rel":"","context":"In &quot;Ad\u00e9lie&quot;","block_context":{"text":"Ad\u00e9lie","link":"https:\/\/grievingmaman.com\/fr\/category\/adelie\/"},"img":{"alt_text":"Start of school picture - Ad\u00e9lie au Pr\u00e9lude, Orl\u00e9ans","src":"https:\/\/i0.wp.com\/grievingmaman.com\/wp-content\/uploads\/IMG_6887-1-rotated.jpg?fit=900%2C1200&ssl=1&resize=350%2C200","width":350,"height":200,"srcset":"https:\/\/i0.wp.com\/grievingmaman.com\/wp-content\/uploads\/IMG_6887-1-rotated.jpg?fit=900%2C1200&ssl=1&resize=350%2C200 1x, https:\/\/i0.wp.com\/grievingmaman.com\/wp-content\/uploads\/IMG_6887-1-rotated.jpg?fit=900%2C1200&ssl=1&resize=525%2C300 1.5x, https:\/\/i0.wp.com\/grievingmaman.com\/wp-content\/uploads\/IMG_6887-1-rotated.jpg?fit=900%2C1200&ssl=1&resize=700%2C400 2x"},"classes":[]},{"id":9293,"url":"https:\/\/grievingmaman.com\/fr\/2024\/11\/16\/en-un-clin-d-oeil\/","url_meta":{"origin":3692,"position":4},"title":"En un clin d'oeil","author":"Brigitte Lehoux","date":"16 Nov 2024","format":false,"excerpt":"Il y a cinq ans, nos vies ont chang\u00e9 \u00e0 jamais. Pour c\u00e9l\u00e9brer la vie de Zacka\u00ebl, j'ai \u00e9crit 10 choses que j'ai aim\u00e9es de lui.","rel":"","context":"In &quot;Grief&quot;","block_context":{"text":"Grief","link":"https:\/\/grievingmaman.com\/fr\/category\/grief\/"},"img":{"alt_text":"","src":"https:\/\/i0.wp.com\/grievingmaman.com\/wp-content\/uploads\/img-1419edited.jpg?fit=1200%2C714&ssl=1&resize=350%2C200","width":350,"height":200,"srcset":"https:\/\/i0.wp.com\/grievingmaman.com\/wp-content\/uploads\/img-1419edited.jpg?fit=1200%2C714&ssl=1&resize=350%2C200 1x, https:\/\/i0.wp.com\/grievingmaman.com\/wp-content\/uploads\/img-1419edited.jpg?fit=1200%2C714&ssl=1&resize=525%2C300 1.5x, https:\/\/i0.wp.com\/grievingmaman.com\/wp-content\/uploads\/img-1419edited.jpg?fit=1200%2C714&ssl=1&resize=700%2C400 2x, https:\/\/i0.wp.com\/grievingmaman.com\/wp-content\/uploads\/img-1419edited.jpg?fit=1200%2C714&ssl=1&resize=1050%2C600 3x"},"classes":[]},{"id":2040,"url":"https:\/\/grievingmaman.com\/fr\/2021\/03\/02\/under-zackael-wings-ve-boisvert\/","url_meta":{"origin":3692,"position":5},"title":"Zacka\u00ebl nous berce dans ses ailes","author":"Brigitte Lehoux","date":"2 Mar 2021","format":false,"excerpt":"Je d\u00e9voile une belle \u0153uvre d'art (avec des vid\u00e9os!) qui a \u00e9t\u00e9 cr\u00e9\u00e9e en l'honneur de Zacka\u00ebl. La toile a \u00e9t\u00e9 peinte par V\u00e9 Boisvert, une artiste talentueuse.","rel":"","context":"In &quot;Ad\u00e9lie&quot;","block_context":{"text":"Ad\u00e9lie","link":"https:\/\/grievingmaman.com\/fr\/category\/adelie\/"},"img":{"alt_text":"V\u00e9 Boisvert Art Painting Toile Zacka\u00ebl","src":"https:\/\/i0.wp.com\/grievingmaman.com\/wp-content\/uploads\/2021\/03\/Toile-Ve-Boisvert-finale-Zackael.jpg?fit=892%2C1200&ssl=1&resize=350%2C200","width":350,"height":200,"srcset":"https:\/\/i0.wp.com\/grievingmaman.com\/wp-content\/uploads\/2021\/03\/Toile-Ve-Boisvert-finale-Zackael.jpg?fit=892%2C1200&ssl=1&resize=350%2C200 1x, https:\/\/i0.wp.com\/grievingmaman.com\/wp-content\/uploads\/2021\/03\/Toile-Ve-Boisvert-finale-Zackael.jpg?fit=892%2C1200&ssl=1&resize=525%2C300 1.5x, https:\/\/i0.wp.com\/grievingmaman.com\/wp-content\/uploads\/2021\/03\/Toile-Ve-Boisvert-finale-Zackael.jpg?fit=892%2C1200&ssl=1&resize=700%2C400 2x"},"classes":[]}],"amp_enabled":true,"_links":{"self":[{"href":"https:\/\/grievingmaman.com\/fr\/wp-json\/wp\/v2\/posts\/3692","targetHints":{"allow":["GET"]}}],"collection":[{"href":"https:\/\/grievingmaman.com\/fr\/wp-json\/wp\/v2\/posts"}],"about":[{"href":"https:\/\/grievingmaman.com\/fr\/wp-json\/wp\/v2\/types\/post"}],"author":[{"embeddable":true,"href":"https:\/\/grievingmaman.com\/fr\/wp-json\/wp\/v2\/users\/185178740"}],"replies":[{"embeddable":true,"href":"https:\/\/grievingmaman.com\/fr\/wp-json\/wp\/v2\/comments?post=3692"}],"version-history":[{"count":67,"href":"https:\/\/grievingmaman.com\/fr\/wp-json\/wp\/v2\/posts\/3692\/revisions"}],"predecessor-version":[{"id":3782,"href":"https:\/\/grievingmaman.com\/fr\/wp-json\/wp\/v2\/posts\/3692\/revisions\/3782"}],"wp:featuredmedia":[{"embeddable":true,"href":"https:\/\/grievingmaman.com\/fr\/wp-json\/wp\/v2\/media\/3709"}],"wp:attachment":[{"href":"https:\/\/grievingmaman.com\/fr\/wp-json\/wp\/v2\/media?parent=3692"}],"wp:term":[{"taxonomy":"category","embeddable":true,"href":"https:\/\/grievingmaman.com\/fr\/wp-json\/wp\/v2\/categories?post=3692"},{"taxonomy":"post_tag","embeddable":true,"href":"https:\/\/grievingmaman.com\/fr\/wp-json\/wp\/v2\/tags?post=3692"}],"curies":[{"name":"wp","href":"https:\/\/api.w.org\/{rel}","templated":true}]}}