{"id":759,"date":"2020-12-09T21:21:24","date_gmt":"2020-12-10T02:21:24","guid":{"rendered":"http:\/\/grievingmaman.com\/?p=759"},"modified":"2021-02-07T14:37:27","modified_gmt":"2021-02-07T19:37:27","slug":"when-love-and-sorrow-collide-quand-le-chagrin-lemporte","status":"publish","type":"post","link":"https:\/\/grievingmaman.com\/fr\/2020\/12\/09\/when-love-and-sorrow-collide-quand-le-chagrin-lemporte\/","title":{"rendered":"Quand le chagrin l\u2019emporte"},"content":{"rendered":"<p class=\"wp-block-paragraph\" style=\"font-size:18px\">For the English version, click \"EN\" at top-right of the menu <span style=\"text-decoration: underline;\"><a href=\"https:\/\/grievingmaman.com\/fr\/2020\/12\/09\/when-love-and-sorrow-collide-quand-le-chagrin-lemporte\/\" class=\"rank-math-link\">\u2630<\/a><\/span>.<\/p>\n\n\n\n<hr class=\"wp-block-separator is-style-wide\"\/>\n\n\n\n<p class=\"wp-block-paragraph\"><\/p>\n\n\n\n<h2 class=\"wp-block-heading\" id=\"english\"><a class=\"rank-math-link\" href=\"#english\">Quand le chagrin l\u2019emporte<\/a><\/h2>\n\n\n\n<p class=\"has-text-color wp-block-paragraph\" style=\"color:#232459;font-size:17px\"><em>La publication de cette semaine se porte sur le deuil comme maman endeuill\u00e9e, donc un sujet plus sensible. Je conseille donc que vous soyez dans une humeur pr\u00eate \u00e0 lire ce genre de publication. M\u00eame si c\u2019est un sujet d\u00e9licat, je crois que c\u2019est important que les gens comprennent comment nous ressentons comme endeuill\u00e9s. Je vous recommande donc la lecture, m\u00eame si ce n\u2019est pas tout de suite. \u00c7a peut aider \u00e0 mieux comprendre les endeuill\u00e9s en g\u00e9n\u00e9ral, et donc, \u00e0 mieux les supporter. Merci pour votre lecture.<\/em><\/p>\n\n\n\n<p class=\"has-drop-cap has-black-color has-text-color wp-block-paragraph\" style=\"font-size:18px\">Hier, j\u2019ai dessin\u00e9 mon c\u0153ur. Mon c\u0153ur est rempli de toutes sortes d\u2019\u00e9motions. Mais en grande partie, cette panoplie d\u2019\u00e9motions d\u00e9coulent de deux principales \u00e9motions; l\u2019amour et le chagrin.<br><br>La partie gauche repr\u00e9sente l\u2019amour qui r\u00e8gne dans mon c\u0153ur. Comme vous pouvez voir dans le dessin, cet amour est solide, intact, doux, lisse et m\u00eame lumineux. C\u2019est l\u2019amour que j\u2019ai pour ma famille, mes enfants. Cet amour me permet de continuer et de survivre. Quand je m\u2019ennuie de Zacka\u00ebl, cette partie de mon c\u0153ur m\u2019interpelle. L\u2019amour y est, je pense donc \u00e0 lui. Il y a plein d\u2019instants durant une journ\u00e9e lorsque je m\u2019ennuie de Zacka\u00ebl. Je ne sais pas combien de fois je pense \u00e0 lui durant la journ\u00e9e, mais c\u2019est presque tout le temps.<\/p>\n\n\n\n<h6 class=\"has-text-align-center wp-block-heading\">Dessin d'un coeur bris\u00e9 :  \"Quand le chagrin l'emporte\"<\/h6>\n\n\n\n<div class=\"wp-block-image\"><figure class=\"aligncenter size-large is-resized\"><img data-recalc-dims=\"1\" fetchpriority=\"high\" decoding=\"async\" data-attachment-id=\"762\" data-permalink=\"https:\/\/grievingmaman.com\/fr\/be958438-12a4-4f32-9658-3a4b3dad430b\/\" data-orig-file=\"https:\/\/i0.wp.com\/grievingmaman.com\/wp-content\/uploads\/2020\/12\/be958438-12a4-4f32-9658-3a4b3dad430b.jpeg?fit=2775%2C2822&amp;ssl=1\" data-orig-size=\"2775,2822\" data-comments-opened=\"1\" data-image-meta=\"{&quot;aperture&quot;:&quot;1.8&quot;,&quot;credit&quot;:&quot;&quot;,&quot;camera&quot;:&quot;iPhone XR&quot;,&quot;caption&quot;:&quot;&quot;,&quot;created_timestamp&quot;:&quot;1607421073&quot;,&quot;copyright&quot;:&quot;&quot;,&quot;focal_length&quot;:&quot;4.25&quot;,&quot;iso&quot;:&quot;32&quot;,&quot;shutter_speed&quot;:&quot;0.0082644628099174&quot;,&quot;title&quot;:&quot;&quot;,&quot;orientation&quot;:&quot;0&quot;,&quot;latitude&quot;:&quot;45.436327777778&quot;,&quot;longitude&quot;:&quot;-75.545708333333&quot;}\" data-image-title=\"When Love and Sorrow Collide &amp;#8211; Broken Heart\" data-image-description=\"&lt;p&gt;Grieving heart Broken Heart Bereaved Mother Parent Grieving Mother&lt;\/p&gt;\" data-image-caption=\"&lt;p&gt;Grieving heart Broken Heart Bereaved Mother Parent Grieving Mother&lt;\/p&gt;\" data-medium-file=\"https:\/\/i0.wp.com\/grievingmaman.com\/wp-content\/uploads\/2020\/12\/be958438-12a4-4f32-9658-3a4b3dad430b.jpeg?fit=295%2C300&amp;ssl=1\" data-large-file=\"https:\/\/i0.wp.com\/grievingmaman.com\/wp-content\/uploads\/2020\/12\/be958438-12a4-4f32-9658-3a4b3dad430b.jpeg?fit=1007%2C1024&amp;ssl=1\" src=\"https:\/\/i0.wp.com\/grievingmaman.com\/wp-content\/uploads\/2020\/12\/be958438-12a4-4f32-9658-3a4b3dad430b.jpeg?resize=646%2C656&#038;ssl=1\" alt=\"\" class=\"wp-image-762\" width=\"646\" height=\"656\"\/><figcaption>\"Quand le chagrin l'emporte\" \u2013 Crayons de couleur\u2013 D\u00e9cembre 2020 \u2013 Brigitte Lehoux (Grieving Maman)<\/figcaption><\/figure><\/div>\n\n\n\n<p class=\"has-drop-cap has-black-color has-text-color wp-block-paragraph\" style=\"font-size:18px\"><br><br>Cependant, par certains moments, l\u2019amour est plus fort que moi; je m\u2019ennuie trop et je dois voir plus. Je dois faire plus que de parler ou \u00e9crire \u00e0 propos de lui. Je dois voir plus que sa plaque dehors. Je dois voir plus que sa chambre qui est vide. Je dois voir plus que ses photos dans le salon. J\u2019ai besoin de voir plus de que je suis habitu\u00e9e de voir. Quand on voit toujours les m\u00eames photos, on devient en quelque sorte \u00ab immunis\u00e9 \u00bb \u00e0 ces photos. Je suis tellement habitu\u00e9e de les voir que mon c\u0153ur s\u2019est renforc\u00e9 au fil du temps et je suis en mesure de g\u00e9rer mes \u00e9motions en les regardant.<br><br>Mais souvent, j\u2019ai une envie soudain de voir mon beau Zacka\u00ebl, mon c\u0153ur est insatisfait et veut davantage. Je d\u00e9cide ainsi de regarder d\u2019autres photos. C\u2019est g\u00e9n\u00e9ralement en regardant une ou deux photos que cette envie appara\u00eet, c\u2019est-\u00e0-dire l\u2019envie d\u2019en voir d\u2019autres. Je ne peux m\u2019en emp\u00eacher\u2026 je l\u2019aime trop, il est trop beau. Cette envie peut \u00e9galement se manifester sans m\u00eame regarder des photos. Il me manque tellement que je dois ouvrir l\u2019ordinateur ou le t\u00e9l\u00e9phone.<br><br>Au d\u00e9part, mon c\u0153ur est solide et c\u2019est l\u2019amour qui domine. Je veux le voir, il me manque, je l\u2019aime et regarder des photos me fait du bien. Tout cela, \u00e7a repr\u00e9sente la partie gauche de mon c\u0153ur. Je continue \u00e0 regarder ses photos. Peu \u00e0 peu, je deviens submerg\u00e9e et accro \u00e0 en regarder plus. Je veux entendre sa voix, voir ses mouvements, son sourire, je suis dans mon propre monde\u2026 un monde o\u00f9 Zacka\u00ebl est encore parmi nous.<br><br>Je suis rendue assez habitu\u00e9e que je connais le risque associ\u00e9 \u00e0 regarder plus de photos. Mais je suis incapable d\u2019arr\u00eater, mon c\u0153ur veut plus. Je continue ainsi \u00e0 en ouvrir d\u2019autres, parfois m\u00eame une vid\u00e9o. Attention maman Brigitte, c\u2019est risqu\u00e9. Mon c\u0153ur en est-il capable?<br><br>Les deux parties de mon c\u0153ur entrent maintenant en conflit, c\u2019est la bataille des \u00e9motions. Il faut peu de temps pour que la partie droite de mon c\u0153ur prenne soudainement le dessus. La tristesse appara\u00eet de pleine force, elle est plus forte et surpasse l\u2019amour. On se retrouve maintenant dans la partie droite de mon dessin.<br><br>Mon amour s\u2019est converti en tristesse. Dans mon dessin, on peut m\u00eame y voir une fl\u00e8che (subtile) au milieu qui d\u00e9note cette conversion. J\u2019irais m\u00eame \u00e0 dire que mon amour s\u2019est fait \u00e9cras\u00e9 par la tristesse. Encore une fois, ce foutu chagrin a fait son apparition et j\u2019\u00e9clate en sanglots. C\u2019est la victoire du chagrin, il a battu l\u2019amour. Je me sens d\u00e9fait. Mon c\u0153ur a mal. Il y avait d\u00e9j\u00e0 un gros trou dans mon c\u0153ur et plein de morceaux cass\u00e9s, mais l\u00e0, mon c\u0153ur saigne. Je dois arr\u00eater de regarder, je n\u2019en peux plus.<br><br>Voici un extrait de mon journal (dat\u00e9 de avril 2020) o\u00f9 vous pouvez lire comment je me sens quand \u00e7a arrive :<\/p>\n\n\n\n<div class=\"wp-block-columns is-layout-flex wp-container-core-columns-is-layout-1a9244c7 wp-block-columns-is-layout-flex\">\n<div class=\"wp-block-column is-layout-flow wp-block-column-is-layout-flow\">\n<figure class=\"wp-block-image size-large\"><img data-recalc-dims=\"1\" decoding=\"async\" width=\"3024\" height=\"4032\" data-attachment-id=\"780\" data-permalink=\"https:\/\/grievingmaman.com\/fr\/img_4875-1\/\" data-orig-file=\"https:\/\/i0.wp.com\/grievingmaman.com\/wp-content\/uploads\/2020\/12\/img_4875-1.jpg?fit=3024%2C4032&amp;ssl=1\" data-orig-size=\"3024,4032\" data-comments-opened=\"1\" data-image-meta=\"{&quot;aperture&quot;:&quot;1.8&quot;,&quot;credit&quot;:&quot;&quot;,&quot;camera&quot;:&quot;iPhone XR&quot;,&quot;caption&quot;:&quot;&quot;,&quot;created_timestamp&quot;:&quot;1607432844&quot;,&quot;copyright&quot;:&quot;&quot;,&quot;focal_length&quot;:&quot;4.25&quot;,&quot;iso&quot;:&quot;125&quot;,&quot;shutter_speed&quot;:&quot;0.016666666666667&quot;,&quot;title&quot;:&quot;&quot;,&quot;orientation&quot;:&quot;0&quot;,&quot;latitude&quot;:&quot;45.436333333333&quot;,&quot;longitude&quot;:&quot;-75.545708333333&quot;}\" data-image-title=\"img_4875-1\" data-image-description=\"\" data-image-caption=\"\" data-medium-file=\"https:\/\/i0.wp.com\/grievingmaman.com\/wp-content\/uploads\/2020\/12\/img_4875-1.jpg?fit=225%2C300&amp;ssl=1\" data-large-file=\"https:\/\/i0.wp.com\/grievingmaman.com\/wp-content\/uploads\/2020\/12\/img_4875-1.jpg?fit=768%2C1024&amp;ssl=1\" src=\"https:\/\/i0.wp.com\/grievingmaman.com\/wp-content\/uploads\/2020\/12\/img_4875-1.jpg?resize=3024%2C4032&#038;ssl=1\" alt=\"\" class=\"wp-image-780\"\/><figcaption>Grieving Mother Journal &#8211; by Brigitte L. (page 1 of 2)<\/figcaption><\/figure>\n<\/div>\n\n\n\n<div class=\"wp-block-column is-layout-flow wp-block-column-is-layout-flow\">\n<figure class=\"wp-block-image size-large\"><img data-recalc-dims=\"1\" decoding=\"async\" width=\"3024\" height=\"4032\" data-attachment-id=\"781\" data-permalink=\"https:\/\/grievingmaman.com\/fr\/img_4876-1\/\" data-orig-file=\"https:\/\/i0.wp.com\/grievingmaman.com\/wp-content\/uploads\/2020\/12\/img_4876-1.jpg?fit=3024%2C4032&amp;ssl=1\" data-orig-size=\"3024,4032\" data-comments-opened=\"1\" data-image-meta=\"{&quot;aperture&quot;:&quot;1.8&quot;,&quot;credit&quot;:&quot;&quot;,&quot;camera&quot;:&quot;iPhone XR&quot;,&quot;caption&quot;:&quot;&quot;,&quot;created_timestamp&quot;:&quot;1607432855&quot;,&quot;copyright&quot;:&quot;&quot;,&quot;focal_length&quot;:&quot;4.25&quot;,&quot;iso&quot;:&quot;125&quot;,&quot;shutter_speed&quot;:&quot;0.016666666666667&quot;,&quot;title&quot;:&quot;&quot;,&quot;orientation&quot;:&quot;0&quot;,&quot;latitude&quot;:&quot;45.436347222222&quot;,&quot;longitude&quot;:&quot;-75.5457&quot;}\" data-image-title=\"img_4876-1\" data-image-description=\"\" data-image-caption=\"\" data-medium-file=\"https:\/\/i0.wp.com\/grievingmaman.com\/wp-content\/uploads\/2020\/12\/img_4876-1.jpg?fit=225%2C300&amp;ssl=1\" data-large-file=\"https:\/\/i0.wp.com\/grievingmaman.com\/wp-content\/uploads\/2020\/12\/img_4876-1.jpg?fit=768%2C1024&amp;ssl=1\" src=\"https:\/\/i0.wp.com\/grievingmaman.com\/wp-content\/uploads\/2020\/12\/img_4876-1.jpg?resize=3024%2C4032&#038;ssl=1\" alt=\"\" class=\"wp-image-781\"\/><figcaption>Grieving Mother Journal &#8211; by Brigitte L. (page 1 of 2)<\/figcaption><\/figure>\n<\/div>\n<\/div>\n\n\n\n<p class=\"has-black-color has-text-color wp-block-paragraph\" style=\"font-size:17px\">\u00c7a fait un an que j\u2019endure ce conflit. Soit je m\u2019ennuie de Zacka\u00ebl et je veux donc le voir, ou soit je le \u00ab vois \u00bb et je pleure ma vie. C\u2019est tr\u00e8s paradoxale. Mon c\u0153ur n\u2019est jamais intact, il y a toujours un trou et de chaque c\u00f4t\u00e9, les deux \u00e9motions s\u2019entrechoquent. C\u2019est cela le c\u0153ur d\u2019un parent endeuill\u00e9\u2026 du moins mon c\u0153ur comme maman endeuill\u00e9e. J\u2019esp\u00e8re que ce c\u0153ur (mon c\u0153ur) se transformera. J\u2019esp\u00e8re que le noir de la partie droite commencera \u00e0 dispara\u00eetre. J\u2019esp\u00e8re que les fissures se r\u00e9parent. J\u2019esp\u00e8re qu\u2019il pourra \u00eatre uniforme et compl\u00e8tement lisse et reluisant. J\u2019esp\u00e8re qu\u2019il arr\u00eatera bient\u00f4t de saigner autant.<\/p>\n\n\n\n<p class=\"has-text-align-center has-text-color has-normal-font-size wp-block-paragraph\" style=\"color:#697072\">C\u2019est tout pour l\u2019instant. Merci d\u2019avoir lu cette publication.<br>Si vous avez v\u00e9cu le deuil d\u2019un \u00eatre proche, avez-vous eu de la difficult\u00e9 \u00e0 regarder beaucoup de photos?<\/p>\n\n\n\n<p class=\"has-text-align-center has-text-color has-normal-font-size wp-block-paragraph\" style=\"color:#697072\">S.v.p. partager vos r\u00e9flexions dans les commentaires au bas de la page.<br>Si vous avez appr\u00e9ci\u00e9 cette publication, vous pouvez vous abonner en inscrivant votre courriel et cliquer \u00abAbonnez\u00bb pour recevoir les prochaines!<\/p>","protected":false},"excerpt":{"rendered":"<p>Je dessine mon c\u0153ur bris\u00e9, le c\u0153ur d'une maman endeuill\u00e9e apr\u00e8s la perte d'un enfant. J'explique comment l'amour et le chagrin se heurtent, comment le chagrin l'emporte sur l'amour. Il est difficile de regarder des photos et des vid\u00e9os de mon fils.<\/p>","protected":false},"author":185178740,"featured_media":762,"comment_status":"open","ping_status":"open","sticky":false,"template":"","format":"standard","meta":{"_coblocks_attr":"","_coblocks_dimensions":"","_coblocks_responsive_height":"","_coblocks_accordion_ie_support":"","_crdt_document":"","jetpack_post_was_ever_published":false,"_jetpack_newsletter_access":"","_jetpack_dont_email_post_to_subs":false,"_jetpack_newsletter_tier_id":0,"_jetpack_memberships_contains_paywalled_content":false,"_jetpack_memberships_contains_paid_content":false,"footnotes":"","jetpack_publicize_message":"","jetpack_publicize_feature_enabled":true,"jetpack_social_post_already_shared":false,"jetpack_social_options":{"image_generator_settings":{"template":"highway","default_image_id":0,"font":"","enabled":false},"version":2},"_wpas_customize_per_network":false},"categories":[16950,96],"tags":[16312876,4040,708033910,3869,708033913],"class_list":["post-759","post","type-post","status-publish","format-standard","has-post-thumbnail","hentry","category-grief","category-journal","tag-bereaved-parent","tag-heart","tag-journal","tag-memories","tag-zackael"],"yoast_head":"<!-- This site is optimized with the Yoast SEO plugin v27.2 - https:\/\/yoast.com\/product\/yoast-seo-wordpress\/ -->\n<title>When Love and Sorrow Collide &#8211; Grieving maman<\/title>\n<meta name=\"description\" content=\"As a grieving mother, this is my broken heart after child loss. I lost my 5 year old boy in a car accident. Comme maman endeuill\u00e9e, voici mon coeur bris\u00e9 suite \u00e0 la perte de mon enfant. Mon gar\u00e7on de 5 ans est d\u00e9c\u00e9d\u00e9 dans un accident de la route.\" \/>\n<meta name=\"robots\" content=\"index, follow, max-snippet:-1, max-image-preview:large, max-video-preview:-1\" \/>\n<link rel=\"canonical\" href=\"https:\/\/grievingmaman.com\/fr\/2020\/12\/09\/when-love-and-sorrow-collide-quand-le-chagrin-lemporte\/\" \/>\n<meta property=\"og:locale\" content=\"fr_CA\" \/>\n<meta property=\"og:type\" content=\"article\" \/>\n<meta property=\"og:title\" content=\"When Love and Sorrow Collide &#8211; Grieving maman\" \/>\n<meta property=\"og:description\" content=\"As a grieving mother, this is my broken heart after child loss. I lost my 5 year old boy in a car accident. Comme maman endeuill\u00e9e, voici mon coeur bris\u00e9 suite \u00e0 la perte de mon enfant. Mon gar\u00e7on de 5 ans est d\u00e9c\u00e9d\u00e9 dans un accident de la route.\" \/>\n<meta property=\"og:url\" content=\"https:\/\/grievingmaman.com\/fr\/2020\/12\/09\/when-love-and-sorrow-collide-quand-le-chagrin-lemporte\/\" \/>\n<meta property=\"og:site_name\" content=\"Grieving maman\" \/>\n<meta property=\"article:published_time\" content=\"2020-12-10T02:21:24+00:00\" \/>\n<meta property=\"article:modified_time\" content=\"2021-02-07T19:37:27+00:00\" \/>\n<meta property=\"og:image\" content=\"https:\/\/i0.wp.com\/grievingmaman.com\/wp-content\/uploads\/2020\/12\/be958438-12a4-4f32-9658-3a4b3dad430b.jpeg?fit=1007%2C1024&ssl=1\" \/>\n\t<meta property=\"og:image:width\" content=\"1007\" \/>\n\t<meta property=\"og:image:height\" content=\"1024\" \/>\n\t<meta property=\"og:image:type\" content=\"image\/jpeg\" \/>\n<meta name=\"author\" content=\"Brigitte Lehoux\" \/>\n<meta name=\"twitter:card\" content=\"summary_large_image\" \/>\n<meta name=\"twitter:label1\" content=\"\u00c9crit par\" \/>\n\t<meta name=\"twitter:data1\" content=\"Brigitte Lehoux\" \/>\n\t<meta name=\"twitter:label2\" content=\"Estimation du temps de lecture\" \/>\n\t<meta name=\"twitter:data2\" content=\"5 minutes\" \/>\n<script type=\"application\/ld+json\" class=\"yoast-schema-graph\">{\"@context\":\"https:\/\/schema.org\",\"@graph\":[{\"@type\":\"Article\",\"@id\":\"https:\/\/grievingmaman.com\/fr\/2020\/12\/09\/when-love-and-sorrow-collide-quand-le-chagrin-lemporte\/#article\",\"isPartOf\":{\"@id\":\"https:\/\/grievingmaman.com\/fr\/2020\/12\/09\/when-love-and-sorrow-collide-quand-le-chagrin-lemporte\/\"},\"author\":{\"name\":\"Brigitte Lehoux\",\"@id\":\"https:\/\/grievingmaman.com\/fr\/#\/schema\/person\/1f19b09d0ab9ac20bb9dc17c1802d8be\"},\"headline\":\"When Love and Sorrow Collide\",\"datePublished\":\"2020-12-10T02:21:24+00:00\",\"dateModified\":\"2021-02-07T19:37:27+00:00\",\"mainEntityOfPage\":{\"@id\":\"https:\/\/grievingmaman.com\/fr\/2020\/12\/09\/when-love-and-sorrow-collide-quand-le-chagrin-lemporte\/\"},\"wordCount\":994,\"commentCount\":19,\"publisher\":{\"@id\":\"https:\/\/grievingmaman.com\/fr\/#\/schema\/person\/1f19b09d0ab9ac20bb9dc17c1802d8be\"},\"image\":{\"@id\":\"https:\/\/grievingmaman.com\/fr\/2020\/12\/09\/when-love-and-sorrow-collide-quand-le-chagrin-lemporte\/#primaryimage\"},\"thumbnailUrl\":\"https:\/\/i0.wp.com\/grievingmaman.com\/wp-content\/uploads\/2020\/12\/be958438-12a4-4f32-9658-3a4b3dad430b.jpeg?fit=2775%2C2822&ssl=1\",\"keywords\":[\"Bereaved Parent\",\"Heart\",\"Journal\",\"Memories\",\"Zacka\u00ebl\"],\"articleSection\":[\"Grief\",\"Journal\"],\"inLanguage\":\"fr-CA\",\"potentialAction\":[{\"@type\":\"CommentAction\",\"name\":\"Comment\",\"target\":[\"https:\/\/grievingmaman.com\/fr\/2020\/12\/09\/when-love-and-sorrow-collide-quand-le-chagrin-lemporte\/#respond\"]}]},{\"@type\":\"WebPage\",\"@id\":\"https:\/\/grievingmaman.com\/fr\/2020\/12\/09\/when-love-and-sorrow-collide-quand-le-chagrin-lemporte\/\",\"url\":\"https:\/\/grievingmaman.com\/fr\/2020\/12\/09\/when-love-and-sorrow-collide-quand-le-chagrin-lemporte\/\",\"name\":\"When Love and Sorrow Collide &#8211; Grieving maman\",\"isPartOf\":{\"@id\":\"https:\/\/grievingmaman.com\/fr\/#website\"},\"primaryImageOfPage\":{\"@id\":\"https:\/\/grievingmaman.com\/fr\/2020\/12\/09\/when-love-and-sorrow-collide-quand-le-chagrin-lemporte\/#primaryimage\"},\"image\":{\"@id\":\"https:\/\/grievingmaman.com\/fr\/2020\/12\/09\/when-love-and-sorrow-collide-quand-le-chagrin-lemporte\/#primaryimage\"},\"thumbnailUrl\":\"https:\/\/i0.wp.com\/grievingmaman.com\/wp-content\/uploads\/2020\/12\/be958438-12a4-4f32-9658-3a4b3dad430b.jpeg?fit=2775%2C2822&ssl=1\",\"datePublished\":\"2020-12-10T02:21:24+00:00\",\"dateModified\":\"2021-02-07T19:37:27+00:00\",\"description\":\"As a grieving mother, this is my broken heart after child loss. I lost my 5 year old boy in a car accident. Comme maman endeuill\u00e9e, voici mon coeur bris\u00e9 suite \u00e0 la perte de mon enfant. Mon gar\u00e7on de 5 ans est d\u00e9c\u00e9d\u00e9 dans un accident de la route.\",\"breadcrumb\":{\"@id\":\"https:\/\/grievingmaman.com\/fr\/2020\/12\/09\/when-love-and-sorrow-collide-quand-le-chagrin-lemporte\/#breadcrumb\"},\"inLanguage\":\"fr-CA\",\"potentialAction\":[{\"@type\":\"ReadAction\",\"target\":[\"https:\/\/grievingmaman.com\/fr\/2020\/12\/09\/when-love-and-sorrow-collide-quand-le-chagrin-lemporte\/\"]}]},{\"@type\":\"ImageObject\",\"inLanguage\":\"fr-CA\",\"@id\":\"https:\/\/grievingmaman.com\/fr\/2020\/12\/09\/when-love-and-sorrow-collide-quand-le-chagrin-lemporte\/#primaryimage\",\"url\":\"https:\/\/i0.wp.com\/grievingmaman.com\/wp-content\/uploads\/2020\/12\/be958438-12a4-4f32-9658-3a4b3dad430b.jpeg?fit=2775%2C2822&ssl=1\",\"contentUrl\":\"https:\/\/i0.wp.com\/grievingmaman.com\/wp-content\/uploads\/2020\/12\/be958438-12a4-4f32-9658-3a4b3dad430b.jpeg?fit=2775%2C2822&ssl=1\",\"width\":2775,\"height\":2822,\"caption\":\"Grieving heart Broken Heart Bereaved Mother Parent Grieving Mother\"},{\"@type\":\"BreadcrumbList\",\"@id\":\"https:\/\/grievingmaman.com\/fr\/2020\/12\/09\/when-love-and-sorrow-collide-quand-le-chagrin-lemporte\/#breadcrumb\",\"itemListElement\":[{\"@type\":\"ListItem\",\"position\":1,\"name\":\"Home\",\"item\":\"https:\/\/grievingmaman.com\/\"},{\"@type\":\"ListItem\",\"position\":2,\"name\":\"When Love and Sorrow Collide\"}]},{\"@type\":\"WebSite\",\"@id\":\"https:\/\/grievingmaman.com\/fr\/#website\",\"url\":\"https:\/\/grievingmaman.com\/fr\/\",\"name\":\"Grieving maman\",\"description\":\"Surviving the loss of my son\",\"publisher\":{\"@id\":\"https:\/\/grievingmaman.com\/fr\/#\/schema\/person\/1f19b09d0ab9ac20bb9dc17c1802d8be\"},\"potentialAction\":[{\"@type\":\"SearchAction\",\"target\":{\"@type\":\"EntryPoint\",\"urlTemplate\":\"https:\/\/grievingmaman.com\/fr\/?s={search_term_string}\"},\"query-input\":{\"@type\":\"PropertyValueSpecification\",\"valueRequired\":true,\"valueName\":\"search_term_string\"}}],\"inLanguage\":\"fr-CA\"},{\"@type\":[\"Person\",\"Organization\"],\"@id\":\"https:\/\/grievingmaman.com\/fr\/#\/schema\/person\/1f19b09d0ab9ac20bb9dc17c1802d8be\",\"name\":\"Brigitte Lehoux\",\"image\":{\"@type\":\"ImageObject\",\"inLanguage\":\"fr-CA\",\"@id\":\"https:\/\/i0.wp.com\/grievingmaman.com\/wp-content\/uploads\/Grieving-Maman-logo-Final-Grieving-Parent-Grieving-Mother-Website-Blog.png?fit=1900%2C500&ssl=1\",\"url\":\"https:\/\/i0.wp.com\/grievingmaman.com\/wp-content\/uploads\/Grieving-Maman-logo-Final-Grieving-Parent-Grieving-Mother-Website-Blog.png?fit=1900%2C500&ssl=1\",\"contentUrl\":\"https:\/\/i0.wp.com\/grievingmaman.com\/wp-content\/uploads\/Grieving-Maman-logo-Final-Grieving-Parent-Grieving-Mother-Website-Blog.png?fit=1900%2C500&ssl=1\",\"width\":1900,\"height\":500,\"caption\":\"Brigitte Lehoux\"},\"logo\":{\"@id\":\"https:\/\/i0.wp.com\/grievingmaman.com\/wp-content\/uploads\/Grieving-Maman-logo-Final-Grieving-Parent-Grieving-Mother-Website-Blog.png?fit=1900%2C500&ssl=1\"},\"sameAs\":[\"http:\/\/grievingmaman.wordpress.com\"]}]}<\/script>\n<!-- \/ Yoast SEO plugin. -->","yoast_head_json":{"title":"When Love and Sorrow Collide &#8211; Grieving maman","description":"As a grieving mother, this is my broken heart after child loss. I lost my 5 year old boy in a car accident. Comme maman endeuill\u00e9e, voici mon coeur bris\u00e9 suite \u00e0 la perte de mon enfant. Mon gar\u00e7on de 5 ans est d\u00e9c\u00e9d\u00e9 dans un accident de la route.","robots":{"index":"index","follow":"follow","max-snippet":"max-snippet:-1","max-image-preview":"max-image-preview:large","max-video-preview":"max-video-preview:-1"},"canonical":"https:\/\/grievingmaman.com\/fr\/2020\/12\/09\/when-love-and-sorrow-collide-quand-le-chagrin-lemporte\/","og_locale":"fr_CA","og_type":"article","og_title":"When Love and Sorrow Collide &#8211; Grieving maman","og_description":"As a grieving mother, this is my broken heart after child loss. I lost my 5 year old boy in a car accident. Comme maman endeuill\u00e9e, voici mon coeur bris\u00e9 suite \u00e0 la perte de mon enfant. Mon gar\u00e7on de 5 ans est d\u00e9c\u00e9d\u00e9 dans un accident de la route.","og_url":"https:\/\/grievingmaman.com\/fr\/2020\/12\/09\/when-love-and-sorrow-collide-quand-le-chagrin-lemporte\/","og_site_name":"Grieving maman","article_published_time":"2020-12-10T02:21:24+00:00","article_modified_time":"2021-02-07T19:37:27+00:00","og_image":[{"url":"https:\/\/i0.wp.com\/grievingmaman.com\/wp-content\/uploads\/2020\/12\/be958438-12a4-4f32-9658-3a4b3dad430b.jpeg?fit=1007%2C1024&ssl=1","width":1007,"height":1024,"type":"image\/jpeg"}],"author":"Brigitte Lehoux","twitter_card":"summary_large_image","twitter_misc":{"\u00c9crit par":"Brigitte Lehoux","Estimation du temps de lecture":"5 minutes"},"schema":{"@context":"https:\/\/schema.org","@graph":[{"@type":"Article","@id":"https:\/\/grievingmaman.com\/fr\/2020\/12\/09\/when-love-and-sorrow-collide-quand-le-chagrin-lemporte\/#article","isPartOf":{"@id":"https:\/\/grievingmaman.com\/fr\/2020\/12\/09\/when-love-and-sorrow-collide-quand-le-chagrin-lemporte\/"},"author":{"name":"Brigitte Lehoux","@id":"https:\/\/grievingmaman.com\/fr\/#\/schema\/person\/1f19b09d0ab9ac20bb9dc17c1802d8be"},"headline":"When Love and Sorrow Collide","datePublished":"2020-12-10T02:21:24+00:00","dateModified":"2021-02-07T19:37:27+00:00","mainEntityOfPage":{"@id":"https:\/\/grievingmaman.com\/fr\/2020\/12\/09\/when-love-and-sorrow-collide-quand-le-chagrin-lemporte\/"},"wordCount":994,"commentCount":19,"publisher":{"@id":"https:\/\/grievingmaman.com\/fr\/#\/schema\/person\/1f19b09d0ab9ac20bb9dc17c1802d8be"},"image":{"@id":"https:\/\/grievingmaman.com\/fr\/2020\/12\/09\/when-love-and-sorrow-collide-quand-le-chagrin-lemporte\/#primaryimage"},"thumbnailUrl":"https:\/\/i0.wp.com\/grievingmaman.com\/wp-content\/uploads\/2020\/12\/be958438-12a4-4f32-9658-3a4b3dad430b.jpeg?fit=2775%2C2822&ssl=1","keywords":["Bereaved Parent","Heart","Journal","Memories","Zacka\u00ebl"],"articleSection":["Grief","Journal"],"inLanguage":"fr-CA","potentialAction":[{"@type":"CommentAction","name":"Comment","target":["https:\/\/grievingmaman.com\/fr\/2020\/12\/09\/when-love-and-sorrow-collide-quand-le-chagrin-lemporte\/#respond"]}]},{"@type":"WebPage","@id":"https:\/\/grievingmaman.com\/fr\/2020\/12\/09\/when-love-and-sorrow-collide-quand-le-chagrin-lemporte\/","url":"https:\/\/grievingmaman.com\/fr\/2020\/12\/09\/when-love-and-sorrow-collide-quand-le-chagrin-lemporte\/","name":"When Love and Sorrow Collide &#8211; Grieving maman","isPartOf":{"@id":"https:\/\/grievingmaman.com\/fr\/#website"},"primaryImageOfPage":{"@id":"https:\/\/grievingmaman.com\/fr\/2020\/12\/09\/when-love-and-sorrow-collide-quand-le-chagrin-lemporte\/#primaryimage"},"image":{"@id":"https:\/\/grievingmaman.com\/fr\/2020\/12\/09\/when-love-and-sorrow-collide-quand-le-chagrin-lemporte\/#primaryimage"},"thumbnailUrl":"https:\/\/i0.wp.com\/grievingmaman.com\/wp-content\/uploads\/2020\/12\/be958438-12a4-4f32-9658-3a4b3dad430b.jpeg?fit=2775%2C2822&ssl=1","datePublished":"2020-12-10T02:21:24+00:00","dateModified":"2021-02-07T19:37:27+00:00","description":"As a grieving mother, this is my broken heart after child loss. I lost my 5 year old boy in a car accident. Comme maman endeuill\u00e9e, voici mon coeur bris\u00e9 suite \u00e0 la perte de mon enfant. Mon gar\u00e7on de 5 ans est d\u00e9c\u00e9d\u00e9 dans un accident de la route.","breadcrumb":{"@id":"https:\/\/grievingmaman.com\/fr\/2020\/12\/09\/when-love-and-sorrow-collide-quand-le-chagrin-lemporte\/#breadcrumb"},"inLanguage":"fr-CA","potentialAction":[{"@type":"ReadAction","target":["https:\/\/grievingmaman.com\/fr\/2020\/12\/09\/when-love-and-sorrow-collide-quand-le-chagrin-lemporte\/"]}]},{"@type":"ImageObject","inLanguage":"fr-CA","@id":"https:\/\/grievingmaman.com\/fr\/2020\/12\/09\/when-love-and-sorrow-collide-quand-le-chagrin-lemporte\/#primaryimage","url":"https:\/\/i0.wp.com\/grievingmaman.com\/wp-content\/uploads\/2020\/12\/be958438-12a4-4f32-9658-3a4b3dad430b.jpeg?fit=2775%2C2822&ssl=1","contentUrl":"https:\/\/i0.wp.com\/grievingmaman.com\/wp-content\/uploads\/2020\/12\/be958438-12a4-4f32-9658-3a4b3dad430b.jpeg?fit=2775%2C2822&ssl=1","width":2775,"height":2822,"caption":"Grieving heart Broken Heart Bereaved Mother Parent Grieving Mother"},{"@type":"BreadcrumbList","@id":"https:\/\/grievingmaman.com\/fr\/2020\/12\/09\/when-love-and-sorrow-collide-quand-le-chagrin-lemporte\/#breadcrumb","itemListElement":[{"@type":"ListItem","position":1,"name":"Home","item":"https:\/\/grievingmaman.com\/"},{"@type":"ListItem","position":2,"name":"When Love and Sorrow Collide"}]},{"@type":"WebSite","@id":"https:\/\/grievingmaman.com\/fr\/#website","url":"https:\/\/grievingmaman.com\/fr\/","name":"Grieving maman","description":"Survivre \u00e0 la perte de mon gar\u00e7on","publisher":{"@id":"https:\/\/grievingmaman.com\/fr\/#\/schema\/person\/1f19b09d0ab9ac20bb9dc17c1802d8be"},"potentialAction":[{"@type":"SearchAction","target":{"@type":"EntryPoint","urlTemplate":"https:\/\/grievingmaman.com\/fr\/?s={search_term_string}"},"query-input":{"@type":"PropertyValueSpecification","valueRequired":true,"valueName":"search_term_string"}}],"inLanguage":"fr-CA"},{"@type":["Person","Organization"],"@id":"https:\/\/grievingmaman.com\/fr\/#\/schema\/person\/1f19b09d0ab9ac20bb9dc17c1802d8be","name":"Brigitte Lehoux","image":{"@type":"ImageObject","inLanguage":"fr-CA","@id":"https:\/\/i0.wp.com\/grievingmaman.com\/wp-content\/uploads\/Grieving-Maman-logo-Final-Grieving-Parent-Grieving-Mother-Website-Blog.png?fit=1900%2C500&ssl=1","url":"https:\/\/i0.wp.com\/grievingmaman.com\/wp-content\/uploads\/Grieving-Maman-logo-Final-Grieving-Parent-Grieving-Mother-Website-Blog.png?fit=1900%2C500&ssl=1","contentUrl":"https:\/\/i0.wp.com\/grievingmaman.com\/wp-content\/uploads\/Grieving-Maman-logo-Final-Grieving-Parent-Grieving-Mother-Website-Blog.png?fit=1900%2C500&ssl=1","width":1900,"height":500,"caption":"Brigitte Lehoux"},"logo":{"@id":"https:\/\/i0.wp.com\/grievingmaman.com\/wp-content\/uploads\/Grieving-Maman-logo-Final-Grieving-Parent-Grieving-Mother-Website-Blog.png?fit=1900%2C500&ssl=1"},"sameAs":["http:\/\/grievingmaman.wordpress.com"]}]}},"jetpack_publicize_connections":[],"jetpack_featured_media_url":"https:\/\/i0.wp.com\/grievingmaman.com\/wp-content\/uploads\/2020\/12\/be958438-12a4-4f32-9658-3a4b3dad430b.jpeg?fit=2775%2C2822&ssl=1","jetpack_likes_enabled":true,"jetpack_sharing_enabled":true,"jetpack_shortlink":"https:\/\/wp.me\/pbXpxA-cf","jetpack-related-posts":[{"id":2122,"url":"https:\/\/grievingmaman.com\/fr\/2021\/03\/09\/23-myths-about-grief-education-deuil-mythes\/","url_meta":{"origin":759,"position":0},"title":"23 Mythes sur le deuil","author":"Brigitte Lehoux","date":"9 Mar 2021","format":false,"excerpt":"Je parle d'une certaine ignorance entourant le deuil et je fournis un exemple concret. Je partage les 23 plus grands mythes sur le deuil et je vous demande ce que vous pensez des mythes (via un petit sondage!).","rel":"","context":"In &quot;Grief&quot;","block_context":{"text":"Grief","link":"https:\/\/grievingmaman.com\/fr\/category\/grief\/"},"img":{"alt_text":"grief-myths-mythes-deuil","src":"https:\/\/i0.wp.com\/grievingmaman.com\/wp-content\/uploads\/2021\/03\/grief-myths.jpg?fit=853%2C691&ssl=1&resize=350%2C200","width":350,"height":200,"srcset":"https:\/\/i0.wp.com\/grievingmaman.com\/wp-content\/uploads\/2021\/03\/grief-myths.jpg?fit=853%2C691&ssl=1&resize=350%2C200 1x, https:\/\/i0.wp.com\/grievingmaman.com\/wp-content\/uploads\/2021\/03\/grief-myths.jpg?fit=853%2C691&ssl=1&resize=525%2C300 1.5x, https:\/\/i0.wp.com\/grievingmaman.com\/wp-content\/uploads\/2021\/03\/grief-myths.jpg?fit=853%2C691&ssl=1&resize=700%2C400 2x"},"classes":[]},{"id":944,"url":"https:\/\/grievingmaman.com\/fr\/2020\/12\/30\/au-revoir-2020-goodbye-2020\/","url_meta":{"origin":759,"position":1},"title":"Au revoir 2020","author":"Brigitte Lehoux","date":"30 D\u00e9c 2020","format":false,"excerpt":"2020 repr\u00e9sente la premi\u00e8re ann\u00e9e sans notre enfant. Nous n'avons aucun souvenir avec Zacka\u00ebl en 2020. Je partage comment mon faisait mal \u00e0 No\u00ebl et les petites choses que j'ai faites pour faire face \u00e0 mon chagrin et honorer mon fils.","rel":"","context":"In &quot;Grief&quot;","block_context":{"text":"Grief","link":"https:\/\/grievingmaman.com\/fr\/category\/grief\/"},"img":{"alt_text":"","src":"https:\/\/i0.wp.com\/grievingmaman.com\/wp-content\/uploads\/2020\/12\/IMG_6928-edited-use-only-for-blog-smaller-size.jpg?fit=1200%2C1153&ssl=1&resize=350%2C200","width":350,"height":200,"srcset":"https:\/\/i0.wp.com\/grievingmaman.com\/wp-content\/uploads\/2020\/12\/IMG_6928-edited-use-only-for-blog-smaller-size.jpg?fit=1200%2C1153&ssl=1&resize=350%2C200 1x, https:\/\/i0.wp.com\/grievingmaman.com\/wp-content\/uploads\/2020\/12\/IMG_6928-edited-use-only-for-blog-smaller-size.jpg?fit=1200%2C1153&ssl=1&resize=525%2C300 1.5x, https:\/\/i0.wp.com\/grievingmaman.com\/wp-content\/uploads\/2020\/12\/IMG_6928-edited-use-only-for-blog-smaller-size.jpg?fit=1200%2C1153&ssl=1&resize=700%2C400 2x, https:\/\/i0.wp.com\/grievingmaman.com\/wp-content\/uploads\/2020\/12\/IMG_6928-edited-use-only-for-blog-smaller-size.jpg?fit=1200%2C1153&ssl=1&resize=1050%2C600 3x"},"classes":[]},{"id":814,"url":"https:\/\/grievingmaman.com\/fr\/2020\/12\/17\/gone-but-never-forgotten-jamais-oublies\/","url_meta":{"origin":759,"position":2},"title":"Jamais oubli\u00e9s","author":"Brigitte Lehoux","date":"17 D\u00e9c 2020","format":false,"excerpt":"Il est important de continuer \u00e0 parler de nos enfants d\u00e9c\u00e9d\u00e9s. Les proches pensent \u00e0 tort qu'il vaut mieux \u00e9viter de mentionner l'enfant d\u00e9c\u00e9d\u00e9 en pr\u00e9sence du parent endeuill\u00e9. La pire chose \u00e0 faire est d'ignorer leur existence et d'ignorer leur chagrin et leur perte.","rel":"","context":"In &quot;Grief&quot;","block_context":{"text":"Grief","link":"https:\/\/grievingmaman.com\/fr\/category\/grief\/"},"img":{"alt_text":"Zacka\u00ebl Flintoff - \u00c9cole le Pr\u00e9lude 2019 Orl\u00e9ans (Photomania) - environ 1 mois avant son d\u00e9c\u00e8s - Zacka\u00ebl sourit un peu trop","src":"https:\/\/i0.wp.com\/grievingmaman.com\/wp-content\/uploads\/2020\/12\/Zackael-Flintoff-Ecole-le-Prelude.jpg?fit=1200%2C800&ssl=1&resize=350%2C200","width":350,"height":200,"srcset":"https:\/\/i0.wp.com\/grievingmaman.com\/wp-content\/uploads\/2020\/12\/Zackael-Flintoff-Ecole-le-Prelude.jpg?fit=1200%2C800&ssl=1&resize=350%2C200 1x, https:\/\/i0.wp.com\/grievingmaman.com\/wp-content\/uploads\/2020\/12\/Zackael-Flintoff-Ecole-le-Prelude.jpg?fit=1200%2C800&ssl=1&resize=525%2C300 1.5x, https:\/\/i0.wp.com\/grievingmaman.com\/wp-content\/uploads\/2020\/12\/Zackael-Flintoff-Ecole-le-Prelude.jpg?fit=1200%2C800&ssl=1&resize=700%2C400 2x, https:\/\/i0.wp.com\/grievingmaman.com\/wp-content\/uploads\/2020\/12\/Zackael-Flintoff-Ecole-le-Prelude.jpg?fit=1200%2C800&ssl=1&resize=1050%2C600 3x"},"classes":[]},{"id":2815,"url":"https:\/\/grievingmaman.com\/fr\/2021\/07\/29\/stages\/","url_meta":{"origin":759,"position":3},"title":"\u00c9tapes du deuil ; ne pas savoir que vous \u00eates en deuil","author":"Brigitte Lehoux","date":"29 Juil 2021","format":false,"excerpt":"Une introduction au populaire mod\u00e8le de deuil en 5 \u00e9tapes, avec des exemples et des sc\u00e9narios concrets. Je parle aussi de 30 autres types d'\u00e9v\u00e9nements qui peuvent causer un deuil.","rel":"","context":"In &quot;Grief&quot;","block_context":{"text":"Grief","link":"https:\/\/grievingmaman.com\/fr\/category\/grief\/"},"img":{"alt_text":"5 Stages of Grief with examples - the K\u00fcbler-Ross model","src":"https:\/\/i0.wp.com\/grievingmaman.com\/wp-content\/uploads\/Stages-of-Grief-with-images.png?fit=600%2C1200&ssl=1&resize=350%2C200","width":350,"height":200,"srcset":"https:\/\/i0.wp.com\/grievingmaman.com\/wp-content\/uploads\/Stages-of-Grief-with-images.png?fit=600%2C1200&ssl=1&resize=350%2C200 1x, https:\/\/i0.wp.com\/grievingmaman.com\/wp-content\/uploads\/Stages-of-Grief-with-images.png?fit=600%2C1200&ssl=1&resize=525%2C300 1.5x"},"classes":[]},{"id":1055,"url":"https:\/\/grievingmaman.com\/fr\/2021\/01\/08\/my-complicated-grief-mon-deuil-complexe\/","url_meta":{"origin":759,"position":4},"title":"Mon deuil complexe","author":"Brigitte Lehoux","date":"8 Jan 2021","format":false,"excerpt":"Dans cet article, je partage mon parcours de mon chagrin compliqu\u00e9 et comment il s'est pass\u00e9 les quelques mois qui ont suivi l'accident. J'explique ce qu'est un deuil compliqu\u00e9 (d\u00e9finition) et comment c'est d'\u00eatre une maman endeuill\u00e9e (mamange).","rel":"","context":"In &quot;Depression&quot;","block_context":{"text":"Depression","link":"https:\/\/grievingmaman.com\/fr\/category\/depression\/"},"img":{"alt_text":"Me as a grieving mother with my head down with complicated grief - Moi comme maman endeuill\u00e9e t\u00eate pench\u00e9e dans mes bras","src":"https:\/\/i0.wp.com\/grievingmaman.com\/wp-content\/uploads\/2021\/01\/IMG_5002.jpg?fit=1200%2C852&ssl=1&resize=350%2C200","width":350,"height":200,"srcset":"https:\/\/i0.wp.com\/grievingmaman.com\/wp-content\/uploads\/2021\/01\/IMG_5002.jpg?fit=1200%2C852&ssl=1&resize=350%2C200 1x, https:\/\/i0.wp.com\/grievingmaman.com\/wp-content\/uploads\/2021\/01\/IMG_5002.jpg?fit=1200%2C852&ssl=1&resize=525%2C300 1.5x, https:\/\/i0.wp.com\/grievingmaman.com\/wp-content\/uploads\/2021\/01\/IMG_5002.jpg?fit=1200%2C852&ssl=1&resize=700%2C400 2x, https:\/\/i0.wp.com\/grievingmaman.com\/wp-content\/uploads\/2021\/01\/IMG_5002.jpg?fit=1200%2C852&ssl=1&resize=1050%2C600 3x"},"classes":[]},{"id":7186,"url":"https:\/\/grievingmaman.com\/fr\/2023\/01\/18\/lisa-marie-presley-est-elle-morte-coeur-brise\/","url_meta":{"origin":759,"position":5},"title":"Lisa Marie Presley est-elle morte d'un c\u0153ur bris\u00e9 ?","author":"Brigitte Lehoux","date":"18 Jan 2023","format":false,"excerpt":"Je discute les raisons pourquoi la mort de Lisa Marie Presley pourrait \u00eatre li\u00e9e au syndrome du c\u0153ur bris\u00e9. J'inclus \u00e9galement des faits tir\u00e9s d'\u00e9tudes sur la fa\u00e7on dont la mort d'un enfant a un impact physique sur le c\u0153ur.","rel":"","context":"In &quot;Grief&quot;","block_context":{"text":"Grief","link":"https:\/\/grievingmaman.com\/fr\/category\/grief\/"},"img":{"alt_text":"Lisa Marie Presley and her son Benjamin - Broken Heart Syndrome","src":"https:\/\/i0.wp.com\/grievingmaman.com\/wp-content\/uploads\/lisa-marie-presley-and-her-son-Benjamin.webp?fit=800%2C600&ssl=1&resize=350%2C200","width":350,"height":200,"srcset":"https:\/\/i0.wp.com\/grievingmaman.com\/wp-content\/uploads\/lisa-marie-presley-and-her-son-Benjamin.webp?fit=800%2C600&ssl=1&resize=350%2C200 1x, https:\/\/i0.wp.com\/grievingmaman.com\/wp-content\/uploads\/lisa-marie-presley-and-her-son-Benjamin.webp?fit=800%2C600&ssl=1&resize=525%2C300 1.5x, https:\/\/i0.wp.com\/grievingmaman.com\/wp-content\/uploads\/lisa-marie-presley-and-her-son-Benjamin.webp?fit=800%2C600&ssl=1&resize=700%2C400 2x"},"classes":[]}],"amp_enabled":true,"_links":{"self":[{"href":"https:\/\/grievingmaman.com\/fr\/wp-json\/wp\/v2\/posts\/759","targetHints":{"allow":["GET"]}}],"collection":[{"href":"https:\/\/grievingmaman.com\/fr\/wp-json\/wp\/v2\/posts"}],"about":[{"href":"https:\/\/grievingmaman.com\/fr\/wp-json\/wp\/v2\/types\/post"}],"author":[{"embeddable":true,"href":"https:\/\/grievingmaman.com\/fr\/wp-json\/wp\/v2\/users\/185178740"}],"replies":[{"embeddable":true,"href":"https:\/\/grievingmaman.com\/fr\/wp-json\/wp\/v2\/comments?post=759"}],"version-history":[{"count":7,"href":"https:\/\/grievingmaman.com\/fr\/wp-json\/wp\/v2\/posts\/759\/revisions"}],"predecessor-version":[{"id":1603,"href":"https:\/\/grievingmaman.com\/fr\/wp-json\/wp\/v2\/posts\/759\/revisions\/1603"}],"wp:featuredmedia":[{"embeddable":true,"href":"https:\/\/grievingmaman.com\/fr\/wp-json\/wp\/v2\/media\/762"}],"wp:attachment":[{"href":"https:\/\/grievingmaman.com\/fr\/wp-json\/wp\/v2\/media?parent=759"}],"wp:term":[{"taxonomy":"category","embeddable":true,"href":"https:\/\/grievingmaman.com\/fr\/wp-json\/wp\/v2\/categories?post=759"},{"taxonomy":"post_tag","embeddable":true,"href":"https:\/\/grievingmaman.com\/fr\/wp-json\/wp\/v2\/tags?post=759"}],"curies":[{"name":"wp","href":"https:\/\/api.w.org\/{rel}","templated":true}]}}